{"id":42810,"date":"2025-11-07T17:44:07","date_gmt":"2025-11-07T17:44:07","guid":{"rendered":"https:\/\/www.europesays.com\/lv\/42810\/"},"modified":"2025-11-07T17:44:07","modified_gmt":"2025-11-07T17:44:07","slug":"ar-agri-danilevicu-sezam-meginajumos-un-raudam-intars-resetins-petersons-par-deju-skolas-dzirnas-40-jubilejas-izradi","status":"publish","type":"post","link":"https:\/\/www.europesays.com\/lv\/42810\/","title":{"rendered":"\u00abAr Agri Da\u0146i\u013cevi\u010du s\u0113\u017eam m\u0113\u0123in\u0101jumos un raudam.\u00bb Intars Re\u0161etins-P\u0113tersons par deju skolas \u00abDzirnas\u00bb 40. jubilejas izr\u0101di"},"content":{"rendered":"<p>Deju skolas &#8220;Dzirnas&#8221; 40. jubilejas izr\u0101de: Intars Re\u0161etins-P\u0113tersons par emocion\u0101lo ce\u013cojumu uz skatuves<\/p>\n<p>2025. gada 11. novembr\u012b, L\u0101\u010dpl\u0113\u0161a dien\u0101, \u201cXiaomi Ar\u0113n\u0101\u201d R\u012bg\u0101 notiks grandiozs notikums \u2013 Agra Da\u0146i\u013cevi\u010da vad\u012bt\u0101s deju skolas \u201cDzirnas\u201d 40. jubilejai velt\u012bts deju lieluzvedums \u201cIndulis un \u0100rija\u201d. \u0160is iestud\u0113jums, ko veidojis paz\u012bstamais re\u017eisors Intars Re\u0161etins-P\u0113tersons, ir ne tikai atskats uz skolas noz\u012bm\u012bgo v\u0113sturi, bet ar\u012b dzi\u013c\u0161 p\u0101rdomu br\u012bdis par Latvijas tautas identit\u0101ti, v\u0113rt\u012bb\u0101m un n\u0101kotni.<\/p>\n<p>Iestud\u0113juma dzi\u013c\u0101k\u0101 j\u0113ga un v\u0113st\u012bjums<\/p>\n<p>Re\u017eisors Intars Re\u0161etins-P\u0113tersons, kur\u0161 ir ar\u012b zemessargs, uzsver, ka pa\u0161reiz\u0113j\u0101 \u0123eopolitisk\u0101 situ\u0101cij\u0101, kad pasaul\u0113 valda kar\u0161, ir \u012bpa\u0161i svar\u012bgi run\u0101t par t\u0113m\u0101m, kas patie\u0161\u0101m aizrauj un kur\u0101s pats dzi\u013ci tic. Vi\u0146\u0161 uzskata, ka izr\u0101de \u201cIndulis un \u0100rija\u201d ir ne tikai \u201claik\u0101, viet\u0101 un j\u0113g\u0101\u201d, bet ar\u012b sp\u0113j iedvesmot skat\u012bt\u0101jus ar p\u0101rliec\u012bbu, ka \u201cm\u0113s, maza cilts, b\u016bsim lieli tik, cik m\u016bsu griba\u201d, atsaucoties uz Raini. Re\u0161etins-P\u0113tersons uzsver nepiecie\u0161am\u012bbu iest\u0101ties par v\u0113rt\u012bb\u0101m, par kur\u0101m Rainis rakst\u012bjis pirms vair\u0101k nek\u0101 simts gadiem, un \u0161\u012b t\u0113ma \u0161obr\u012bd \u012bpa\u0161i rezon\u0113 ar notikumiem Ukrain\u0101.<\/p>\n<blockquote><p>\u201cTeik\u0161u, k\u0101 ir: \u0161obr\u012bd notiek kar\u0161, un ir j\u0101run\u0101 par t\u0101m t\u0113m\u0101m, par kur\u0101m tu pats dedz. T\u0101 k\u0101 esmu zemessargs, manupr\u0101t, \u0161is iestud\u0113jums ir tie\u0161i laik\u0101, viet\u0101 un j\u0113g\u0101. Gribas iedot tautai to p\u0101rliec\u012bbu, ka &#8220;m\u0113s maza cilts, m\u0113s b\u016bsim lieli tik, cik m\u016bsu griba&#8221;, k\u0101 saka Rainis.\u201d<\/p><\/blockquote>\n<p>Re\u017eisors atkl\u0101j, ka ideja par \u201cInduli un \u0100riju\u201d vi\u0146\u0101 m\u0101jojusi jau septi\u0146us ar pusi gadus, s\u0101kotn\u0113ji iecerot to \u012bstenot Dailes te\u0101tra simtgades ietvaros. Vi\u0146\u0161 ir priec\u012bgs, ka \u0161\u012b ideja beidzot tiek realiz\u0113ta sadarb\u012bb\u0101 ar \u201cDzirn\u0101m\u201d, un ka jubilejas izr\u0101de sp\u0113j tautai uzd\u0101vin\u0101t nepiecie\u0161amo kop\u012bbas saj\u016btu.<\/p>\n<p>\u201cDzirnas\u201d: 40 gadi dejo\u0161anas priek\u0101 un att\u012bst\u012bb\u0101<\/p>\n<p>Agra Da\u0146i\u013cevi\u010da deju skolas \u201cDzirnas\u201d ce\u013c\u0161 s\u0101k\u0101s 1985. gad\u0101 Krimuld\u0101 k\u0101 tautas deju vien\u012bba. Gadu gait\u0101 skola ir nep\u0101rtraukti att\u012bst\u012bjusies, papla\u0161inot savu repertu\u0101ru un stilu kl\u0101stu. Nu jau par akredit\u0113tu m\u0101c\u012bbu iest\u0101di, \u201cDzirnas\u201d pied\u0101v\u0101 apg\u016bt pla\u0161u deju tehniku kl\u0101stu \u2013 no hiphopa un d\u017eeza l\u012bdz pat m\u016bsdienu un modernajai dejai, k\u0101 ar\u012b breika un klasisk\u0101s dejas elementiem. Skolas m\u0113r\u0137is ir veidot univers\u0101lu dejot\u0101ju, kur\u0161 sp\u0113j br\u012bvi un emocion\u0101li izpausties uz skatuves, pie\u0161\u0137irot katram priek\u0161nesumam unik\u0101lu raksturu.<\/p>\n<p>\u201cDzirnu\u201d dibin\u0101t\u0101js Agris Da\u0146i\u013cevi\u010ds lepojas ar saviem audz\u0113k\u0146iem, kuri turpina karjeru dejas jom\u0101, un ar skolas pedagogiem, kuri bie\u017ei vien ir ar\u012b talant\u012bgi deju autori. Vi\u0146\u0161 atz\u012bst, ka ce\u013c\u0161 nav bijis viegls, ta\u010du skolas att\u012bst\u012bbas l\u012bkne vienm\u0113r ir v\u0113rsta uz aug\u0161u.<\/p>\n<p>\u201cIndulis un \u0100rija\u201d \u2013 Rai\u0146a mantojums deju valod\u0101<\/p>\n<p>Deju lieluzvedums \u201cIndulis un \u0100rija\u201d ir jauna interpret\u0101cija Rai\u0146a romantiskajai tra\u0123\u0113dijai, kas rad\u012bta muzik\u0101l\u0101 deju iestud\u0113jum\u0101. Tas sol\u0101s b\u016bt aizraujo\u0161s dialogs starp Rai\u0146a klasisko darbu un laikmet\u012bg\u0101s dejas sp\u0113ku, atkl\u0101jot jaunas \u0161\u012b nemirst\u012bg\u0101 st\u0101sta \u0161\u0137autnes un \u013caujot skat\u012bt\u0101jiem dzi\u013ci p\u0101rdom\u0101t m\u012blest\u012bbas, pien\u0101kuma un br\u012bv\u012bbas t\u0113mas.<\/p>\n<p>\u0160aj\u0101 uzvedum\u0101 satiekas divas noz\u012bm\u012bgas jubilejas \u2013 Rai\u0146a 160. gadadiena un \u201cDzirnu\u201d 40. gadadienas. K\u0101 uzsver horeogr\u0101fs Agris Da\u0146i\u013cevi\u010ds, Rainis vair\u0101k uzdod jaut\u0101jumus nek\u0101 sniedz atbildes, un ar\u012b \u0161\u012b izr\u0101de ir par jaut\u0101jumiem un dom\u0101\u0161anu, nevis moraliz\u0113\u0161anu. Skaist\u0101kais \u0161aj\u0101 uzvedum\u0101 ir tas, ka dej\u0101 satiekas \u201cDzirnu\u201d paaudzes, vien\u0101 p\u0101r\u012b dejo solisti ar vair\u0101k nek\u0101 20 gadu starp\u012bbu.<\/p>\n<p>Uzvedum\u0101 piedal\u012bsies vair\u0101k nek\u0101 600 dejot\u0101ji \u2013 visu paaud\u017eu \u201cDzirnie\u0161i\u201d, pieaicin\u0101tie deju kolekt\u012bvi, k\u0101 ar\u012b dejot\u0101ji kop\u0101 ar saviem vec\u0101kiem. Muzik\u0101lo skan\u0113jumu nodro\u0161in\u0101s kameror\u0137estris \u201cSinfonietta R\u012bga\u201d un jaunie\u0161u koris \u201cBALSIS\u201d, izpildot komponista Valtera P\u016bces rad\u012bto ori\u0123in\u0101lm\u016bziku. Skat\u012bt\u0101jus sagaid\u012bs daudzsl\u0101\u0146aina m\u0101kslas pieredze \u2013 deja, dz\u012bv\u0101 m\u016bzika, Rai\u0146a t\u0113li, video m\u0101ksla un ar\u0113nas m\u0113roga gaismu partit\u016bra.<\/p>\n<p>Izr\u0101de k\u0101 v\u0113rt\u012bgs kult\u016bras piedz\u012bvojums skol\u0113niem<\/p>\n<p>Deju lieluzvedums \u201cIndulis un \u0100rija. DZIRN\u0100M 40\u201d ir iek\u013cauts Latvijas Skolas somas programm\u0101, pied\u0101v\u0101jot skol\u0101m, skolot\u0101jiem, vec\u0101kiem un jaunie\u0161iem unik\u0101lu iesp\u0113ju piedz\u012bvot \u0161o grandiozo m\u0101kslas notikumu. Tas ir velt\u012bjums Latvijai, kur\u0101 satiekas da\u017e\u0101das paaudzes, dz\u012bv\u0101 m\u016bzika, Rai\u0146a lugas t\u0113li un v\u0113rien\u012bga dejas ener\u0123ija. Tas ir aicin\u0101jums jaunie\u0161iem L\u0101\u010dpl\u0113\u0161a dien\u0101 ne tikai piemin\u0113t varo\u0146us, bet ar\u012b piedz\u012bvot vienot\u012bbu m\u0101ksl\u0101, kas run\u0101 par m\u016bsu tautas likteni, sakn\u0113m un n\u0101kotni.<\/p>\n<p>Izr\u0101des vizu\u0101lo pusi papildin\u0101s ar\u0113nas m\u0113roga projekcijas un iespaid\u012bga gaismu partit\u016bra, radot m\u016bsdien\u012bgu un emocion\u0101li pacil\u0101jo\u0161u kop\u012bbas pieredzi.<\/p>\n","protected":false},"excerpt":{"rendered":"Deju skolas &#8220;Dzirnas&#8221; 40. jubilejas izr\u0101de: Intars Re\u0161etins-P\u0113tersons par emocion\u0101lo ce\u013cojumu uz skatuves 2025. gada 11. novembr\u012b, L\u0101\u010dpl\u0113\u0161a&hellip;\n","protected":false},"author":2,"featured_media":42811,"comment_status":"","ping_status":"","sticky":false,"template":"","format":"standard","meta":{"footnotes":""},"categories":[19],"tags":[12090,525,5104,89,1377,429,90,35,39,38,36,37,34,40],"class_list":{"0":"post-42810","1":"post","2":"type-post","3":"status-publish","4":"format-standard","5":"has-post-thumbnail","7":"category-izklaide","8":"tag-agra-danilevica-deju-skola","9":"tag-deju-uzvedums","10":"tag-dzirnas","11":"tag-entertainment","12":"tag-indulis-un-arija","13":"tag-intars-resetins-petersons","14":"tag-izklaide","15":"tag-latvia","16":"tag-latvian","17":"tag-latviesu","18":"tag-latviesu-valoda","19":"tag-latviesuvaloda","20":"tag-latvija","21":"tag-lv"},"share_on_mastodon":{"url":"https:\/\/pubeurope.com\/@lv\/115509661810328289","error":""},"_links":{"self":[{"href":"https:\/\/www.europesays.com\/lv\/wp-json\/wp\/v2\/posts\/42810","targetHints":{"allow":["GET"]}}],"collection":[{"href":"https:\/\/www.europesays.com\/lv\/wp-json\/wp\/v2\/posts"}],"about":[{"href":"https:\/\/www.europesays.com\/lv\/wp-json\/wp\/v2\/types\/post"}],"author":[{"embeddable":true,"href":"https:\/\/www.europesays.com\/lv\/wp-json\/wp\/v2\/users\/2"}],"replies":[{"embeddable":true,"href":"https:\/\/www.europesays.com\/lv\/wp-json\/wp\/v2\/comments?post=42810"}],"version-history":[{"count":0,"href":"https:\/\/www.europesays.com\/lv\/wp-json\/wp\/v2\/posts\/42810\/revisions"}],"wp:featuredmedia":[{"embeddable":true,"href":"https:\/\/www.europesays.com\/lv\/wp-json\/wp\/v2\/media\/42811"}],"wp:attachment":[{"href":"https:\/\/www.europesays.com\/lv\/wp-json\/wp\/v2\/media?parent=42810"}],"wp:term":[{"taxonomy":"category","embeddable":true,"href":"https:\/\/www.europesays.com\/lv\/wp-json\/wp\/v2\/categories?post=42810"},{"taxonomy":"post_tag","embeddable":true,"href":"https:\/\/www.europesays.com\/lv\/wp-json\/wp\/v2\/tags?post=42810"}],"curies":[{"name":"wp","href":"https:\/\/api.w.org\/{rel}","templated":true}]}}