{"id":42851,"date":"2025-11-07T18:59:45","date_gmt":"2025-11-07T18:59:45","guid":{"rendered":"https:\/\/www.europesays.com\/lv\/42851\/"},"modified":"2025-11-07T18:59:45","modified_gmt":"2025-11-07T18:59:45","slug":"oktobri-riga-bus-skatams-daugavpils-teatra-filozofiskais-trilleris-latgaliski-kaids-nuteikti-atis-latvija","status":"publish","type":"post","link":"https:\/\/www.europesays.com\/lv\/42851\/","title":{"rendered":"Oktobr\u012b R\u012bg\u0101 b\u016bs skat\u0101ms Daugavpils te\u0101tra filozofiskais trilleris latgaliski \u00abKaids n\u016bteikti at\u012bs\u00bb | Latvija"},"content":{"rendered":"<td height=\"100%\" valign=\"top\">\n<p>]]]]]]>]]]]>]]><br \/>\n<a name=\"top\"\/><\/p>\n<p>\t\t\t\t\t\t<a href=\"https:\/\/www.travelnews.lv\/?m_id=18311&amp;i_id=5&amp;pub_id=152410\" rel=\"nofollow noopener\" target=\"_blank\"><img decoding=\"async\" width=\"100%\" border=\"0\" alt=\"ES p\u0101rtrauc vair\u0101kk\u0101rt\u0113jo v\u012bzu izsnieg\u0161anu Krievijas pilso\u0146iem\" src=\"https:\/\/www.europesays.com\/lv\/wp-content\/uploads\/2025\/11\/20251110-Krievijaspilsoni.jpg\"\/><\/a><\/p>\n<p>            \u00a0<br \/>\n            <a href=\"https:\/\/www.travelnews.lv\/?m_id=18311&amp;i_id=5&amp;pub_id=152410\" rel=\"nofollow noopener\" target=\"_blank\">ES p\u0101rtrauc vair\u0101kk\u0101rt\u0113jo v\u012bzu izsnieg\u0161anu Krievijas pilso\u0146iem<\/a>         \t<\/p>\n<p>\t\t\t\t\t\t<a href=\"https:\/\/www.travelnews.lv\/?m_id=18252&amp;i_id=5&amp;pub_id=152409\" rel=\"nofollow noopener\" target=\"_blank\"><img decoding=\"async\" width=\"100%\" border=\"0\" alt=\"Noskaidroti \u0161\u012b gada akt\u012bv\u0101kie \u00abLatvijas me\u017ea d\u0113kai\u0146i\u00bb\" src=\"https:\/\/www.europesays.com\/lv\/wp-content\/uploads\/2025\/11\/20251110-Dekaini.jpg\"\/><\/a><\/p>\n<p>            Latvija\u00a0<br \/>\n            <a href=\"https:\/\/www.travelnews.lv\/?m_id=18252&amp;i_id=5&amp;pub_id=152409\" rel=\"nofollow noopener\" target=\"_blank\">Noskaidroti \u0161\u012b gada akt\u012bv\u0101kie \u00abLatvijas me\u017ea d\u0113kai\u0146i\u00bb<\/a>         \t<\/p>\n<p>\t\t\t\t\t\t<a href=\"https:\/\/www.travelnews.lv\/?m_id=18273&amp;i_id=5&amp;pub_id=152405\" rel=\"nofollow noopener\" target=\"_blank\"><img decoding=\"async\" width=\"100%\" border=\"0\" alt=\"\u00abGrand Hotel Kempinski Riga\u00bb uzs\u0101k laikmet\u012bgo m\u0101kslas sadarb\u012bbu ar \u00abCUT ART\u00bb galeriju\" src=\"https:\/\/www.europesays.com\/lv\/wp-content\/uploads\/2025\/11\/20251110-Kempinski.jpg\"\/><\/a><\/p>\n<p>            Latvija\u00a0<br \/>\n            <a href=\"https:\/\/www.travelnews.lv\/?m_id=18273&amp;i_id=5&amp;pub_id=152405\" rel=\"nofollow noopener\" target=\"_blank\">\u00abGrand Hotel Kempinski Riga\u00bb uzs\u0101k laikmet\u012bgo m\u0101kslas sadarb\u012bbu ar \u00abCUT ART\u00bb galeriju<\/a>    <\/p>\n<p>\t\t\t\t\t\t<a href=\"https:\/\/www.travelnews.lv\/?m_id=18545&amp;i_id=5&amp;pub_id=152390\" rel=\"nofollow noopener\" target=\"_blank\"><img decoding=\"async\" width=\"100%\" border=\"0\" alt=\"Latvijas, Igaunijas un Somijas \u012bstie \u0101bolu sidri kop\u0101 paveic pirmo eksporta misiju  Austr\u0101lijas tirg\u016b\" src=\"https:\/\/www.europesays.com\/lv\/wp-content\/uploads\/2025\/11\/20251107-Sidri.jpg\"\/><\/a><\/p>\n<p>            Austr\u0101lija\u00a0<br \/>\n            <a href=\"https:\/\/www.travelnews.lv\/?m_id=18545&amp;i_id=5&amp;pub_id=152390\" rel=\"nofollow noopener\" target=\"_blank\">Latvijas, Igaunijas un Somijas \u012bstie \u0101bolu sidri kop\u0101 paveic pirmo eksporta misiju  Austr\u0101lijas tirg\u016b<\/a>    <\/p>\n<p>\t\t\t\t\t\t<a href=\"https:\/\/www.travelnews.lv\/?m_id=18313&amp;i_id=5&amp;pub_id=152387\" rel=\"nofollow noopener\" target=\"_blank\"><img decoding=\"async\" width=\"100%\" border=\"0\" alt=\"CNN iek\u013cauj Tallinas Ziemassv\u0113tku tirdzi\u0146u starp pasaules skaist\u0101kajiem sv\u0113tku galam\u0113r\u0137iem\" src=\"https:\/\/www.europesays.com\/lv\/wp-content\/uploads\/2025\/11\/20251107-Xmas.jg.jpg\"\/><\/a><\/p>\n<p>            Igaunija\u00a0<br \/>\n            <a href=\"https:\/\/www.travelnews.lv\/?m_id=18313&amp;i_id=5&amp;pub_id=152387\" rel=\"nofollow noopener\" target=\"_blank\">CNN iek\u013cauj Tallinas Ziemassv\u0113tku tirdzi\u0146u starp pasaules skaist\u0101kajiem sv\u0113tku galam\u0113r\u0137iem<\/a>    <\/p>\n<p>\t\t\tPARTNERU PIED\u0100V\u0100JUMI\t\t<\/p>\n<p>    \t<a rel=\"nofollow noopener\" href=\"http:\/\/www.visitventspils.com\/pasakums\/mika-galvanovska-koncerts-par-savu-zemi-saukt\/\" target=\"_blank\" style=\"text-decoration:none\" onclick=\"ga(&#039;send&#039;, &#039;event&#039;, &#039;Pied\u0101v\u0101jumi&#039;, &#039;ClickTN&#039;, &#039;Ventspils TIC&#039;);\" wp_automatic_readability=\"2\"><img decoding=\"async\" width=\"100%\" src=\"https:\/\/www.europesays.com\/lv\/wp-content\/uploads\/2025\/11\/l_104091fb-event-1-1080x608.png\" alt=\"Koncerts \u201cPar savu zemi saukt\u201d\" border=\"0\" onload=\"ga('send', 'event', 'Pied\u0101v\u0101jumi', 'Show', 'Ventspils TIC');\"\/><\/p>\n<p title=\"www.visitventspils.com\/pasakums\/mika-galvanovska-koncerts-par-savu-zemi-saukt\/\">Ventspils TIC: Koncerts \u201cPar savu zemi saukt\u201d<\/p>\n<p><\/a><\/p>\n<p>    \t<a rel=\"nofollow noopener\" href=\"http:\/\/www.itaka.lv\/atputas-celojumi\/islande\/reykjavik\/reykjavik-lights-hotel,HBX191514.html\" target=\"_blank\" style=\"text-decoration:none\" onclick=\"ga(&#039;send&#039;, &#039;event&#039;, &#039;Pied\u0101v\u0101jumi&#039;, &#039;ClickTN&#039;, &#039;Itaka Latvia&#039;);\" wp_automatic_readability=\"2\"><img decoding=\"async\" width=\"100%\" src=\"https:\/\/www.europesays.com\/lv\/wp-content\/uploads\/2025\/11\/l_104116iceland (1).jpg\" alt=\"Islande! Cena s\u0101kot no 529 eur! \" border=\"0\" onload=\"ga('send', 'event', 'Pied\u0101v\u0101jumi', 'Show', 'Itaka Latvia');\"\/><\/p>\n<p title=\"www.itaka.lv\/atputas-celojumi\/islande\/reykjavik\/reykjavik-lights-hotel,HBX191514.html\">Itaka Latvia: Islande! Cena s\u0101kot no 529 eur! <\/p>\n<p><\/a><\/p>\n<p>    \t<a rel=\"nofollow noopener\" href=\"http:\/\/visit.valmiera.lv\/pasakumi\/daumanta-kalnina-koncerts-rudens-pieskarieni-mujanu-biedribas-nama\/\" target=\"_blank\" style=\"text-decoration:none\" onclick=\"ga(&#039;send&#039;, &#039;event&#039;, &#039;Pied\u0101v\u0101jumi&#039;, &#039;ClickTN&#039;, &#039;Valmieras novada T\u016brisma p\u0101rvalde&#039;);\" wp_automatic_readability=\"2\"><img decoding=\"async\" width=\"100%\" src=\"https:\/\/www.europesays.com\/lv\/wp-content\/uploads\/2025\/11\/l_104141Mujanu-biedribas-nams (10).jpg\" alt=\"Daumanta Kalni\u0146a koncerts\" border=\"0\" onload=\"ga('send', 'event', 'Pied\u0101v\u0101jumi', 'Show', 'Valmieras novada T\u016brisma p\u0101rvalde');\"\/><\/p>\n<p title=\"visit.valmiera.lv\/pasakumi\/daumanta-kalnina-koncerts-rudens-pieskarieni-mujanu-biedribas-nama\/\">Valmieras novada T\u016brisma p\u0101rvalde: Daumanta Kalni\u0146a koncerts<\/p>\n<p><\/a><\/p>\n<p>\t\t\t\t\t\t<a href=\"https:\/\/www.travelnews.lv\/?m_id=18273&amp;i_id=5&amp;pub_id=152392\" rel=\"nofollow noopener\" target=\"_blank\"><img decoding=\"async\" width=\"100%\" border=\"0\" alt=\"Pieaugs akc\u012bzes nodoklis alkoholam, tabakai, saldin\u0101tajiem dz\u0113rieniem\" src=\"https:\/\/www.europesays.com\/lv\/wp-content\/uploads\/2025\/11\/20251107-Limonade.jpg\"\/><\/a><\/p>\n<p>            Latvija\u00a0<br \/>\n            <a href=\"https:\/\/www.travelnews.lv\/?m_id=18273&amp;i_id=5&amp;pub_id=152392\" rel=\"nofollow noopener\" target=\"_blank\">Pieaugs akc\u012bzes nodoklis alkoholam, tabakai, saldin\u0101tajiem dz\u0113rieniem<\/a>         \t<\/p>\n<p>\t\t\t\t\t\t<a href=\"https:\/\/www.travelnews.lv\/?m_id=18290&amp;i_id=5&amp;pub_id=152374\" rel=\"nofollow noopener\" target=\"_blank\"><img decoding=\"async\" width=\"100%\" border=\"0\" alt=\"10 iemesli, k\u0101d\u0113\u013c Gda\u0146skai j\u0101atgrie\u017eas galam\u0113r\u0137u kart\u0113\" src=\"https:\/\/www.europesays.com\/lv\/wp-content\/uploads\/2025\/11\/20251107-Gdanska.jpg\"\/><\/a><\/p>\n<p>            Polija\u00a0<br \/>\n            <a href=\"https:\/\/www.travelnews.lv\/?m_id=18290&amp;i_id=5&amp;pub_id=152374\" rel=\"nofollow noopener\" target=\"_blank\">10 iemesli, k\u0101d\u0113\u013c Gda\u0146skai j\u0101atgrie\u017eas galam\u0113r\u0137u kart\u0113<\/a>         \t<\/p>\n<p>\t\t <a title=\"Ogre iedvesmo: Patriotiskais novembris ir kl\u0101t - Foto\" href=\"http:\/\/www.travelnews.lv\/foto\/?gid=12804\" target=\"_blank\" rel=\"nofollow noopener\"><img decoding=\"async\" width=\"100%\" border=\"0\" src=\"https:\/\/www.europesays.com\/lv\/wp-content\/uploads\/2025\/11\/1-1818475880.jpg\" alt=\"\"\/><\/a>\t       \t<\/p>\n<p>            Latvija\u00a0<br \/>\n            <a title=\"Ogre iedvesmo: Patriotiskais novembris ir kl\u0101t - Foto\" href=\"http:\/\/www.travelnews.lv\/foto\/?gid=12804\" target=\"_blank\" rel=\"nofollow noopener\">Ogre iedvesmo: Patriotiskais novembris ir kl\u0101t &#8211; Foto<\/a>    <\/p>\n<p>\t\t\t\t\t\t<a href=\"https:\/\/www.travelnews.lv\/?m_id=18526&amp;i_id=5&amp;pub_id=152385\" rel=\"nofollow noopener\" target=\"_blank\"><img decoding=\"async\" width=\"100%\" border=\"0\" alt=\"7. novembris v\u0113stur\u0113: Igaunij\u0101 uzs\u0101kta pasta p\u0101rvad\u0101\u0161ana ar dzelzce\u013cu\" src=\"https:\/\/www.europesays.com\/lv\/wp-content\/uploads\/2025\/11\/20251107-Pasts.jpg\"\/><\/a><\/p>\n<p>            Igaunija\u00a0<br \/>\n            <a href=\"https:\/\/www.travelnews.lv\/?m_id=18526&amp;i_id=5&amp;pub_id=152385\" rel=\"nofollow noopener\" target=\"_blank\">7. novembris v\u0113stur\u0113: Igaunij\u0101 uzs\u0101kta pasta p\u0101rvad\u0101\u0161ana ar dzelzce\u013cu<\/a>    <\/p>\n<p>\t\t\t\t\t\t<a href=\"https:\/\/www.travelnews.lv\/?m_id=18557&amp;i_id=5&amp;pub_id=152394\" rel=\"nofollow noopener\" target=\"_blank\"><img decoding=\"async\" width=\"100%\" border=\"0\" alt=\"Aivars Mackevi\u010ds: 10 \u012bsas atzi\u0146as par Xpeng G6 AWD Performance\" src=\"https:\/\/www.europesays.com\/lv\/wp-content\/uploads\/2025\/11\/20251107-Xpeng.jpg\"\/><\/a><\/p>\n<p>            Latvija\u00a0<br \/>\n            <a href=\"https:\/\/www.travelnews.lv\/?m_id=18557&amp;i_id=5&amp;pub_id=152394\" rel=\"nofollow noopener\" target=\"_blank\">Aivars Mackevi\u010ds: 10 \u012bsas atzi\u0146as par Xpeng G6 AWD Performance<\/a>    <\/p>\n<p>\t\t\tPARTNERU PIED\u0100V\u0100JUMI\t\t<\/p>\n<p>    \t<a rel=\"nofollow noopener\" href=\"http:\/\/www.visitdaugavpils.lv\/turisma-objekts\/seno-amatu-darbnica-klets\/\" target=\"_blank\" style=\"text-decoration:none\" onclick=\"ga(&#039;send&#039;, &#039;event&#039;, &#039;Pied\u0101v\u0101jumi&#039;, &#039;ClickTN&#039;, &#039;Aug\u0161daugavas novada T\u016brisma noda\u013ca&#039;);\" wp_automatic_readability=\"2\"><img decoding=\"async\" width=\"100%\" src=\"https:\/\/www.europesays.com\/lv\/wp-content\/uploads\/2025\/11\/l_104154klets-31-1024x666-1.jpg\" alt=\"Seno amatu darbn\u012bca \u201cKl\u0113ts\u201d\" border=\"0\" onload=\"ga('send', 'event', 'Pied\u0101v\u0101jumi', 'Show', 'Aug\u0161daugavas novada T\u016brisma noda\u013ca');\"\/><\/p>\n<p title=\"www.visitdaugavpils.lv\/turisma-objekts\/seno-amatu-darbnica-klets\/\">Aug\u0161daugavas novada T\u016brisma noda\u013ca: Seno amatu darbn\u012bca \u201cKl\u0113ts\u201d<\/p>\n<p><\/a><\/p>\n<p>    \t<a rel=\"nofollow\" href=\"http:\/\/340\" target=\"_blank\" style=\"text-decoration:none&quot;\" onclick=\"ga(&#039;send&#039;, &#039;event&#039;, &#039;Pied\u0101v\u0101jumi&#039;, &#039;ClickTN&#039;, &#039;L\u012bv\u0101nu TIC&#039;);\" wp_automatic_readability=\"2\"><img decoding=\"async\" width=\"100%\" src=\"https:\/\/travelnews.lv\/images\/lastminute\/l_10416218.112025 (1280 x 668 pikse\u013ci) (600 x 400 pikse\u013ci) (1).png\" alt=\"Valsts sv\u0113tkiem velt\u012bts sar\u012bkojums\" border=\"0\" onload=\"ga('send', 'event', 'Pied\u0101v\u0101jumi', 'Show', 'L\u012bv\u0101nu TIC');\"\/><\/p>\n<p title=\"\">L\u012bv\u0101nu TIC: Valsts sv\u0113tkiem velt\u012bts sar\u012bkojums<\/p>\n<p><\/a><\/p>\n<p>    \t<a rel=\"nofollow noopener\" href=\"http:\/\/visit.rezekne.lv\/objekti\/radoso-pakalpojumu-centrs-zeimuls\/\" target=\"_blank\" style=\"text-decoration:none\" onclick=\"ga(&#039;send&#039;, &#039;event&#039;, &#039;Pied\u0101v\u0101jumi&#039;, &#039;ClickTN&#039;, &#039;R\u0113zeknes pils\u0113tas TIC&#039;);\" wp_automatic_readability=\"2\"><img decoding=\"async\" width=\"100%\" src=\"https:\/\/www.europesays.com\/lv\/wp-content\/uploads\/2025\/11\/l_104166210928_012.jpg\" alt=\"\u201cZeimu\u013cs\u201d \u2013 arhitekt\u016bras br\u012bnums R\u0113zekn\u0113!\" border=\"0\" onload=\"ga('send', 'event', 'Pied\u0101v\u0101jumi', 'Show', 'R\u0113zeknes pils\u0113tas TIC');\"\/><\/p>\n<p title=\"visit.rezekne.lv\/objekti\/radoso-pakalpojumu-centrs-zeimuls\/\">R\u0113zeknes pils\u0113tas TIC: \u201cZeimu\u013cs\u201d \u2013 arhitekt\u016bras br\u012bnums R\u0113zekn\u0113!<\/p>\n<p><\/a><\/p>\n<p>\t\t\t\t\t\t<a href=\"https:\/\/www.travelnews.lv\/?m_id=18311&amp;i_id=5&amp;pub_id=152381\" rel=\"nofollow noopener\" target=\"_blank\"><img decoding=\"async\" width=\"100%\" border=\"0\" alt=\"Par\u012bzes metro atsak\u0101s no pap\u012bra bi\u013cet\u0113m un lepojas ar div\u0101m izcil\u0101m stacij\u0101m\" src=\"https:\/\/www.europesays.com\/lv\/wp-content\/uploads\/2025\/11\/20251107-Parize.jpg\"\/><\/a><\/p>\n<p>            Francija\u00a0<br \/>\n            <a href=\"https:\/\/www.travelnews.lv\/?m_id=18311&amp;i_id=5&amp;pub_id=152381\" rel=\"nofollow noopener\" target=\"_blank\">Par\u012bzes metro atsak\u0101s no pap\u012bra bi\u013cet\u0113m un lepojas ar div\u0101m izcil\u0101m stacij\u0101m<\/a>         \t<\/p>\n<p>\t\t\t\t\t\t<a href=\"https:\/\/www.travelnews.lv\/?m_id=18620&amp;i_id=5&amp;pub_id=152383\" rel=\"nofollow noopener\" target=\"_blank\"><img decoding=\"async\" width=\"100%\" border=\"0\" alt=\"Kronborgas pils \u2013 le\u0123end\u0101r\u0101 \u00abHamleta pils\u00bb un Zieme\u013ceiropas renesanses p\u0113rle\" src=\"https:\/\/www.europesays.com\/lv\/wp-content\/uploads\/2025\/11\/20251107-Kronborga.jpg\"\/><\/a><\/p>\n<p>            D\u0101nija\u00a0<br \/>\n            <a href=\"https:\/\/www.travelnews.lv\/?m_id=18620&amp;i_id=5&amp;pub_id=152383\" rel=\"nofollow noopener\" target=\"_blank\">Kronborgas pils \u2013 le\u0123end\u0101r\u0101 \u00abHamleta pils\u00bb un Zieme\u013ceiropas renesanses p\u0113rle<\/a>         \t<\/p>\n<p>\t\t\t\t\t\t<a href=\"https:\/\/www.travelnews.lv\/?m_id=18311&amp;i_id=5&amp;pub_id=152382\" rel=\"nofollow noopener\" target=\"_blank\"><img decoding=\"async\" width=\"100%\" border=\"0\" alt=\"Burv\u012bgs Kornvolas pils\u0113ti\u0146as st\u016br\u012btis p\u0101rtapis par C\u016bkk\u0101rpas pasauli \" src=\"https:\/\/www.europesays.com\/lv\/wp-content\/uploads\/2025\/11\/20251107-Kornvola.jpg\"\/><\/a><\/p>\n<p>            Lielbrit\u0101nija\u00a0<br \/>\n            <a href=\"https:\/\/www.travelnews.lv\/?m_id=18311&amp;i_id=5&amp;pub_id=152382\" rel=\"nofollow noopener\" target=\"_blank\">Burv\u012bgs Kornvolas pils\u0113ti\u0146as st\u016br\u012btis p\u0101rtapis par C\u016bkk\u0101rpas pasauli <\/a>    <\/p>\n<p>\t\t\t\t\t\t<a href=\"https:\/\/www.travelnews.lv\/?m_id=18257&amp;i_id=5&amp;pub_id=152380\" rel=\"nofollow noopener\" target=\"_blank\"><img decoding=\"async\" width=\"100%\" border=\"0\" alt=\"Liep\u0101j\u0101 atz\u012bm\u0113s L\u0101\u010dpl\u0113\u0161a dienu ar \u00abRaxtu Raxti\u00bb koncertu un l\u0101pu g\u0101jienu\" src=\"https:\/\/www.europesays.com\/lv\/wp-content\/uploads\/2025\/11\/20251107-Liepaja.jpg\"\/><\/a><\/p>\n<p>            Latvija\u00a0<br \/>\n            <a href=\"https:\/\/www.travelnews.lv\/?m_id=18257&amp;i_id=5&amp;pub_id=152380\" rel=\"nofollow noopener\" target=\"_blank\">Liep\u0101j\u0101 atz\u012bm\u0113s L\u0101\u010dpl\u0113\u0161a dienu ar \u00abRaxtu Raxti\u00bb koncertu un l\u0101pu g\u0101jienu<\/a>    <\/p>\n<p>\t\t\t\t\t\t<a href=\"https:\/\/www.travelnews.lv\/?m_id=18574&amp;i_id=5&amp;pub_id=152388\" rel=\"nofollow noopener\" target=\"_blank\"><img decoding=\"async\" width=\"100%\" border=\"0\" alt=\"Piedz\u012bvo gadu mijas liel\u0101ko gaismas piedz\u012bvojumu D\u0101rzkop\u012bbas instit\u016bta d\u0101rz\u0101 Dobel\u0113\" src=\"https:\/\/www.europesays.com\/lv\/wp-content\/uploads\/2025\/11\/20251107-Dobele.jpg\"\/><\/a><\/p>\n<p>            Latvija\u00a0<br \/>\n            <a href=\"https:\/\/www.travelnews.lv\/?m_id=18574&amp;i_id=5&amp;pub_id=152388\" rel=\"nofollow noopener\" target=\"_blank\">Piedz\u012bvo gadu mijas liel\u0101ko gaismas piedz\u012bvojumu D\u0101rzkop\u012bbas instit\u016bta d\u0101rz\u0101 Dobel\u0113<\/a>    <\/p>\n<p>\t\t\tPARTNERU PIED\u0100V\u0100JUMI\t\t<\/p>\n<p>    \t<a rel=\"nofollow noopener\" href=\"http:\/\/visittukums.lv\/lv\/Aktualitates\/Tukuma-novada-patriotisms-radosums-un-kopa-busanas-prieks\" target=\"_blank\" style=\"text-decoration:none\" onclick=\"ga(&#039;send&#039;, &#039;event&#039;, &#039;Pied\u0101v\u0101jumi&#039;, &#039;ClickTN&#039;, &#039;Tukuma TIC&#039;);\" wp_automatic_readability=\"2\"><img decoding=\"async\" width=\"100%\" src=\"https:\/\/travelnews.lv\/images\/lastminute\/l_104171FaceBook form\u0101ts (15).jpg\" alt=\"Ned\u0113\u013cas nogale Tukuma novad\u0101\" border=\"0\" onload=\"ga('send', 'event', 'Pied\u0101v\u0101jumi', 'Show', 'Tukuma TIC');\"\/><\/p>\n<p title=\"visittukums.lv\/lv\/Aktualitates\/Tukuma-novada-patriotisms-radosums-un-kopa-busanas-prieks\">Tukuma TIC: Ned\u0113\u013cas nogale Tukuma novad\u0101<\/p>\n<p><\/a><\/p>\n<p>    \t<a rel=\"nofollow noopener\" href=\"http:\/\/www.webmarine.lv\/lv\/melnas-piektdienas-msc-cruises-piedavajums-lidz-2025-europe\" target=\"_blank\" style=\"text-decoration:none\" onclick=\"ga(&#039;send&#039;, &#039;event&#039;, &#039;Pied\u0101v\u0101jumi&#039;, &#039;ClickTN&#039;, &#039;Estravel Latvia&#039;);\" wp_automatic_readability=\"2\"><img decoding=\"async\" width=\"100%\" src=\"https:\/\/www.europesays.com\/lv\/wp-content\/uploads\/2025\/11\/l_104186IMG_20230516_093808.jpg\" alt=\"MSC kru\u012bzu liel\u0101 izp\u0101rdo\u0161ana - Eiropa\" border=\"0\" onload=\"ga('send', 'event', 'Pied\u0101v\u0101jumi', 'Show', 'Estravel Latvia');\"\/><\/p>\n<p title=\"www.webmarine.lv\/lv\/melnas-piektdienas-msc-cruises-piedavajums-lidz-2025-europe\">Estravel Latvia: MSC kru\u012bzu liel\u0101 izp\u0101rdo\u0161ana &#8211; Eiropa<\/p>\n<p><\/a><\/p>\n<p>    \t<a rel=\"nofollow noopener\" href=\"http:\/\/www.visitventspils.com\/pasakums\/martindiena-2\/\" target=\"_blank\" style=\"text-decoration:none\" onclick=\"ga(&#039;send&#039;, &#039;event&#039;, &#039;Pied\u0101v\u0101jumi&#039;, &#039;ClickTN&#039;, &#039;Ventspils TIC&#039;);\" wp_automatic_readability=\"2\"><img decoding=\"async\" width=\"100%\" src=\"https:\/\/www.europesays.com\/lv\/wp-content\/uploads\/2025\/11\/l_104090vhrs_-024_1124-31-1-scaled-1-1080x720.jpg\" alt=\"M\u0101rti\u0146diena Piej\u016bras br\u012bvdabas muzej\u0101\" border=\"0\" onload=\"ga('send', 'event', 'Pied\u0101v\u0101jumi', 'Show', 'Ventspils TIC');\"\/><\/p>\n<p title=\"www.visitventspils.com\/pasakums\/martindiena-2\/\">Ventspils TIC: M\u0101rti\u0146diena Piej\u016bras br\u012bvdabas muzej\u0101<\/p>\n<p><\/a><\/p>\n<p>\t\t\t\t\t\t<a href=\"https:\/\/www.travelnews.lv\/?m_id=18252&amp;i_id=5&amp;pub_id=152391\" rel=\"nofollow noopener\" target=\"_blank\"><img decoding=\"async\" width=\"100%\" border=\"0\" alt=\"Atsevi\u0161\u0137iem p\u0101rtikas produktiem pl\u0101no samazin\u0101t pievienot\u0101s v\u0113rt\u012bbas nodokli \" src=\"https:\/\/www.europesays.com\/lv\/wp-content\/uploads\/2025\/11\/20251107-Olas.jpg\"\/><\/a><\/p>\n<p>            Latvija\u00a0<br \/>\n            <a href=\"https:\/\/www.travelnews.lv\/?m_id=18252&amp;i_id=5&amp;pub_id=152391\" rel=\"nofollow noopener\" target=\"_blank\">Atsevi\u0161\u0137iem p\u0101rtikas produktiem pl\u0101no samazin\u0101t pievienot\u0101s v\u0113rt\u012bbas nodokli <\/a>         \t<\/p>\n<p>\t\t\t\t\t\t<a href=\"https:\/\/www.travelnews.lv\/?m_id=18276&amp;i_id=5&amp;pub_id=152377\" rel=\"nofollow noopener\" target=\"_blank\"><img decoding=\"async\" width=\"100%\" border=\"0\" alt=\"\u00abairBaltic\u00bb Pilotu akad\u0113mija uz\u0146em 28. grupu ar 17 jauniem studentiem\" src=\"https:\/\/www.europesays.com\/lv\/wp-content\/uploads\/2025\/11\/20251107-Baltikakademija.jpg\"\/><\/a><\/p>\n<p>            Latvija\u00a0<br \/>\n            <a href=\"https:\/\/www.travelnews.lv\/?m_id=18276&amp;i_id=5&amp;pub_id=152377\" rel=\"nofollow noopener\" target=\"_blank\">\u00abairBaltic\u00bb Pilotu akad\u0113mija uz\u0146em 28. grupu ar 17 jauniem studentiem<\/a>         \t<\/p>\n<p>\t\t\t\t\t\t<a href=\"https:\/\/www.travelnews.lv\/?m_id=18254&amp;i_id=5&amp;pub_id=152375\" rel=\"nofollow noopener\" target=\"_blank\"><img decoding=\"async\" width=\"100%\" border=\"0\" alt=\"L\u0101\u010dpl\u0113\u0161a dien\u0101 J\u016brmal\u0101 norisin\u0101sies atceres pas\u0101kumi un l\u0101pu g\u0101jiens\" src=\"https:\/\/www.europesays.com\/lv\/wp-content\/uploads\/2025\/11\/20251107-Lacplesis.jpg\"\/><\/a><\/p>\n<p>            Latvija\u00a0<br \/>\n            <a href=\"https:\/\/www.travelnews.lv\/?m_id=18254&amp;i_id=5&amp;pub_id=152375\" rel=\"nofollow noopener\" target=\"_blank\">L\u0101\u010dpl\u0113\u0161a dien\u0101 J\u016brmal\u0101 norisin\u0101sies atceres pas\u0101kumi un l\u0101pu g\u0101jiens<\/a>    <\/p>\n<p>\t\t\t\t\t\t<a href=\"https:\/\/www.travelnews.lv\/?m_id=18548&amp;i_id=5&amp;pub_id=101339\" rel=\"nofollow noopener\" target=\"_blank\"><img decoding=\"async\" width=\"100%\" border=\"0\" alt=\"PRAKSE: Travelnews.lv redakcija pied\u0101v\u0101 prakses vietu\" src=\"https:\/\/www.europesays.com\/lv\/wp-content\/uploads\/2025\/09\/20250429-Prakse.jpg\"\/><\/a><\/p>\n<p>            Latvija\u00a0<br \/>\n            <a href=\"https:\/\/www.travelnews.lv\/?m_id=18548&amp;i_id=5&amp;pub_id=101339\" rel=\"nofollow noopener\" target=\"_blank\">PRAKSE: Travelnews.lv redakcija pied\u0101v\u0101 prakses vietu<\/a>    <\/p>\n<p>\t\t\t\t\t\t<a href=\"https:\/\/www.travelnews.lv\/?m_id=18555&amp;i_id=5&amp;pub_id=152379\" rel=\"nofollow noopener\" target=\"_blank\"><img decoding=\"async\" width=\"100%\" border=\"0\" alt=\"Aicina autovad\u012bt\u0101jus iesaist\u012bties jauna Saska\u0146ot\u0101 pazi\u0146ojuma risin\u0101juma test\u0113\u0161an\u0101\" src=\"https:\/\/www.europesays.com\/lv\/wp-content\/uploads\/2025\/11\/20251107-Avarija.jpg\"\/><\/a><\/p>\n<p>            Latvija\u00a0<br \/>\n            <a href=\"https:\/\/www.travelnews.lv\/?m_id=18555&amp;i_id=5&amp;pub_id=152379\" rel=\"nofollow noopener\" target=\"_blank\">Aicina autovad\u012bt\u0101jus iesaist\u012bties jauna Saska\u0146ot\u0101 pazi\u0146ojuma risin\u0101juma test\u0113\u0161an\u0101<\/a>    <\/p>\n<p>\t\t\tPARTNERU PIED\u0100V\u0100JUMI\t\t<\/p>\n<p>    \t<a rel=\"nofollow noopener\" href=\"http:\/\/atlantic.online\/viesnica\/tenerife\/barcelo-santiago-adults-only-18-?a549507a-4e50-4f9b-8f81-af79522b6245\" target=\"_blank\" style=\"text-decoration:none\" onclick=\"ga(&#039;send&#039;, &#039;event&#039;, &#039;Pied\u0101v\u0101jumi&#039;, &#039;ClickTN&#039;, &#039;Atlantic Travel&#039;);\" wp_automatic_readability=\"2\"><img decoding=\"async\" width=\"100%\" src=\"https:\/\/www.europesays.com\/lv\/wp-content\/uploads\/2025\/11\/l_104095563357225.jpg\" alt=\"Barcelo Santiago (Adults Only 18+)\" border=\"0\" onload=\"ga('send', 'event', 'Pied\u0101v\u0101jumi', 'Show', 'Atlantic Travel');\"\/><\/p>\n<p title=\"atlantic.online\/viesnica\/tenerife\/barcelo-santiago-adults-only-18-?a549507a-4e50-4f9b-8f81-af79522b6245\">Atlantic Travel: Barcelo Santiago (Adults Only 18+)<\/p>\n<p><\/a><\/p>\n<p>    \t<a rel=\"nofollow noopener\" href=\"http:\/\/www.itaka.lv\/atputas-celojumi\/austrija\/vine\/flemings-hotel-wien-stadthalle,EUT10001343.html\" target=\"_blank\" style=\"text-decoration:none\" onclick=\"ga(&#039;send&#039;, &#039;event&#039;, &#039;Pied\u0101v\u0101jumi&#039;, &#039;ClickTN&#039;, &#039;Itaka Latvia&#039;);\" wp_automatic_readability=\"2\"><img decoding=\"async\" width=\"100%\" src=\"https:\/\/www.europesays.com\/lv\/wp-content\/uploads\/2025\/11\/l_104115vienna (2).jpg\" alt=\"V\u012bne! Cena s\u0101kot no 379 eur!\" border=\"0\" onload=\"ga('send', 'event', 'Pied\u0101v\u0101jumi', 'Show', 'Itaka Latvia');\"\/><\/p>\n<p title=\"www.itaka.lv\/atputas-celojumi\/austrija\/vine\/flemings-hotel-wien-stadthalle,EUT10001343.html\">Itaka Latvia: V\u012bne! Cena s\u0101kot no 379 eur!<\/p>\n<p><\/a><\/p>\n<p>    \t<a rel=\"nofollow noopener\" href=\"http:\/\/visit.bauska.lv\/lv\/pasakumi\/2025-11-16\/muzikala-komedija-restorana-mezs-kungs\/\" target=\"_blank\" style=\"text-decoration:none\" onclick=\"ga(&#039;send&#039;, &#039;event&#039;, &#039;Pied\u0101v\u0101jumi&#039;, &#039;ClickTN&#039;, &#039;Bauskas TIC&#039;);\" wp_automatic_readability=\"2\"><img decoding=\"async\" width=\"100%\" src=\"https:\/\/travelnews.lv\/images\/lastminute\/l_104131Terases Bauskas novad\u0101 (66).jpg\" alt=\"Muzik\u0101l\u0101 kom\u0113dija restor\u0101n\u0101 Me\u017es kungS\" border=\"0\" onload=\"ga('send', 'event', 'Pied\u0101v\u0101jumi', 'Show', 'Bauskas TIC');\"\/><\/p>\n<p title=\"visit.bauska.lv\/lv\/pasakumi\/2025-11-16\/muzikala-komedija-restorana-mezs-kungs\/\">Bauskas TIC: Muzik\u0101l\u0101 kom\u0113dija restor\u0101n\u0101 Me\u017es kungS<\/p>\n<p><\/a><\/p>\n<p>\t\t\t\t\t\t<a href=\"https:\/\/www.travelnews.lv\/?m_id=18526&amp;i_id=5&amp;pub_id=119174\" rel=\"nofollow noopener\" target=\"_blank\"><img decoding=\"async\" width=\"100%\" border=\"0\" alt=\"7. novembris v\u0113stur\u0113: Tiek veikts pirmais ofici\u0101lais s\u016bt\u012bjums ar lidma\u0161\u012bnu\" src=\"https:\/\/www.europesays.com\/lv\/wp-content\/uploads\/2025\/11\/20191107-Krava.jpg\"\/><\/a><\/p>\n<p>            \u00a0<br \/>\n            <a href=\"https:\/\/www.travelnews.lv\/?m_id=18526&amp;i_id=5&amp;pub_id=119174\" rel=\"nofollow noopener\" target=\"_blank\">7. novembris v\u0113stur\u0113: Tiek veikts pirmais ofici\u0101lais s\u016bt\u012bjums ar lidma\u0161\u012bnu<\/a>         \t<\/p>\n<p>\t\t\t\t\t\t<a href=\"https:\/\/www.travelnews.lv\/?m_id=18526&amp;i_id=5&amp;pub_id=141961\" rel=\"nofollow noopener\" target=\"_blank\"><img decoding=\"async\" width=\"100%\" border=\"0\" alt=\"7. novembris v\u0113stur\u0113: Izdod pasaul\u0113 vec\u0101ko laikrakstu\" src=\"https:\/\/www.europesays.com\/lv\/wp-content\/uploads\/2025\/11\/20231107-Avize.jpg\"\/><\/a><\/p>\n<p>            Lielbrit\u0101nija\u00a0<br \/>\n            <a href=\"https:\/\/www.travelnews.lv\/?m_id=18526&amp;i_id=5&amp;pub_id=141961\" rel=\"nofollow noopener\" target=\"_blank\">7. novembris v\u0113stur\u0113: Izdod pasaul\u0113 vec\u0101ko laikrakstu<\/a>         \t<\/p>\n<p>\t\t\t\t\t\t<a href=\"https:\/\/www.travelnews.lv\/?m_id=18526&amp;i_id=5&amp;pub_id=147525\" rel=\"nofollow noopener\" target=\"_blank\"><img decoding=\"async\" width=\"100%\" border=\"0\" alt=\"7. novembris v\u0113stur\u0113: Dibin\u0101ta Latvijas Republikas Robe\u017esardze\" src=\"https:\/\/www.europesays.com\/lv\/wp-content\/uploads\/2025\/11\/20241107-Robezsardze.jpg\"\/><\/a><\/p>\n<p>            Latvija\u00a0<br \/>\n            <a href=\"https:\/\/www.travelnews.lv\/?m_id=18526&amp;i_id=5&amp;pub_id=147525\" rel=\"nofollow noopener\" target=\"_blank\">7. novembris v\u0113stur\u0113: Dibin\u0101ta Latvijas Republikas Robe\u017esardze<\/a>    <\/p>\n<p>\t\t\t\t\t\t<a href=\"https:\/\/www.travelnews.lv\/?m_id=18526&amp;i_id=5&amp;pub_id=113474\" rel=\"nofollow noopener\" target=\"_blank\"><img decoding=\"async\" width=\"100%\" border=\"0\" alt=\"7. novembris v\u0113stur\u0113: pasaul\u0113 atz\u012bm\u0113 l\u0101\u010du sam\u012b\u013co\u0161anas dienu\" src=\"https:\/\/www.europesays.com\/lv\/wp-content\/uploads\/2025\/11\/20201107-Lacis.jpg\"\/><\/a><\/p>\n<p>            \u00a0<br \/>\n            <a href=\"https:\/\/www.travelnews.lv\/?m_id=18526&amp;i_id=5&amp;pub_id=113474\" rel=\"nofollow noopener\" target=\"_blank\">7. novembris v\u0113stur\u0113: pasaul\u0113 atz\u012bm\u0113 l\u0101\u010du sam\u012b\u013co\u0161anas dienu<\/a>    <\/p>\n<p>\t\t\t\t\t\t<a href=\"https:\/\/www.travelnews.lv\/?m_id=18545&amp;i_id=5&amp;pub_id=152358\" rel=\"nofollow noopener\" target=\"_blank\"><img decoding=\"async\" width=\"100%\" border=\"0\" alt=\"Dabas un lauku t\u016brisma uz\u0146\u0113m\u0113ji aicin\u0101ti uz semin\u0101ru par \u0101rvalstu ce\u013cot\u0101ju piesaisti \" src=\"https:\/\/www.europesays.com\/lv\/wp-content\/uploads\/2025\/11\/20251106-Celotajs.jpg\"\/><\/a><\/p>\n<p>            \u00a0<br \/>\n            <a href=\"https:\/\/www.travelnews.lv\/?m_id=18545&amp;i_id=5&amp;pub_id=152358\" rel=\"nofollow noopener\" target=\"_blank\">Dabas un lauku t\u016brisma uz\u0146\u0113m\u0113ji aicin\u0101ti uz semin\u0101ru par \u0101rvalstu ce\u013cot\u0101ju piesaisti <\/a>    <\/p>\n<p>\t\t\tPARTNERU PIED\u0100V\u0100JUMI\t\t<\/p>\n<p>    \t<a rel=\"nofollow noopener\" href=\"http:\/\/visit.valmiera.lv\/pasakumi\/guntaram-racam-60\/\" target=\"_blank\" style=\"text-decoration:none\" onclick=\"ga(&#039;send&#039;, &#039;event&#039;, &#039;Pied\u0101v\u0101jumi&#039;, &#039;ClickTN&#039;, &#039;Valmieras novada T\u016brisma p\u0101rvalde&#039;);\" wp_automatic_readability=\"2\"><img decoding=\"async\" width=\"100%\" src=\"https:\/\/www.europesays.com\/lv\/wp-content\/uploads\/2025\/11\/l_104140EMR68033.jpg\" alt=\"Guntaram Ra\u010dam \u2013 60!\" border=\"0\" onload=\"ga('send', 'event', 'Pied\u0101v\u0101jumi', 'Show', 'Valmieras novada T\u016brisma p\u0101rvalde');\"\/><\/p>\n<p title=\"visit.valmiera.lv\/pasakumi\/guntaram-racam-60\/\">Valmieras novada T\u016brisma p\u0101rvalde: Guntaram Ra\u010dam \u2013 60!<\/p>\n<p><\/a><\/p>\n<p>    \t<a rel=\"nofollow noopener\" href=\"http:\/\/www.visitdaugavpils.lv\/turisma-objekts\/pirma-pasaules-kara-mantojuma-un-vietejas-novadpetniecibas-privatkolekcija\/\" target=\"_blank\" style=\"text-decoration:none\" onclick=\"ga(&#039;send&#039;, &#039;event&#039;, &#039;Pied\u0101v\u0101jumi&#039;, &#039;ClickTN&#039;, &#039;Aug\u0161daugavas novada T\u016brisma noda\u013ca&#039;);\" wp_automatic_readability=\"2\"><img decoding=\"async\" width=\"100%\" src=\"https:\/\/www.europesays.com\/lv\/wp-content\/uploads\/2025\/11\/l_104153sti.jpg\" alt=\"Pirm\u0101 pasaules kara mantojuma kolekcija\" border=\"0\" onload=\"ga('send', 'event', 'Pied\u0101v\u0101jumi', 'Show', 'Aug\u0161daugavas novada T\u016brisma noda\u013ca');\"\/><\/p>\n<p title=\"www.visitdaugavpils.lv\/turisma-objekts\/pirma-pasaules-kara-mantojuma-un-vietejas-novadpetniecibas-privatkolekcija\/\">Aug\u0161daugavas novada T\u016brisma noda\u013ca: Pirm\u0101 pasaules kara mantojuma kolekcija<\/p>\n<p><\/a><\/p>\n<p>    \t<a rel=\"nofollow\" href=\"http:\/\/340\" target=\"_blank\" style=\"text-decoration:none&quot;\" onclick=\"ga(&#039;send&#039;, &#039;event&#039;, &#039;Pied\u0101v\u0101jumi&#039;, &#039;ClickTN&#039;, &#039;L\u012bv\u0101nu TIC&#039;);\" wp_automatic_readability=\"2\"><img decoding=\"async\" width=\"100%\" src=\"https:\/\/travelnews.lv\/images\/lastminute\/l_104160Tirgus_R\u012bga (416 x 312 pikse\u013ci) (600 x 400 pikse\u013ci).png\" alt=\"Latgales amatnieku un m\u0101jra\u017eot\u0101ju tirgus \" border=\"0\" onload=\"ga('send', 'event', 'Pied\u0101v\u0101jumi', 'Show', 'L\u012bv\u0101nu TIC');\"\/><\/p>\n<p title=\"\">L\u012bv\u0101nu TIC: Latgales amatnieku un m\u0101jra\u017eot\u0101ju tirgus <\/p>\n<p><\/a><\/p>\n<p>\t<a class=\"float_left\" href=\"http:\/\/bit.ly\/TN_lv\" title=\"BalticTravelnews: Facebook\" target=\"_blank\" rel=\"nofollow noopener\"><\/a><br \/>\n    <a class=\"float_left\" href=\"https:\/\/www.instagram.com\/travelnews_lv\" title=\"BalticTravelnews: Instagram\" target=\"_blank\" rel=\"nofollow noopener\"><\/a><\/p>\n<p>    <a class=\"float_left\" href=\"https:\/\/www.travelnews.lv\/feed_lv.rss\" title=\"BatlicTrawelnews: RSS\" target=\"_blank\" rel=\"nofollow noopener\"><\/a><br \/>\n\t<a class=\"float_left\" href=\"https:\/\/www.youtube.com\/channel\/UCyAOkas_ZlqChLWYURdv-Fw\" title=\"BatlicTrawelnews: YouTube\" target=\"_blank\" rel=\"nofollow noopener\"><\/a><\/p>\n<p>    <a class=\"ml-onclick-form float_left\" href=\"https:\/\/travelnews.lv\/javascript:void(0)\" onclick=\"ml(&#039;show&#039;, &#039;NUMZgC&#039;, true)\" rel=\"nofollow noopener\" target=\"_blank\"><\/a><\/p>\n<p class=\"top_titles\">\nHelma, Lot\u0101rs <\/p>\n<p>    <img loading=\"lazy\" decoding=\"async\" src=\"https:\/\/www.europesays.com\/lv\/wp-content\/uploads\/2025\/11\/bullets_title.gif\" alt=\"\" width=\"10\" height=\"10\"\/> REKL\u0100MA<\/p>\n<\/td>\n<p><script async src=\"\/\/www.instagram.com\/embed.js\"><\/script><\/p>\n","protected":false},"excerpt":{"rendered":"]]]]]]&gt;]]]]&gt;]]&gt; \u00a0 ES p\u0101rtrauc vair\u0101kk\u0101rt\u0113jo v\u012bzu izsnieg\u0161anu Krievijas pilso\u0146iem Latvija\u00a0 Noskaidroti \u0161\u012b gada akt\u012bv\u0101kie \u00abLatvijas me\u017ea d\u0113kai\u0146i\u00bb Latvija\u00a0&hellip;\n","protected":false},"author":2,"featured_media":42852,"comment_status":"","ping_status":"","sticky":false,"template":"","format":"standard","meta":{"footnotes":""},"categories":[16],"tags":[1991,1997,1999,1979,2001,77,76,1992,1978,1993,1996,1981,1982,1985,1990,90,2002,1989,1988,35,39,38,36,37,34,1984,40,1998,2000,1986,1995,1987,1994,1980,1983],"class_list":{"0":"post-42851","1":"post","2":"type-post","3":"status-publish","4":"format-standard","5":"has-post-thumbnail","7":"category-bizness","8":"tag-atlaides","9":"tag-atputa","10":"tag-augstskolas","11":"tag-autonomas","12":"tag-bari","13":"tag-bizness","14":"tag-business","15":"tag-celojumi","16":"tag-celojumu-agenturas","17":"tag-fotogalerijas","18":"tag-galamerki","19":"tag-hotels-in-latvia","20":"tag-hotels-in-riga","21":"tag-informacijas-centri","22":"tag-ipasie-piedavajumi","23":"tag-izklaide","24":"tag-kafejnicas","25":"tag-karstie-piedavajumi","26":"tag-katalogs","27":"tag-latvia","28":"tag-latvian","29":"tag-latviesu","30":"tag-latviesu-valoda","31":"tag-latviesuvaloda","32":"tag-latvija","33":"tag-lidsabiedribas","34":"tag-lv","35":"tag-on-line-rezervacijas","36":"tag-restorani","37":"tag-turisma-biroji","38":"tag-turisma-objekti","39":"tag-turisma-zinas","40":"tag-video","41":"tag-viesnicas-riga","42":"tag-viesu-nami"},"share_on_mastodon":{"url":"","error":"Validation failed: Text character limit of 500 exceeded"},"_links":{"self":[{"href":"https:\/\/www.europesays.com\/lv\/wp-json\/wp\/v2\/posts\/42851","targetHints":{"allow":["GET"]}}],"collection":[{"href":"https:\/\/www.europesays.com\/lv\/wp-json\/wp\/v2\/posts"}],"about":[{"href":"https:\/\/www.europesays.com\/lv\/wp-json\/wp\/v2\/types\/post"}],"author":[{"embeddable":true,"href":"https:\/\/www.europesays.com\/lv\/wp-json\/wp\/v2\/users\/2"}],"replies":[{"embeddable":true,"href":"https:\/\/www.europesays.com\/lv\/wp-json\/wp\/v2\/comments?post=42851"}],"version-history":[{"count":0,"href":"https:\/\/www.europesays.com\/lv\/wp-json\/wp\/v2\/posts\/42851\/revisions"}],"wp:featuredmedia":[{"embeddable":true,"href":"https:\/\/www.europesays.com\/lv\/wp-json\/wp\/v2\/media\/42852"}],"wp:attachment":[{"href":"https:\/\/www.europesays.com\/lv\/wp-json\/wp\/v2\/media?parent=42851"}],"wp:term":[{"taxonomy":"category","embeddable":true,"href":"https:\/\/www.europesays.com\/lv\/wp-json\/wp\/v2\/categories?post=42851"},{"taxonomy":"post_tag","embeddable":true,"href":"https:\/\/www.europesays.com\/lv\/wp-json\/wp\/v2\/tags?post=42851"}],"curies":[{"name":"wp","href":"https:\/\/api.w.org\/{rel}","templated":true}]}}