{"id":42893,"date":"2025-11-07T20:06:06","date_gmt":"2025-11-07T20:06:06","guid":{"rendered":"https:\/\/www.europesays.com\/lv\/42893\/"},"modified":"2025-11-07T20:06:06","modified_gmt":"2025-11-07T20:06:06","slug":"tramps-iespejams-ungarijai-nepiemeros-sankcijas-par-krievijas-naftas-iegadi","status":"publish","type":"post","link":"https:\/\/www.europesays.com\/lv\/42893\/","title":{"rendered":"Tramps, iesp\u0113jams, Ung\u0101rijai nepiem\u0113ros sankcijas par Krievijas naftas ieg\u0101di"},"content":{"rendered":"<p>&#8220;M\u0113s to izskat\u0101m, jo tai ir \u013coti gr\u016bti ieg\u016bt naftu un g\u0101zi no cit\u0101m teritorij\u0101m. K\u0101 j\u016bs zin\u0101t, vi\u0146iem nav t\u0101das priek\u0161roc\u012bbas k\u0101 j\u016bra,&#8221; tiekoties ar Orb\u0101nu Baltaj\u0101 nam\u0101, \u017eurn\u0101listiem sac\u012bja Tramps.<\/p>\n<p>Orb\u0101ns nor\u0101d\u012bja, ka Krievijas energoresursi ir vit\u0101li svar\u012bgi vi\u0146a valstij.<\/p>\n<p>K\u0101 iepriek\u0161 pauda Ung\u0101rijas premjers, vi\u0146\u0161 Trampam paskaidros, &#8220;k\u0101das sekas ung\u0101ru tautai un Ung\u0101rijas ekonomikai rad\u012btu tas, ja no Krievijas netiktu sa\u0146emta nafta un g\u0101ze&#8221;.<\/p>\n<p>&#8220;Jo mums pieg\u0101d\u0101 cauru\u013cvadi. Cauru\u013cvads nav ideolo\u0123isks vai politisks jaut\u0101jums. T\u0101 ir fiziska realit\u0101te, jo mums nav ostu,&#8221; kl\u0101st\u012bja Orb\u0101ns.<\/p>\n<p>Tramps ar\u012b rosin\u0101ja, ka Eiropas Savien\u012bbas (ES) l\u012bderiem vajadz\u0113tu izr\u0101d\u012bt liel\u0101ku cie\u0146u Orb\u0101nam.<\/p>\n<p>&#8220;Man \u0161\u0137iet, ka vi\u0146iem vajadz\u0113tu cien\u012bt Ung\u0101riju un \u013coti, \u013coti cien\u012bt \u0161o l\u012bderi, jo vi\u0146\u0161 r\u012bkojies pareizi imigr\u0101cijas jaut\u0101jum\u0101,&#8221; pauda Tramps.<\/p>\n<p>&#8220;Paskatieties, kas ar imigr\u0101ciju noticis Eirop\u0101. Cilv\u0113ki p\u0101rpludina Eiropu,&#8221; nor\u0101d\u012bja ASV prezidents.<\/p>\n<p>&#8220;Dodieties uz da\u017e\u0101m valst\u012bm, un t\u0101s tagad nav atpaz\u012bstamas t\u0101 d\u0113\u013c, ko t\u0101s ir izdar\u012bju\u0161as. Un Ung\u0101rija ir \u013coti atpaz\u012bstama,&#8221; kl\u0101st\u012bja Tramps.<\/p>\n<p>&#8220;T\u0101 ir absurda pasaule, k\u0101d\u0101 m\u0113s tagad dz\u012bvojam Eirop\u0101,&#8221; savuk\u0101rt sac\u012bja Orb\u0101ns.<\/p>\n<p>&#8220;M\u0113s esam vien\u012bg\u0101 vald\u012bba Eirop\u0101, kas sevi uzskata par krist\u012bgu vald\u012bbu. Visas p\u0101r\u0113j\u0101s vald\u012bbas Eirop\u0101 b\u016bt\u012bb\u0101 ir liber\u0101li kreisas vald\u012bbas,&#8221; apgalvoja Ung\u0101rijas premjers.<\/p>\n","protected":false},"excerpt":{"rendered":"&#8220;M\u0113s to izskat\u0101m, jo tai ir \u013coti gr\u016bti ieg\u016bt naftu un g\u0101zi no cit\u0101m teritorij\u0101m. K\u0101 j\u016bs zin\u0101t,&hellip;\n","protected":false},"author":2,"featured_media":42894,"comment_status":"","ping_status":"","sticky":false,"template":"","format":"standard","meta":{"footnotes":""},"categories":[14],"tags":[23,57,28,29,542,32,33,22,9502,30,31,35,39,38,36,37,34,40,20,26,27,511,24,25,2508,54,55,56,21,58],"class_list":{"0":"post-42893","1":"post","2":"type-post","3":"status-publish","4":"format-standard","5":"has-post-thumbnail","7":"category-zinas-no-arvalstim","8":"tag-aktualitates","9":"tag-arvalstim","10":"tag-breaking-news","11":"tag-breakingnews","12":"tag-donalds-tramps","13":"tag-featured-news","14":"tag-featurednews","15":"tag-headlines","16":"tag-krievijas-nafta","17":"tag-latest-news","18":"tag-latestnews","19":"tag-latvia","20":"tag-latvian","21":"tag-latviesu","22":"tag-latviesu-valoda","23":"tag-latviesuvaloda","24":"tag-latvija","25":"tag-lv","26":"tag-news","27":"tag-popularakas-zinas","28":"tag-popularakaszinas","29":"tag-sankcijas","30":"tag-top-stories","31":"tag-topstories","32":"tag-viktors-orbans","33":"tag-world","34":"tag-world-news","35":"tag-worldnews","36":"tag-zinas","37":"tag-zinas-no-arvalstim"},"share_on_mastodon":{"url":"https:\/\/pubeurope.com\/@lv\/115510220090911724","error":""},"_links":{"self":[{"href":"https:\/\/www.europesays.com\/lv\/wp-json\/wp\/v2\/posts\/42893","targetHints":{"allow":["GET"]}}],"collection":[{"href":"https:\/\/www.europesays.com\/lv\/wp-json\/wp\/v2\/posts"}],"about":[{"href":"https:\/\/www.europesays.com\/lv\/wp-json\/wp\/v2\/types\/post"}],"author":[{"embeddable":true,"href":"https:\/\/www.europesays.com\/lv\/wp-json\/wp\/v2\/users\/2"}],"replies":[{"embeddable":true,"href":"https:\/\/www.europesays.com\/lv\/wp-json\/wp\/v2\/comments?post=42893"}],"version-history":[{"count":0,"href":"https:\/\/www.europesays.com\/lv\/wp-json\/wp\/v2\/posts\/42893\/revisions"}],"wp:featuredmedia":[{"embeddable":true,"href":"https:\/\/www.europesays.com\/lv\/wp-json\/wp\/v2\/media\/42894"}],"wp:attachment":[{"href":"https:\/\/www.europesays.com\/lv\/wp-json\/wp\/v2\/media?parent=42893"}],"wp:term":[{"taxonomy":"category","embeddable":true,"href":"https:\/\/www.europesays.com\/lv\/wp-json\/wp\/v2\/categories?post=42893"},{"taxonomy":"post_tag","embeddable":true,"href":"https:\/\/www.europesays.com\/lv\/wp-json\/wp\/v2\/tags?post=42893"}],"curies":[{"name":"wp","href":"https:\/\/api.w.org\/{rel}","templated":true}]}}