{"id":42982,"date":"2025-11-08T01:18:09","date_gmt":"2025-11-08T01:18:09","guid":{"rendered":"https:\/\/www.europesays.com\/lv\/42982\/"},"modified":"2025-11-08T01:18:09","modified_gmt":"2025-11-08T01:18:09","slug":"ka-pareizi-finanset-ukrainas-aizsardzibu","status":"publish","type":"post","link":"https:\/\/www.europesays.com\/lv\/42982\/","title":{"rendered":"K\u0101 pareizi finans\u0113t Ukrainas aizsardz\u012bbu?"},"content":{"rendered":"<p><a href=\"https:\/\/www.tvnet.lv\/term\/8497\/ukraina\" class=\"topicLink\" target=\"_blank\" rel=\"nofollow noopener\">Ukraina<\/a> nevar sasniegt uzvaru kar\u0101 pret Krieviju bez t\u016bl\u012bt\u0113jas, pla\u0161a m\u0113roga finansi\u0101las pal\u012bdz\u012bbas no Rietumu sabiedrotajiem. K\u0101 nesen apgalvoja Kan\u0101das bijus\u012b premjerministra vietniece un pa\u0161reiz\u0113j\u0101 Ukrainas atjauno\u0161anas iniciat\u012bvas p\u0101rst\u0101ve Kristija Fr\u012blenda, Rietumiem &#8220;j\u0101str\u0101d\u0101 ar Ukrainu jau \u0161odien, j\u0101atbalsta t\u0101 un t\u0101s kara ekonomika, k\u0101 ar\u012b j\u0101liek pamati t\u0101s turpm\u0101kajai labkl\u0101j\u012bbai&#8221;.<\/p>\n<p>Rietumu l\u012bderiem atkal ir iesp\u0113ja r\u012bkoties izl\u0113m\u012bgi. Iesald\u0113tie Krievijas akt\u012bvi var atbalst\u012bt Ukrainas milit\u0101r\u0101s un ekonomisk\u0101s vajadz\u012bbas, pat bez piln\u012bgas juridiskas konfisk\u0101cijas. Paties\u012bb\u0101 pirmie so\u013ci \u0161aj\u0101 virzien\u0101 jau ir sperti. Pag\u0101ju\u0161aj\u0101 m\u0113nes\u012b Eiropas Komisijas priek\u0161s\u0113d\u0113t\u0101ja Urzula fon der Leiena sav\u0101 run\u0101 par st\u0101vokli savien\u012bb\u0101 aicin\u0101ja nekav\u0113joties nodot Ukrainas r\u012bc\u012bb\u0101 iesald\u0113tos naudas l\u012bdzek\u013cus, kas atrodas \u201cEuroclear\u201d \u2013 aptuveni 170 miljardus eiro \u2013 k\u0101 repar\u0101ciju aizdevumu saska\u0146\u0101 ar n\u0101kamo Starptautisk\u0101 Val\u016btas fonda programmu.<\/p>\n","protected":false},"excerpt":{"rendered":"Ukraina nevar sasniegt uzvaru kar\u0101 pret Krieviju bez t\u016bl\u012bt\u0113jas, pla\u0161a m\u0113roga finansi\u0101las pal\u012bdz\u012bbas no Rietumu sabiedrotajiem. K\u0101 nesen&hellip;\n","protected":false},"author":2,"featured_media":42983,"comment_status":"","ping_status":"","sticky":false,"template":"","format":"standard","meta":{"footnotes":""},"categories":[14],"tags":[1546,23,57,28,29,514,32,33,22,74,30,31,35,39,38,36,37,34,40,71,20,26,27,24,25,276,54,55,56,21,58],"class_list":{"0":"post-42982","1":"post","2":"type-post","3":"status-publish","4":"format-standard","5":"has-post-thumbnail","7":"category-zinas-no-arvalstim","8":"tag-aizsardziba","9":"tag-aktualitates","10":"tag-arvalstim","11":"tag-breaking-news","12":"tag-breakingnews","13":"tag-eiropas-savieniba","14":"tag-featured-news","15":"tag-featurednews","16":"tag-headlines","17":"tag-krievijas-iebrukums-ukraina","18":"tag-latest-news","19":"tag-latestnews","20":"tag-latvia","21":"tag-latvian","22":"tag-latviesu","23":"tag-latviesu-valoda","24":"tag-latviesuvaloda","25":"tag-latvija","26":"tag-lv","27":"tag-nato","28":"tag-news","29":"tag-popularakas-zinas","30":"tag-popularakaszinas","31":"tag-top-stories","32":"tag-topstories","33":"tag-ukraina","34":"tag-world","35":"tag-world-news","36":"tag-worldnews","37":"tag-zinas","38":"tag-zinas-no-arvalstim"},"share_on_mastodon":{"url":"https:\/\/pubeurope.com\/@lv\/115511446876542615","error":""},"_links":{"self":[{"href":"https:\/\/www.europesays.com\/lv\/wp-json\/wp\/v2\/posts\/42982","targetHints":{"allow":["GET"]}}],"collection":[{"href":"https:\/\/www.europesays.com\/lv\/wp-json\/wp\/v2\/posts"}],"about":[{"href":"https:\/\/www.europesays.com\/lv\/wp-json\/wp\/v2\/types\/post"}],"author":[{"embeddable":true,"href":"https:\/\/www.europesays.com\/lv\/wp-json\/wp\/v2\/users\/2"}],"replies":[{"embeddable":true,"href":"https:\/\/www.europesays.com\/lv\/wp-json\/wp\/v2\/comments?post=42982"}],"version-history":[{"count":0,"href":"https:\/\/www.europesays.com\/lv\/wp-json\/wp\/v2\/posts\/42982\/revisions"}],"wp:featuredmedia":[{"embeddable":true,"href":"https:\/\/www.europesays.com\/lv\/wp-json\/wp\/v2\/media\/42983"}],"wp:attachment":[{"href":"https:\/\/www.europesays.com\/lv\/wp-json\/wp\/v2\/media?parent=42982"}],"wp:term":[{"taxonomy":"category","embeddable":true,"href":"https:\/\/www.europesays.com\/lv\/wp-json\/wp\/v2\/categories?post=42982"},{"taxonomy":"post_tag","embeddable":true,"href":"https:\/\/www.europesays.com\/lv\/wp-json\/wp\/v2\/tags?post=42982"}],"curies":[{"name":"wp","href":"https:\/\/api.w.org\/{rel}","templated":true}]}}