{"id":43000,"date":"2025-11-08T03:32:12","date_gmt":"2025-11-08T03:32:12","guid":{"rendered":"https:\/\/www.europesays.com\/lv\/43000\/"},"modified":"2025-11-08T03:32:12","modified_gmt":"2025-11-08T03:32:12","slug":"asv-valdibas-dikstave-sasniedz-jaunu-rekordu-ekonomika-zaude-miljardiem-dolaru-lente-lv","status":"publish","type":"post","link":"https:\/\/www.europesays.com\/lv\/43000\/","title":{"rendered":"ASV vald\u012bbas d\u012bkst\u0101ve sasniedz jaunu rekordu; ekonomika zaud\u0113 miljardiem dol\u0101ru\u00a0\u2014\u00a0Lente.lv"},"content":{"rendered":"<p>ASV vald\u012bbas d\u012bkst\u0101ve sasniedz jaunu rekordu, ekonomikai radot miljardu dol\u0101ru zaud\u0113jumus<\/p>\n<p>Pa\u0161reiz\u0113j\u0101 ASV vald\u012bbas d\u012bkst\u0101ve ir k\u013cuvusi par v\u0113stur\u0113 gar\u0101ko, un v\u0113l nav redzams risin\u0101jums politiskajam strupce\u013cam. Vald\u012bbas darb\u012bbas p\u0101rtraukums, kas s\u0101k\u0101s pirms vair\u0101k\u0101m ned\u0113\u013c\u0101m, ir rad\u012bjis iev\u0113rojamus ekonomiskos zaud\u0113jumus, kas m\u0113r\u0101mi miljardos dol\u0101ru. Milz\u012bgs skaits feder\u0101lo darbinieku ir spiests str\u0101d\u0101t bez samaksas vai ir devu\u0161ies d\u012bkst\u0101v\u0113, ietekm\u0113jot da\u017e\u0101das tautsaimniec\u012bbas nozares un radot nenoteikt\u012bbu gan uz\u0146\u0113m\u0113jiem, gan iedz\u012bvot\u0101jiem.<\/p>\n<p>Prezidents Donalds Tramps par d\u012bkst\u0101vi vaino demokr\u0101tus, nosaucot vi\u0146us par &#8220;kamikadz\u0113m&#8221;, kuri nev\u0113las sadarboties jaut\u0101jum\u0101 par robe\u017eas dro\u0161\u012bbu un finans\u0113jumu sienas izb\u016bvei. Savuk\u0101rt demokr\u0101ti uzst\u0101j, ka nav gatavi piek\u0101pties Trampa pras\u012bb\u0101m, \u012bpa\u0161i attiec\u012bb\u0101 uz sienu, ko vi\u0146i uzskata par neefekt\u012bvu un amor\u0101lu risin\u0101jumu. \u0160is politiskais strupce\u013c\u0161 rada nopietnu izaicin\u0101jumu valsts p\u0101rvald\u012bbai un grauj uztic\u012bbu politiskaj\u0101m instit\u016bcij\u0101m.<\/p>\n<p>Ekonomisk\u0101s sekas un ietekme uz tautsaimniec\u012bbu<\/p>\n<p>Vald\u012bbas d\u012bkst\u0101ves ietekme uz ekonomiku ir pla\u0161a un graujo\u0161a. T\u016bksto\u0161iem feder\u0101lo darbinieku, kuriem nav pie\u0161\u0137irts finans\u0113jums, ir spiesti str\u0101d\u0101t bez atalgojuma vai ir piln\u012bb\u0101 d\u012bkst\u0101v\u0113. Tas noz\u012bm\u0113, ka vi\u0146i nesa\u0146em algas, kas savuk\u0101rt samazina vi\u0146u pirktsp\u0113ju un ietekm\u0113 mazos uz\u0146\u0113mumus un pakalpojumu sniedz\u0113jus, kas ir atkar\u012bgi no \u0161o darbinieku pat\u0113ri\u0146a. Liel\u0101kie zaud\u0113jumi rodas no atliktajiem vald\u012bbas pas\u016bt\u012bjumiem un l\u012bgumiem, kas ietekm\u0113 da\u017e\u0101das nozares, s\u0101kot no b\u016bvniec\u012bbas l\u012bdz tehnolo\u0123ij\u0101m.<\/p>\n<p>Anal\u012bti\u0137i l\u0113\u0161, ka katra d\u012bkst\u0101ves diena ASV ekonomikai izmaks\u0101 aptuveni 1,2 miljardus dol\u0101ru. \u0160ie zaud\u0113jumi ir ne tikai tie\u0161i finansi\u0101li, bet ar\u012b netie\u0161i, radot nenoteikt\u012bbu tirg\u016b un atturot invest\u012bcijas. T\u016brisma nozare ir \u012bpa\u0161i cietusi, jo sl\u0113gti nacion\u0101lie parki un muzeji, kas piesaista miljoniem apmekl\u0113t\u0101ju. T\u0101pat tiek aizkav\u0113tas svar\u012bgas vald\u012bbas funkcijas, piem\u0113ram, nodok\u013cu administr\u0113\u0161ana un uz\u0146\u0113m\u0113jdarb\u012bbas at\u013cauju izsnieg\u0161ana, kas var rad\u012bt ilgtermi\u0146a negat\u012bvas sekas.<\/p>\n<p>Politisk\u0101 spriedze un bezcer\u012bg\u0101 situ\u0101cija<\/p>\n<p>Politisko partiju starp\u0101 valda dzi\u013ca neuztic\u012bba un spriedze. Prezidenta Trampa piepras\u012bjums p\u0113c finans\u0113juma Meksikas robe\u017eas sienas izb\u016bvei ir k\u013cuvis par galveno \u0161\u0137\u0113rsli vieno\u0161an\u0101s pan\u0101k\u0161anai. Demokr\u0101ti uzskata, ka \u0161\u012b pras\u012bba ir nepie\u0146emama un ka sienas b\u016bvniec\u012bba nav efekt\u012bvs veids, k\u0101 nodro\u0161in\u0101t robe\u017eas dro\u0161\u012bbu. Vi\u0146i aicina mekl\u0113t citas, racion\u0101l\u0101kas pieejas imigr\u0101cijas probl\u0113mu risin\u0101\u0161anai.<\/p>\n<p>Sarunas starp Baltajiem nama un Kongresa p\u0101rst\u0101vjiem ir biju\u0161as bezrezultat\u012bvas, un abas puses turpina savstarp\u0113ji aps\u016bdz\u0113t viena otru. Prezidents Tramps ir draud\u0113jis izmantot izpildvaras pilnvaras, lai apietu Kongresu un nodro\u0161in\u0101tu finans\u0113jumu sienai, ta\u010du \u0161\u0101ds solis var\u0113tu izrais\u012bt v\u0113l liel\u0101ku politisko kr\u012bzi un tiesu str\u012bdus. Situ\u0101cija ir k\u013cuvusi par politisku sp\u0113li, kur\u0101 zaud\u0113t\u0101ji ir gan valsts darbinieki, gan visa ASV tautsaimniec\u012bba.<\/p>\n<p>Iesp\u0113jam\u0101s n\u0101kotnes scen\u0101riji un risin\u0101jumi<\/p>\n<p>Pa\u0161laik nav skaidrs, cik ilgi \u0161\u012b d\u012bkst\u0101ve turpin\u0101sies. Da\u017ei anal\u012bti\u0137i prognoz\u0113, ka t\u0101 var\u0113tu ieilgt v\u0113l vair\u0101kus m\u0113ne\u0161us, jo abas politisk\u0101s puses ir stingri nost\u0101ju\u0161\u0101s sav\u0101s poz\u012bcij\u0101s. Citi cer, ka spiediens no tautsaimniec\u012bbas sektora un sabiedr\u012bbas var\u0113tu piespiest politi\u0137us mekl\u0113t kompromisu. Iesp\u0113jamie risin\u0101jumi var\u0113tu ietvert da\u013c\u0113ju vieno\u0161anos par bud\u017eetu, kas \u013cautu atjaunot da\u017eas vald\u012bbas funkcijas, vai ar\u012b ilgsto\u0161u konfront\u0101ciju, kas turpin\u0101tu graut valsts ekonomiku un starptautisko t\u0113lu.<\/p>\n<p>\u0160\u012b bezprecedenta situ\u0101cija uzsver nepiecie\u0161am\u012bbu p\u0113c konstrukt\u012bv\u0101ka dialoga un kompromisu mekl\u0113\u0161anas politiskaj\u0101 ar\u0113n\u0101. ASV tautai ir j\u0101redz, ka t\u0101s l\u012bderi sp\u0113j sadarboties un rast risin\u0101jumus valsts probl\u0113m\u0101m, nevis tikai uztur\u0113t savstarp\u0113ju konfront\u0101ciju. Tikai \u0161\u0101d\u0101 veid\u0101 var\u0113tu nov\u0113rst turpm\u0101kus ekonomiskos zaud\u0113jumus un atjaunot sabiedr\u012bbas uztic\u012bbu vald\u012bbai.<\/p>\n","protected":false},"excerpt":{"rendered":"ASV vald\u012bbas d\u012bkst\u0101ve sasniedz jaunu rekordu, ekonomikai radot miljardu dol\u0101ru zaud\u0113jumus Pa\u0161reiz\u0113j\u0101 ASV vald\u012bbas d\u012bkst\u0101ve ir k\u013cuvusi par&hellip;\n","protected":false},"author":2,"featured_media":43001,"comment_status":"","ping_status":"","sticky":false,"template":"","format":"standard","meta":{"footnotes":""},"categories":[5],"tags":[23,11545,28,29,11547,542,12130,32,33,22,30,31,35,39,38,36,37,34,40,20,11546,26,27,24,25,21],"class_list":{"0":"post-43000","1":"post","2":"type-post","3":"status-publish","4":"format-standard","5":"has-post-thumbnail","7":"category-aktualitates","8":"tag-aktualitates","9":"tag-asv-valdibas-dikstave","10":"tag-breaking-news","11":"tag-breakingnews","12":"tag-demokrati","13":"tag-donalds-tramps","14":"tag-ekonomiskie-zaudejumi","15":"tag-featured-news","16":"tag-featurednews","17":"tag-headlines","18":"tag-latest-news","19":"tag-latestnews","20":"tag-latvia","21":"tag-latvian","22":"tag-latviesu","23":"tag-latviesu-valoda","24":"tag-latviesuvaloda","25":"tag-latvija","26":"tag-lv","27":"tag-news","28":"tag-politiskais-strupcels","29":"tag-popularakas-zinas","30":"tag-popularakaszinas","31":"tag-top-stories","32":"tag-topstories","33":"tag-zinas"},"share_on_mastodon":{"url":"https:\/\/pubeurope.com\/@lv\/115511973884963459","error":""},"_links":{"self":[{"href":"https:\/\/www.europesays.com\/lv\/wp-json\/wp\/v2\/posts\/43000","targetHints":{"allow":["GET"]}}],"collection":[{"href":"https:\/\/www.europesays.com\/lv\/wp-json\/wp\/v2\/posts"}],"about":[{"href":"https:\/\/www.europesays.com\/lv\/wp-json\/wp\/v2\/types\/post"}],"author":[{"embeddable":true,"href":"https:\/\/www.europesays.com\/lv\/wp-json\/wp\/v2\/users\/2"}],"replies":[{"embeddable":true,"href":"https:\/\/www.europesays.com\/lv\/wp-json\/wp\/v2\/comments?post=43000"}],"version-history":[{"count":0,"href":"https:\/\/www.europesays.com\/lv\/wp-json\/wp\/v2\/posts\/43000\/revisions"}],"wp:featuredmedia":[{"embeddable":true,"href":"https:\/\/www.europesays.com\/lv\/wp-json\/wp\/v2\/media\/43001"}],"wp:attachment":[{"href":"https:\/\/www.europesays.com\/lv\/wp-json\/wp\/v2\/media?parent=43000"}],"wp:term":[{"taxonomy":"category","embeddable":true,"href":"https:\/\/www.europesays.com\/lv\/wp-json\/wp\/v2\/categories?post=43000"},{"taxonomy":"post_tag","embeddable":true,"href":"https:\/\/www.europesays.com\/lv\/wp-json\/wp\/v2\/tags?post=43000"}],"curies":[{"name":"wp","href":"https:\/\/api.w.org\/{rel}","templated":true}]}}