{"id":43091,"date":"2025-11-08T07:23:09","date_gmt":"2025-11-08T07:23:09","guid":{"rendered":"https:\/\/www.europesays.com\/lv\/43091\/"},"modified":"2025-11-08T07:23:09","modified_gmt":"2025-11-08T07:23:09","slug":"deputati-pieprasa-skaidrojumu-par-miljardu-eiro-lente-lv","status":"publish","type":"post","link":"https:\/\/www.europesays.com\/lv\/43091\/","title":{"rendered":"deput\u0101ti pieprasa skaidrojumu par miljardu eiro\u00a0\u2014\u00a0Lente.lv"},"content":{"rendered":"<p>Miljarda eiro oblig\u0101ciju programma: &#8220;Latvenergo&#8221; sniegs paskaidrojumus<\/p>\n<p>Nesen opoz\u012bcij\u0101 eso\u0161ie &#8220;Apvienot\u0101 saraksta&#8221; (AS) deput\u0101ti izteiku\u0161i nopietnas ba\u017eas par AS &#8220;Latvenergo&#8221; veidoto miljarda eiro oblig\u0101ciju programmu, pieprasot detaliz\u0113tus skaidrojumus no ekonomikas ministra Viktora Valai\u0146a. \u0160is solis signaliz\u0113 par iesp\u0113jam\u0101m neskaidr\u012bb\u0101m un nepiecie\u0161am\u012bbu nodro\u0161in\u0101t publisku atbild\u012bbu par valsts noz\u012bm\u012bga ener\u0123\u0113tikas uz\u0146\u0113muma finan\u0161u dar\u012bjumiem.<\/p>\n<p>Ba\u017eas par finan\u0161u instrumentu izmanto\u0161anu<\/p>\n<p>Deput\u0101tu iesniegtais piepras\u012bjums uzsver nepiecie\u0161am\u012bbu izprast oblig\u0101ciju programmas detaliz\u0113to saturu un m\u0113r\u0137us. &#8220;Latvenergo&#8221; k\u0101 valstij piedero\u0161s uz\u0146\u0113mums darbojas strat\u0113\u0123isk\u0101 nozar\u0113, un jebkuri lieli finan\u0161u dar\u012bjumi, \u012bpa\u0161i tie, kas saist\u012bti ar oblig\u0101ciju emisiju, prasa maksim\u0101lu caursp\u012bd\u012bgumu un sabiedr\u012bbas uztic\u0113\u0161anos. \u0160\u0101das programmas bie\u017ei vien tiek izmantotas, lai piesaist\u012btu finans\u0113jumu lieliem invest\u012bciju projektiem, ta\u010du jaut\u0101jumi rodas par to, k\u0101 \u0161\u012b programma tiks struktur\u0113ta un k\u0101di riski ar to saist\u012bti.<\/p>\n<p>Nepiecie\u0161am\u012bba p\u0113c skaidr\u012bbas un atbild\u012bbas<\/p>\n<p>Ener\u0123\u0113tikas dro\u0161\u012bba un stabilit\u0101te ir jaut\u0101jumi, kas skar ikvienu Latvijas iedz\u012bvot\u0101ju. T\u0101p\u0113c ir piln\u012bgi dab\u012bgi, ka parlament\u0101rie\u0161iem rodas jaut\u0101jumi par tik apjom\u012bgiem finan\u0161u instrumentiem k\u0101 miljarda eiro oblig\u0101ciju programma. Nezi\u0146a \u0161aj\u0101 jaut\u0101jum\u0101 var rad\u012bt ba\u017eas par l\u012bdzek\u013cu efekt\u012bvu izlietojumu un iesp\u0113jam\u0101m finansi\u0101l\u0101m saist\u012bb\u0101m n\u0101kotn\u0113. K\u0101 spilgts piem\u0113rs, sal\u012bdzin\u0101jumam, var\u0113tu min\u0113t situ\u0101cijas, kur\u0101s valsts uz\u0146\u0113mumu veiktie dar\u012bjumi ir rad\u012bju\u0161i nevajadz\u012bgu slogu bud\u017eetam vai nodok\u013cu maks\u0101t\u0101jiem.<\/p>\n<p>V\u0101rdabr\u012bdi par n\u0101kotnes invest\u012bcij\u0101m<\/p>\n<p>AS &#8220;Latvenergo&#8221; oblig\u0101ciju programma var\u0113tu b\u016bt v\u0113rsta uz za\u013c\u0101s ener\u0123ijas projektu att\u012bst\u012bbu, atjaunojamo energoresursu izmanto\u0161anas veicin\u0101\u0161anu vai eso\u0161\u0101s infrastrukt\u016bras moderniz\u0101ciju. Tom\u0113r bez skaidriem pazi\u0146ojumiem un detaliz\u0113tas inform\u0101cijas sabiedr\u012bba un politi\u0137i ir spiesti min\u0113t un ba\u017e\u012bties par iesp\u0113jam\u0101m sek\u0101m. Ekonomikas ministra uzdevums ir nodro\u0161in\u0101t, ka visi \u0161\u0101di procesi norit tiesiski, efekt\u012bvi un atbilsto\u0161i valsts interes\u0113m.<\/p>\n<p>Ko t\u0101l\u0101k?<\/p>\n<p>\u0160is politiskais piepras\u012bjums ir svar\u012bgs solis ce\u013c\u0101 uz liel\u0101ku p\u0101rredzam\u012bbu. Ir sagaid\u0101ms, ka &#8220;Latvenergo&#8221; un Ekonomikas ministrija sniegs atbildes, kas klied\u0113s visas \u0161aubas un skaidros oblig\u0101ciju programmas deta\u013cas. Sabiedr\u012bbai ir ties\u012bbas zin\u0101t, k\u0101 tiek pl\u0101nots r\u012bkoties ar tik iev\u0113rojamiem finan\u0161u resursiem, it \u012bpa\u0161i laik\u0101, kad ener\u0123\u0113tikas sektors piedz\u012bvo straujas p\u0101rmai\u0146as un glob\u0101las izaicin\u0101jumus. Turpm\u0101k\u0101 inform\u0101cija par \u0161o jaut\u0101jumu tiks sekota l\u012bdzi ar lielu interesi.<\/p>\n","protected":false},"excerpt":{"rendered":"Miljarda eiro oblig\u0101ciju programma: &#8220;Latvenergo&#8221; sniegs paskaidrojumus Nesen opoz\u012bcij\u0101 eso\u0161ie &#8220;Apvienot\u0101 saraksta&#8221; (AS) deput\u0101ti izteiku\u0161i nopietnas ba\u017eas par&hellip;\n","protected":false},"author":2,"featured_media":43092,"comment_status":"","ping_status":"","sticky":false,"template":"","format":"standard","meta":{"footnotes":""},"categories":[16],"tags":[77,76,2838,12168,3075,35,39,38,36,37,34,40,12166,12167],"class_list":{"0":"post-43091","1":"post","2":"type-post","3":"status-publish","4":"format-standard","5":"has-post-thumbnail","7":"category-bizness","8":"tag-bizness","9":"tag-business","10":"tag-ekonomikas-ministrija","11":"tag-finansu-jautajumi","12":"tag-latvenergo","13":"tag-latvia","14":"tag-latvian","15":"tag-latviesu","16":"tag-latviesu-valoda","17":"tag-latviesuvaloda","18":"tag-latvija","19":"tag-lv","20":"tag-obligaciju-programma","21":"tag-viktor-valainis"},"share_on_mastodon":{"url":"https:\/\/pubeurope.com\/@lv\/115512882201693456","error":""},"_links":{"self":[{"href":"https:\/\/www.europesays.com\/lv\/wp-json\/wp\/v2\/posts\/43091","targetHints":{"allow":["GET"]}}],"collection":[{"href":"https:\/\/www.europesays.com\/lv\/wp-json\/wp\/v2\/posts"}],"about":[{"href":"https:\/\/www.europesays.com\/lv\/wp-json\/wp\/v2\/types\/post"}],"author":[{"embeddable":true,"href":"https:\/\/www.europesays.com\/lv\/wp-json\/wp\/v2\/users\/2"}],"replies":[{"embeddable":true,"href":"https:\/\/www.europesays.com\/lv\/wp-json\/wp\/v2\/comments?post=43091"}],"version-history":[{"count":0,"href":"https:\/\/www.europesays.com\/lv\/wp-json\/wp\/v2\/posts\/43091\/revisions"}],"wp:featuredmedia":[{"embeddable":true,"href":"https:\/\/www.europesays.com\/lv\/wp-json\/wp\/v2\/media\/43092"}],"wp:attachment":[{"href":"https:\/\/www.europesays.com\/lv\/wp-json\/wp\/v2\/media?parent=43091"}],"wp:term":[{"taxonomy":"category","embeddable":true,"href":"https:\/\/www.europesays.com\/lv\/wp-json\/wp\/v2\/categories?post=43091"},{"taxonomy":"post_tag","embeddable":true,"href":"https:\/\/www.europesays.com\/lv\/wp-json\/wp\/v2\/tags?post=43091"}],"curies":[{"name":"wp","href":"https:\/\/api.w.org\/{rel}","templated":true}]}}