{"id":43103,"date":"2025-11-08T07:34:08","date_gmt":"2025-11-08T07:34:08","guid":{"rendered":"https:\/\/www.europesays.com\/lv\/43103\/"},"modified":"2025-11-08T07:34:08","modified_gmt":"2025-11-08T07:34:08","slug":"brazilijas-volejbolistei-pieprasa-veikt-dzimuma-parbaudi","status":"publish","type":"post","link":"https:\/\/www.europesays.com\/lv\/43103\/","title":{"rendered":"Braz\u012blijas volejbolistei pieprasa veikt dzimuma p\u0101rbaudi"},"content":{"rendered":"<p>32 gadus vecajai sp\u0113l\u0113t\u0101jai aizliegts piedal\u012bties sacens\u012bb\u0101s kop\u0161 oktobra p\u0113c tam, kad Alb\u0101nijas Volejbola feder\u0101cija (FSHV) piepras\u012bja vi\u0146ai veikt dzimuma testu.<\/p>\n<p>Aps\u016bdz\u012bbas izvirz\u012bju\u0161as &#8220;Vllaznia&#8221; un &#8220;Pogradeci&#8221; komandas, kuras uzskata, ka Ferreira ir v\u012brietis vai lieto hormon\u0101lo terapiju. Tom\u0113r neviena no pus\u0113m nav sniegusi pier\u0101d\u012bjumus, kas apstiprin\u0101tu \u0161os apgalvojumus.<\/p>\n<p>&#8220;Tiks veiktas atbilsto\u0161as anal\u012bzes, lai p\u0101rbaud\u012btu sp\u0113l\u0113t\u0101jas dabisk\u0101s fizisk\u0101s sp\u0113jas un noteiktu vi\u0146as dzimumu,&#8221; teikts feder\u0101cijas pazi\u0146ojum\u0101.<\/p>\n<p>Tir\u0101nas &#8220;Dinamo&#8221; vad\u012bba \u0161o l\u0113mumu nosaukusi par absurdu un aizvainojo\u0161u, aizst\u0101vot savu sp\u0113l\u0113t\u0101ju k\u0101 pieredz\u0113ju\u0161u profesion\u0101li ar ilggad\u0113ju karjeru.<\/p>\n<p>Ferreira intervij\u0101 &#8220;Deutsche Welle&#8221; atzina, ka situ\u0101cija vi\u0146u novedusi l\u012bdz depresijai. &#8220;Man \u0161\u0137iet, ka es j\u016bku pr\u0101t\u0101. Es daudz dom\u0101ju, k\u0101p\u0113c tas notiek ar mani un k\u0101p\u0113c vi\u0146i man to nodara. Esmu sp\u0113l\u0113jusi septi\u0146\u0101s valst\u012bs, tostarp Sa\u016bda Ar\u0101bij\u0101, un neviens nekad neko t\u0101du nav piepras\u012bjis vai jaut\u0101jis.&#8221;<\/p>\n<p>Vi\u0146a ar\u012b nor\u0101d\u012bja, ka baid\u0101s iziet uz ielas: &#8220;Katru reizi, kad eju \u0101r\u0101, man ir bail, ka kaut kas var\u0113tu notikt.&#8221;<\/p>\n<p>Starptautisk\u0101 Volejbola feder\u0101cija (FIVB) apstiprin\u0101jusi, ka ir sazin\u0101jusies gan ar Ferreiru, gan ar Alb\u0101nijas Volejbola feder\u0101ciju, ta\u010du nor\u0101d\u012bjusi, ka par nacion\u0101laj\u0101m sacens\u012bb\u0101m atbild katras valsts feder\u0101cija.<\/p>\n","protected":false},"excerpt":{"rendered":"32 gadus vecajai sp\u0113l\u0113t\u0101jai aizliegts piedal\u012bties sacens\u012bb\u0101s kop\u0161 oktobra p\u0113c tam, kad Alb\u0101nijas Volejbola feder\u0101cija (FSHV) piepras\u012bja vi\u0146ai&hellip;\n","protected":false},"author":2,"featured_media":43104,"comment_status":"","ping_status":"","sticky":false,"template":"","format":"standard","meta":{"footnotes":""},"categories":[17],"tags":[35,39,38,36,37,34,40,67,2848],"class_list":{"0":"post-43103","1":"post","2":"type-post","3":"status-publish","4":"format-standard","5":"has-post-thumbnail","7":"category-sports","8":"tag-latvia","9":"tag-latvian","10":"tag-latviesu","11":"tag-latviesu-valoda","12":"tag-latviesuvaloda","13":"tag-latvija","14":"tag-lv","15":"tag-sports","16":"tag-volejbols-pasaule"},"share_on_mastodon":{"url":"https:\/\/pubeurope.com\/@lv\/115512925560105665","error":""},"_links":{"self":[{"href":"https:\/\/www.europesays.com\/lv\/wp-json\/wp\/v2\/posts\/43103","targetHints":{"allow":["GET"]}}],"collection":[{"href":"https:\/\/www.europesays.com\/lv\/wp-json\/wp\/v2\/posts"}],"about":[{"href":"https:\/\/www.europesays.com\/lv\/wp-json\/wp\/v2\/types\/post"}],"author":[{"embeddable":true,"href":"https:\/\/www.europesays.com\/lv\/wp-json\/wp\/v2\/users\/2"}],"replies":[{"embeddable":true,"href":"https:\/\/www.europesays.com\/lv\/wp-json\/wp\/v2\/comments?post=43103"}],"version-history":[{"count":0,"href":"https:\/\/www.europesays.com\/lv\/wp-json\/wp\/v2\/posts\/43103\/revisions"}],"wp:featuredmedia":[{"embeddable":true,"href":"https:\/\/www.europesays.com\/lv\/wp-json\/wp\/v2\/media\/43104"}],"wp:attachment":[{"href":"https:\/\/www.europesays.com\/lv\/wp-json\/wp\/v2\/media?parent=43103"}],"wp:term":[{"taxonomy":"category","embeddable":true,"href":"https:\/\/www.europesays.com\/lv\/wp-json\/wp\/v2\/categories?post=43103"},{"taxonomy":"post_tag","embeddable":true,"href":"https:\/\/www.europesays.com\/lv\/wp-json\/wp\/v2\/tags?post=43103"}],"curies":[{"name":"wp","href":"https:\/\/api.w.org\/{rel}","templated":true}]}}