{"id":43113,"date":"2025-11-08T07:44:12","date_gmt":"2025-11-08T07:44:12","guid":{"rendered":"https:\/\/www.europesays.com\/lv\/43113\/"},"modified":"2025-11-08T07:44:12","modified_gmt":"2025-11-08T07:44:12","slug":"horoskops-sestdienai-8-novembrim-apollo-lv","status":"publish","type":"post","link":"https:\/\/www.europesays.com\/lv\/43113\/","title":{"rendered":"Horoskops sestdienai &#8211; 8. novembrim &#8211; Apollo.lv"},"content":{"rendered":"<ol>\n<li><a href=\"https:\/\/news.google.com\/rss\/articles\/CBMib0FVX3lxTFA4ZEE5SFI4TzJqTTEtdmlzTzdNUGVVVTRJM3BHSEZOYzNzLUdqTlEyVmRzcmoxa3QtTGRUcmgwWWxubkdoVmpqVzVmTHlGaWZydE5EMFVFVm1ub00tMmRDUTVlMW5PckxXNm9SVEJpOA?oc=5\" target=\"_blank\" rel=\"nofollow noopener\">Horoskops sestdienai &#8211; 8. novembrim<\/a>&nbsp;&nbsp;Apollo.lv<\/li>\n<li><a href=\"https:\/\/news.google.com\/rss\/articles\/CBMiqgFBVV95cUxPbHF2N29XSHdkWERlOXBjeWRGcjhiNFMtS3dNV2djUi1BN2JIcUVva2VxMl85VnUwNFo5QUVFekZtV1pXRkRmMEFJWHVxOFhGRzZyZUx5V29OTGlsVF9RdE8wSld1c1pHVTIyN0hkRkw0SnVLaXJGMFBMUHIzVFN6MFFhR0d4Ym84czRSc2pPVzRyMDhQaGtGWEN6dW8zMmlHUmNZM3Uwb2Nidw?oc=5\" target=\"_blank\" rel=\"nofollow noopener\">Horoskopi 8. novembrim. \u0160odien iek\u0161\u0113jais l\u012bdzsvars ir daudz svar\u012bg\u0101ks par \u0101r\u0113jo aktivit\u0101ti<\/a>&nbsp;&nbsp;LA.LV<\/li>\n<li><a href=\"https:\/\/news.google.com\/rss\/articles\/CBMiygFBVV95cUxOZS1CVGRuVU1PczZVUkNFdGg1QWVJZUFiNmFsa0gyNnVKZmNad1NQODhDc2M1YWlqYlB4QVlhc0d4WkM2bldCQXE0U0JCdE11NTJDYTVfdDg1ZkU3MHhuVnJldHBSdlV0NGpQOWNxQ281MmVmWHZpTjlLZ19sbEprcDQtN1c2bl84bm9tQkJXY1g2d3M5U0d1UEdVRU5DemMwcUhlMXdESEQ1blg0QXRtbWt6V1hVT2I2M192al9PR0lUZlpScEZXeFZR?oc=5\" target=\"_blank\" rel=\"nofollow noopener\">K\u0101p\u0113c j\u0101skat\u0101s, k\u0101 deg svece &#8211; mier\u012bgi vai ne: k\u0101das lietas sola laimi, satic\u012bbu un p\u0101rtic\u012bbu 8. novembr\u012b<\/a>&nbsp;&nbsp;Dzentlmenis.lv<\/li>\n<li><a href=\"https:\/\/news.google.com\/rss\/articles\/CBMidkFVX3lxTE03aTBsamNmNXR3dmlEZFpsaUt6TnZfbmJkUGRDcHFUZEN4REtBTVF6VHdUYmEwbnY4WThpcnIzcndYWlVOSmNwVm9PT29oN3FvajNGYUZsME42SmhzVk5ORzhzVmUzMEJsMnlKVHVfV0FYZ3E2Q1E?oc=5\" target=\"_blank\" rel=\"nofollow noopener\">V\u0113r\u0161iem lab\u0101k neko nepl\u0101not, Svariem var b\u016bt p\u0113k\u0161\u0146as p\u0101rmai\u0146as \u0123imenes dz\u012bv\u0113 \u2013 8. novembra horoskops<\/a>&nbsp;&nbsp;tv3.lv<\/li>\n<li><a href=\"https:\/\/news.google.com\/rss\/articles\/CBMi3AFBVV95cUxPTnNkeVJOSVZJWU96Y1hlZlhnTVJHUE9jLWhtaGN0QVFZLTZzbDU2Y1JWNWV0UWRCMkx3MzZCRS1ZSlBNYm5Ebk93b1dkbDJkSzZyUWI1Y2IwY255MVhyQ3VVdG12TTJjcE5iTW90M001VnhyMFZFenlPSkJzZkhGRU5UVDBzeF9ubVQybF80Zy1LeUlfZXIyREhRR1d2WFVCQ0J4RVFyQkxPbE9jbzJFbGp4Wk5NbDRfaW5fSHN5YzV0V1J6UUVjUzZZRGljd3YtcG5rM3dMclJEb2NG?oc=5\" target=\"_blank\" rel=\"nofollow noopener\">Dilsto\u0161s zelta m\u0113ness ieiet V\u0113\u017ea z\u012bm\u0113 2025. gada 8. novembr\u012b: Auniem gaid\u0101ma liela veiksme, V\u0113r\u0161iem atp\u016bta<\/a>&nbsp;&nbsp;Spogulis Baltic<\/li>\n<\/ol>\n","protected":false},"excerpt":{"rendered":"Horoskops sestdienai &#8211; 8. novembrim&nbsp;&nbsp;Apollo.lv Horoskopi 8. novembrim. \u0160odien iek\u0161\u0113jais l\u012bdzsvars ir daudz svar\u012bg\u0101ks par \u0101r\u0113jo aktivit\u0101ti&nbsp;&nbsp;LA.LV K\u0101p\u0113c&hellip;\n","protected":false},"author":2,"featured_media":43114,"comment_status":"","ping_status":"","sticky":false,"template":"","format":"standard","meta":{"footnotes":""},"categories":[5],"tags":[23,28,29,1323,32,33,22,760,562,30,31,35,39,38,36,37,34,40,20,26,27,24,25,21],"class_list":{"0":"post-43113","1":"post","2":"type-post","3":"status-publish","4":"format-standard","5":"has-post-thumbnail","7":"category-aktualitates","8":"tag-aktualitates","9":"tag-breaking-news","10":"tag-breakingnews","11":"tag-dienas-horoskops","12":"tag-featured-news","13":"tag-featurednews","14":"tag-headlines","15":"tag-horoskopi","16":"tag-horoskops","17":"tag-latest-news","18":"tag-latestnews","19":"tag-latvia","20":"tag-latvian","21":"tag-latviesu","22":"tag-latviesu-valoda","23":"tag-latviesuvaloda","24":"tag-latvija","25":"tag-lv","26":"tag-news","27":"tag-popularakas-zinas","28":"tag-popularakaszinas","29":"tag-top-stories","30":"tag-topstories","31":"tag-zinas"},"share_on_mastodon":{"url":"https:\/\/pubeurope.com\/@lv\/115512964902096530","error":""},"_links":{"self":[{"href":"https:\/\/www.europesays.com\/lv\/wp-json\/wp\/v2\/posts\/43113","targetHints":{"allow":["GET"]}}],"collection":[{"href":"https:\/\/www.europesays.com\/lv\/wp-json\/wp\/v2\/posts"}],"about":[{"href":"https:\/\/www.europesays.com\/lv\/wp-json\/wp\/v2\/types\/post"}],"author":[{"embeddable":true,"href":"https:\/\/www.europesays.com\/lv\/wp-json\/wp\/v2\/users\/2"}],"replies":[{"embeddable":true,"href":"https:\/\/www.europesays.com\/lv\/wp-json\/wp\/v2\/comments?post=43113"}],"version-history":[{"count":0,"href":"https:\/\/www.europesays.com\/lv\/wp-json\/wp\/v2\/posts\/43113\/revisions"}],"wp:featuredmedia":[{"embeddable":true,"href":"https:\/\/www.europesays.com\/lv\/wp-json\/wp\/v2\/media\/43114"}],"wp:attachment":[{"href":"https:\/\/www.europesays.com\/lv\/wp-json\/wp\/v2\/media?parent=43113"}],"wp:term":[{"taxonomy":"category","embeddable":true,"href":"https:\/\/www.europesays.com\/lv\/wp-json\/wp\/v2\/categories?post=43113"},{"taxonomy":"post_tag","embeddable":true,"href":"https:\/\/www.europesays.com\/lv\/wp-json\/wp\/v2\/tags?post=43113"}],"curies":[{"name":"wp","href":"https:\/\/api.w.org\/{rel}","templated":true}]}}