{"id":43124,"date":"2025-11-08T07:51:11","date_gmt":"2025-11-08T07:51:11","guid":{"rendered":"https:\/\/www.europesays.com\/lv\/43124\/"},"modified":"2025-11-08T07:51:11","modified_gmt":"2025-11-08T07:51:11","slug":"miks-galvanovskis-parsteidz-ar-verienigu-piecu-singlu-un-videoklipu-izlasi-lente-lv","status":"publish","type":"post","link":"https:\/\/www.europesays.com\/lv\/43124\/","title":{"rendered":"Miks Galvanovskis p\u0101rsteidz ar v\u0113rien\u012bgu piecu singlu un videoklipu izlasi\u00a0\u2014\u00a0Lente.lv"},"content":{"rendered":"<p>Mikam Galvanovskim aizraujo\u0161a singlu ned\u0113\u013ca ar pieciem jaunumiem un videoklipiem<\/p>\n<p>M\u016bzi\u0137is Miks Galvanovskis \u0161o ned\u0113\u013cu ieskandin\u0101jis ar v\u0113rien\u012bgu solo singlu projektu, piecu dienu laik\u0101 ik dienas klaus\u012bt\u0101ju un skat\u012bt\u0101ju r\u012bc\u012bb\u0101 nododot pa jaunam ska\u0146darbam un t\u0101 vizu\u0101lajam iet\u0113rpam. \u0160is neparastais izdevumu grafiks, kas ilgs l\u012bdz pat piektdienai, ir Mika m\u0113r\u0137tiec\u012bgs solis, lai katra dziesma sa\u0146emtu peln\u012bto uzman\u012bbu. Ned\u0113\u013cu ies\u0101ka dziesma &#8220;K\u0101 b\u016btu, ja b\u016btu&#8221;, kas jau sa\u0146\u0113musi pirm\u0101s atsauksmes par savu viegl\u0101ko skan\u0113jumu, at\u0161\u0137ir\u012bb\u0101 no iepriek\u0161\u0113j\u0101m albuma kompoz\u012bcij\u0101m.<\/p>\n<p>Jauni singli un to st\u0101sti<\/p>\n<p>Pirmo ned\u0113\u013cas dienu, pirmdienu, rot\u0101ja dziesma &#8220;K\u0101 b\u016btu, ja b\u016btu&#8221;, kas, k\u0101 pats Miks atkl\u0101jis, ir sarakst\u012bta jau pirms k\u0101da laika. Vi\u0146\u0161 izteicis prieku par to, ka dziesma beidzot ir non\u0101kusi pie klaus\u012bt\u0101jiem. &#8220;K\u0101 b\u016btu, ja b\u016btu&#8221; izce\u013cas ar savu nepilnu divu min\u016b\u0161u garumu un pirmo reizi Mika dai\u013crad\u0113 bez papildu \u0123it\u0101ras solo vai cit\u0101m aran\u017eijas deta\u013c\u0101m. Dziesmas dzi\u013c\u0101kais v\u0113st\u012bjums ir par nenotiku\u0161u m\u012blest\u012bbu, par to ide\u0101lo st\u0101vokli, kas paliek neizboj\u0101ts, jo nav piedz\u012bvojis realit\u0101ti. &#8220;Jo nevar jau izboj\u0101t to, kas nav noticis,&#8221; skarbi, bet paties\u012bgi koment\u0113 Galvanovskis. \u0160\u012b dziesma ierakst\u012bta kop\u0101 ar Mika Galvanovska grupas pamatsast\u0101vu: Kristenu Kup\u010du, M\u0101rc\u012b Bri\u0161ku, J\u0101ni Narbutu un Reini Bri\u0123i. Video klipa re\u017eija uztic\u0113ta Elvim L\u0101cim.<\/p>\n<p>Turpinot ned\u0113\u013cas muzik\u0101lo pied\u0101v\u0101jumu, Miks ievie\u0161 nelielu eksperimentu, izlai\u017eot dziesmu &#8220;Kad paliek tum\u0161s&#8221; kop\u0101 ar reperi Odu. \u0160\u012b kompoz\u012bcija ir viena no sen\u0101kaj\u0101m album\u0101, sarakst\u012bta jau pag\u0101ju\u0161aj\u0101 vasar\u0101, bet t\u0101s gal\u012bg\u0101 versija tapa nesen. Ideja par sadarb\u012bbu ar Odu rad\u0101s, mekl\u0113jot piem\u0113rotu izpild\u012bt\u0101ju otrajam dziesmas pantam. Ods \u0101tri vien piekrita, un abu m\u0101kslinieku kop\u012bg\u0101 v\u012bzija par dziesmu sakrita. &#8220;Kad paliek tum\u0161s&#8221; apdzied &#8220;m\u0101kslinieku d\u012bvain\u012bbas&#8221; un to, cik jautri var b\u016bt ir sadz\u012bvot ar rado\u0161iem cilv\u0113kiem. Videoklips \u0161ai dziesmai ir veidots k\u0101 pasaku gr\u0101mata, ko pats m\u016bzi\u0137is nelasa, bet gan \u0161\u0137irsta, pie\u0161\u0137irot vizu\u0101lajam st\u0101stam \u012bpa\u0161u, nosl\u0113pumainu auru.<\/p>\n<p>Citas ned\u0113\u013cas laik\u0101 izdot\u0101s dziesmas ietver &#8220;Viss ir beidzies&#8221; un &#8220;Nav v\u0113rts&#8221;, par kur\u0101m gan pla\u0161\u0101kas deta\u013cas v\u0113l nav atkl\u0101tas. Papildus tam, ka \u0161is ir Mika Galvanovska sestais albums, no kura kopum\u0101 tiks izdotas desmit dziesmas, tiek pl\u0101nots, ka jau 7. novembr\u012b m\u016bzi\u0137is uzs\u0101ks savu koncertt\u016bri &#8220;Par savu zemi saukt&#8221;.<\/p>\n<p>Mika Galvanovska rado\u0161ais ce\u013c\u0161 un n\u0101kotnes pl\u0101ni<\/p>\n<p>Miks Galvanovskis ir m\u0101kslinieks, kur\u0161 alla\u017e mekl\u0113 jaunus veidus, k\u0101 izpausties un iepriecin\u0101t savus fanus. Vi\u0146a debija pla\u0161\u0101k\u0101 m\u0113rog\u0101 notika &#8220;Supernova 2022&#8221; konkurs\u0101, kur vi\u0146\u0161, pateicoties skat\u012bt\u0101ju balsojumam, iek\u013cuva fin\u0101l\u0101 un ie\u0146\u0113ma ceturto vietu. L\u012bdz \u0161im vi\u0146\u0161 ir izdevis divus studijas albumus, un &#8220;T\u0101 mana dz\u012bve&#8221; ir vi\u0146a jaun\u0101kais veikums, kas tiek reklam\u0113ts ar \u0161o singlu izlaidi.<\/p>\n<p>Pirms \u0161\u012bs intens\u012bv\u0101s singlu ned\u0113\u013cas, 27. oktobr\u012b, Miks prezent\u0113ja dziesmu &#8220;Varu b\u016bt&#8221;, kas bija piektais singls no gaid\u0101m\u0101 albuma. Savuk\u0101rt jau agr\u0101k, 6. j\u016bnij\u0101, izdots singls &#8220;Kad izdzis\u012bs&#8221;, kas tiek raksturots k\u0101 viens no v\u0113stne\u0161iem gaid\u0101majam albumam, kas s\u0101kotn\u0113ji bija pl\u0101nots ruden\u012b. \u0160is ska\u0146darbs jau ieguvis rezonansi, jo tika atska\u0146ots vair\u0101kos pavasara koncertos, gu\u013cot publikas saj\u016bsmu, \u012bpa\u0161i Liep\u0101jas koncert\u0101, kura video materi\u0101ls tika izmantots jaunaj\u0101 videoklip\u0101.<\/p>\n<p>K\u0101 v\u0113l viens piem\u0113rs Mika eksperimentiem ar form\u0101tiem un t\u0113m\u0101m ir dziesma &#8220;Sapl\u0113s&#8221;, kas izdota kop\u0101 ar videoklipu, ko veidojis Elvis L\u0101cis. \u0160aj\u0101 dziesm\u0101, t\u0101pat k\u0101 t\u0101s vizu\u0101laj\u0101 pavad\u012bjum\u0101, tiek p\u0113t\u012btas sare\u017e\u0123\u012btas attiec\u012bbu dinamikas, kuras, lai cik toksiskas ar\u012b neb\u016btu, m\u0113s bie\u017ei nesp\u0113jam atmest. Videoklips, l\u012bdz\u012bgi k\u0101 dziesmas v\u0101rdi, att\u0113lo to pa\u0161u saj\u016btu \u2013 neatlaid\u012bgu v\u0113lmi atgriezties pie pierast\u0101, pat ja izn\u0101kums ir zin\u0101ms. Dziesma sarakst\u012bta pirms pusotra gada kop\u0101 ar producentu Reini Bri\u0123i, un taj\u0101 piedal\u0101s aktrise un m\u0101ksliniece Madl\u0113na Valdberga.<\/p>\n","protected":false},"excerpt":{"rendered":"Mikam Galvanovskim aizraujo\u0161a singlu ned\u0113\u013ca ar pieciem jaunumiem un videoklipiem M\u016bzi\u0137is Miks Galvanovskis \u0161o ned\u0113\u013cu ieskandin\u0101jis ar v\u0113rien\u012bgu&hellip;\n","protected":false},"author":2,"featured_media":43125,"comment_status":"","ping_status":"","sticky":false,"template":"","format":"standard","meta":{"footnotes":""},"categories":[19],"tags":[89,90,12171,35,39,38,194,36,37,34,40,8110,10947,12172],"class_list":{"0":"post-43124","1":"post","2":"type-post","3":"status-publish","4":"format-standard","5":"has-post-thumbnail","7":"category-izklaide","8":"tag-entertainment","9":"tag-izklaide","10":"tag-jauni-singli","11":"tag-latvia","12":"tag-latvian","13":"tag-latviesu","14":"tag-latviesu-muzika","15":"tag-latviesu-valoda","16":"tag-latviesuvaloda","17":"tag-latvija","18":"tag-lv","19":"tag-miks-galvanovskis","20":"tag-muzikas-izdevums","21":"tag-videoklipi"},"share_on_mastodon":{"url":"https:\/\/pubeurope.com\/@lv\/115512992356189326","error":""},"_links":{"self":[{"href":"https:\/\/www.europesays.com\/lv\/wp-json\/wp\/v2\/posts\/43124","targetHints":{"allow":["GET"]}}],"collection":[{"href":"https:\/\/www.europesays.com\/lv\/wp-json\/wp\/v2\/posts"}],"about":[{"href":"https:\/\/www.europesays.com\/lv\/wp-json\/wp\/v2\/types\/post"}],"author":[{"embeddable":true,"href":"https:\/\/www.europesays.com\/lv\/wp-json\/wp\/v2\/users\/2"}],"replies":[{"embeddable":true,"href":"https:\/\/www.europesays.com\/lv\/wp-json\/wp\/v2\/comments?post=43124"}],"version-history":[{"count":0,"href":"https:\/\/www.europesays.com\/lv\/wp-json\/wp\/v2\/posts\/43124\/revisions"}],"wp:featuredmedia":[{"embeddable":true,"href":"https:\/\/www.europesays.com\/lv\/wp-json\/wp\/v2\/media\/43125"}],"wp:attachment":[{"href":"https:\/\/www.europesays.com\/lv\/wp-json\/wp\/v2\/media?parent=43124"}],"wp:term":[{"taxonomy":"category","embeddable":true,"href":"https:\/\/www.europesays.com\/lv\/wp-json\/wp\/v2\/categories?post=43124"},{"taxonomy":"post_tag","embeddable":true,"href":"https:\/\/www.europesays.com\/lv\/wp-json\/wp\/v2\/tags?post=43124"}],"curies":[{"name":"wp","href":"https:\/\/api.w.org\/{rel}","templated":true}]}}