{"id":43147,"date":"2025-11-08T08:14:20","date_gmt":"2025-11-08T08:14:20","guid":{"rendered":"https:\/\/www.europesays.com\/lv\/43147\/"},"modified":"2025-11-08T08:14:20","modified_gmt":"2025-11-08T08:14:20","slug":"video-videonoverosanas-kameras-atklaj-iespejamos-tragedijas-iemeslus-uz-dzelzcela-tukuma-apollo-lv","status":"publish","type":"post","link":"https:\/\/www.europesays.com\/lv\/43147\/","title":{"rendered":"VIDEO Videonov\u0113ro\u0161anas kameras atkl\u0101j iesp\u0113jamos tra\u0123\u0113dijas iemeslus uz dzelzce\u013ca Tukum\u0101 &#8211; Apollo.lv"},"content":{"rendered":"<ol>\n<li><a href=\"https:\/\/news.google.com\/rss\/articles\/CBMiugFBVV95cUxOUE1NTWlVX0d4R0NRQ0FtU2lFbktRbXFzM0xIV295eDd4UDR1WDZ4ZmxJNlUzbFV1OFJ3b0tOZkdTVkVnVjF2M3J0MkJUSGdVZ3hqZTg3eHV4eTd6Vmd0NXBVZ3NjazBBckVOYV81UUJuNVptSzBXbGN2TVpyUm1mTFdqRWloY0p4VkRScUZlMkFyOXVBVWdabWdYb3U2Mjk2WXp5b016NDVJeUswb01iVWd0c2sxSUNlS1E?oc=5\" target=\"_blank\" rel=\"nofollow noopener\">VIDEO Videonov\u0113ro\u0161anas kameras atkl\u0101j iesp\u0113jamos tra\u0123\u0113dijas iemeslus uz dzelzce\u013ca Tukum\u0101<\/a>&nbsp;&nbsp;Apollo.lv<\/li>\n<li><a href=\"https:\/\/news.google.com\/rss\/articles\/CBMiuAFBVV95cUxQNE41R2JRNGFRdE9hWk5SQV9GNEhDVjFFWTFYUHNVRUlQQVdvME1SMzBlSThvRnBCWGVSbDFQbllSVkRPSG94cl9ZZHV5NlZ5OTFicFBMajZoS0hsU1Jyb2kwR1BZMkFxS1Q0dk9fQUhPaDl5WWo5MWhvRm9zY3B0Z1VjdUdLeVlzUnZrZmNMNnJXQUdZSDRVUzZWTnVYU1NnbVdTMmdsUTVIMFgxVERsSzdkM19Pbi02?oc=5\" target=\"_blank\" rel=\"nofollow noopener\">\u201cV\u012brietis g\u0101ja pa slie\u017eu ce\u013cu ar\u2026\u201d Vilciens Tukum\u0101 notriec v\u012brieti, kameras atkl\u0101j tra\u0123\u0113dijas apst\u0101k\u013cus<\/a>&nbsp;&nbsp;LA.LV<\/li>\n<li><a href=\"https:\/\/news.google.com\/rss\/articles\/CBMihwFBVV95cUxNblBDZTBSaFA2ZGtDZlc2Tkp0SUstSlVYWWhfbzhqMGtGNnFPSXoyVFdTWFpEVjN6Z3cybXZndmdUdURFT2lDREE2STQ0bUd3UHVHcDlZa2Juc250c3Ftamh5VkM3LXM4MGhYUjN5TGF2M2htckk0Nm5sLWoyYUI1UEtjNl9TSkU?oc=5\" target=\"_blank\" rel=\"nofollow noopener\">Tukum\u0101 zem vilciena pak\u013cuvis un g\u0101jis boj\u0101 v\u012brietis<\/a>&nbsp;&nbsp;TVNET<\/li>\n<li><a href=\"https:\/\/news.google.com\/rss\/articles\/CBMisgFBVV95cUxOMF9VZ3pmb21hQVkzbHNOaWJ2c1dTenFHcU41ODMxU0ZKcHBsa0lJdnFXVW9fZVdBUlFlLWhHVC1ENXp0cUNBbUdvYVRIR1JRNkpvV3M3aGNBYUZTN3lBa1RMWmthSUZDM3pQTVZ6Z1NtWE1fRkcyOUNkblpIRTRya2M1SUlTS3lPVVB6Q2VUcG50YV80OW1xcGc2SE9WdjBXWGpvaENkcG92ZER2NXU4T0JB?oc=5\" target=\"_blank\" rel=\"nofollow noopener\">Vecumniekos st\u016br\u0113 auto pamat\u012bg\u0101 reibum\u0101; Tukum\u0101 v\u012brietim uzbrauc vilciens<\/a>&nbsp;&nbsp;BauskasDzive.lv<\/li>\n<li><a href=\"https:\/\/news.google.com\/rss\/articles\/CBMi_AFBVV95cUxQUWNLZWYtYzNjWTktY0FJSWxIeEMweWdsTms0S2tBZUp4WGM5UkF5cE1iSDJRT0M1cHB5alVLdWlRanBfWC1CSUpMb2xkUEZjOU9QQzNMZkVvYUdrQUFhRzN5MThqZDROWExoRDlMSWE4TG5hM3MxQ0NqUy1kZTZCY2h2WDFkeDRzOGNpLW1lczlSa1p1WGU0U054MGFBYnNzbWw4R1UtNXNDM3FEYkN5Sm1PUDZESlktVlAyVnhDanJwV1ZwWlU5c0J4MVNDM3RPN1AtRndSa3QwRjByb3FrREtkT3kzYmdJdzYyVmJOcG9ldFRhY3dPZ3JXZlc?oc=5\" target=\"_blank\" rel=\"nofollow noopener\">K\u0101rt\u0113j\u0101 dzelzce\u013ca tra\u0123\u0113dija: jaunie\u0161a dz\u012bv\u012bbu uz slied\u0113m starp Tukumu un Milzkalni, kameras fiks\u0113 iesp\u0113jamos notikuma c\u0113lo\u0146us<\/a>&nbsp;&nbsp;Lente.lv<\/li>\n<\/ol>\n","protected":false},"excerpt":{"rendered":"VIDEO Videonov\u0113ro\u0161anas kameras atkl\u0101j iesp\u0113jamos tra\u0123\u0113dijas iemeslus uz dzelzce\u013ca Tukum\u0101&nbsp;&nbsp;Apollo.lv \u201cV\u012brietis g\u0101ja pa slie\u017eu ce\u013cu ar\u2026\u201d Vilciens Tukum\u0101&hellip;\n","protected":false},"author":2,"featured_media":43148,"comment_status":"","ping_status":"","sticky":false,"template":"","format":"standard","meta":{"footnotes":""},"categories":[5],"tags":[23,28,29,32,33,22,30,31,35,39,38,36,37,34,40,20,26,27,24,25,4118,2020,11406,21],"class_list":{"0":"post-43147","1":"post","2":"type-post","3":"status-publish","4":"format-standard","5":"has-post-thumbnail","7":"category-aktualitates","8":"tag-aktualitates","9":"tag-breaking-news","10":"tag-breakingnews","11":"tag-featured-news","12":"tag-featurednews","13":"tag-headlines","14":"tag-latest-news","15":"tag-latestnews","16":"tag-latvia","17":"tag-latvian","18":"tag-latviesu","19":"tag-latviesu-valoda","20":"tag-latviesuvaloda","21":"tag-latvija","22":"tag-lv","23":"tag-news","24":"tag-popularakas-zinas","25":"tag-popularakaszinas","26":"tag-top-stories","27":"tag-topstories","28":"tag-tukums","29":"tag-vilciens","30":"tag-virietis","31":"tag-zinas"},"share_on_mastodon":{"url":"https:\/\/pubeurope.com\/@lv\/115513082699576802","error":""},"_links":{"self":[{"href":"https:\/\/www.europesays.com\/lv\/wp-json\/wp\/v2\/posts\/43147","targetHints":{"allow":["GET"]}}],"collection":[{"href":"https:\/\/www.europesays.com\/lv\/wp-json\/wp\/v2\/posts"}],"about":[{"href":"https:\/\/www.europesays.com\/lv\/wp-json\/wp\/v2\/types\/post"}],"author":[{"embeddable":true,"href":"https:\/\/www.europesays.com\/lv\/wp-json\/wp\/v2\/users\/2"}],"replies":[{"embeddable":true,"href":"https:\/\/www.europesays.com\/lv\/wp-json\/wp\/v2\/comments?post=43147"}],"version-history":[{"count":0,"href":"https:\/\/www.europesays.com\/lv\/wp-json\/wp\/v2\/posts\/43147\/revisions"}],"wp:featuredmedia":[{"embeddable":true,"href":"https:\/\/www.europesays.com\/lv\/wp-json\/wp\/v2\/media\/43148"}],"wp:attachment":[{"href":"https:\/\/www.europesays.com\/lv\/wp-json\/wp\/v2\/media?parent=43147"}],"wp:term":[{"taxonomy":"category","embeddable":true,"href":"https:\/\/www.europesays.com\/lv\/wp-json\/wp\/v2\/categories?post=43147"},{"taxonomy":"post_tag","embeddable":true,"href":"https:\/\/www.europesays.com\/lv\/wp-json\/wp\/v2\/tags?post=43147"}],"curies":[{"name":"wp","href":"https:\/\/api.w.org\/{rel}","templated":true}]}}