{"id":43163,"date":"2025-11-08T08:48:17","date_gmt":"2025-11-08T08:48:17","guid":{"rendered":"https:\/\/www.europesays.com\/lv\/43163\/"},"modified":"2025-11-08T08:48:17","modified_gmt":"2025-11-08T08:48:17","slug":"gruzijas-rezims-ir-sacis-autoritaras-konsolidacijas-pedejo-fazi-uzskata-opozicionare","status":"publish","type":"post","link":"https:\/\/www.europesays.com\/lv\/43163\/","title":{"rendered":"Gruzijas re\u017e\u012bms ir s\u0101cis autorit\u0101r\u0101s konsolid\u0101cijas p\u0113d\u0113jo f\u0101zi, uzskata opozicion\u0101re"},"content":{"rendered":"<p>Krievijas marione\u0161u re\u017e\u012bms Gruzij\u0101 ir s\u0101cis Krievijas stila autorit\u0101r\u0101s konsolid\u0101cijas p\u0113d\u0113jo f\u0101zi, turkl\u0101t gruz\u012bnu tautai nav nek\u0101du iesp\u0113ju pret to c\u012bn\u012bties ne politisk\u0101, ne revol\u016bcijas ce\u013c\u0101, intervij\u0101 a\u0123ent\u016brai LETA dro\u0161\u012bbas un \u0101rpolitikas foruma &#8220;R\u012bgas konference 2025&#8221; gait\u0101 sac\u012bja Eiropas studiju un pilsonisk\u0101s izgl\u012bt\u012bbas \u010cav\u010davadzes centra izpilddirektore, bijus\u012b <a rel=\"noopener nofollow\" target=\"_blank\" href=\"https:\/\/www.delfi.lv\/temas\/41052275\/gruzija\" tag-id=\"41052275\">Gruzijas<\/a> \u0101rlietu ministra vietniece Nino Kalandadze.<\/p>\n<p>Kaut ar\u012b st\u0101voklis Gruzij\u0101 ir \u0101rk\u0101rt\u012bgi saspringts kop\u0161 \u0101rvalstu a\u0123entu likuma pie\u0146em\u0161anas, kas izrais\u012bja pla\u0161us tautas protestus, kuri turpin\u0101s jau apm\u0113ram gadu, uz labo pusi nav main\u012bjies pavisam nekas \u2013 glu\u017ei pret\u0113ji, pa\u0161laik Gruzij\u0101 redzams, k\u0101 re\u017e\u012bms uzs\u0101k Krievijas stila autorit\u0101r\u0101s konsolid\u0101cijas p\u0113d\u0113jo f\u0101zi, sac\u012bja Kalandadze.<\/p>\n<p>Vi\u0146a nor\u0101d\u012bja, ka 13 gadu laik\u0101, kop\u0161 valsti p\u0101rvalda Krievijas oligarha Bidzinas Ivani\u0161vili vad\u012btais re\u017e\u012bms, tas ir sp\u0113jis sagr\u0101bt visas valsts iest\u0101des, kas var\u0113tu b\u016bt b\u016btiskas p\u0101rmai\u0146u pan\u0101k\u0161anai demokr\u0101tisk\u0101 ce\u013c\u0101 \u2013 re\u017e\u012bms kontrol\u0113 parlamentu, vald\u012bbu, tiesas, ties\u012bbaizsardz\u012bbas iest\u0101des, pa\u0161vald\u012bbas, Centr\u0101lo v\u0113l\u0113\u0161anu komisiju, pat Nacion\u0101l\u0101 banka un finan\u0161u iest\u0101des neofici\u0101li ir oligarha kontrol\u0113.<\/p>\n<p>\u010cav\u010davadzes centra izpilddirektore uzsv\u0113ra, ka tagad, kad re\u017e\u012bms ar nelikum\u012bgiem l\u012bdzek\u013ciem un falsific\u0113\u0161anu ir nodro\u0161in\u0101jis uzvaru 2024. gada parlamenta v\u0113l\u0113\u0161an\u0101s, tas v\u0113r\u0161as pret nedaudzaj\u0101m demokr\u0101tiskaj\u0101m instit\u016bcij\u0101m, kas joproj\u0101m darbojas Gruzij\u0101, proti, pilsonisko sabiedr\u012bbu, da\u017eiem neatkar\u012bgiem medijiem, politisko opoz\u012bciju un politiskaj\u0101m partij\u0101m, kuras tiek uzskat\u012btas par prorietumniecisk\u0101m un pret re\u017e\u012bmu noska\u0146ot\u0101m, k\u0101 ar\u012b pret neatkar\u012bgaj\u0101m universit\u0101t\u0113m, kuras tagad sauk\u0101 par studentu vad\u012bta demokr\u0101tiska apv\u0113rsuma organiz\u0113t\u0101j\u0101m.<\/p>\n<p>&#8220;Re\u017e\u012bmam cen\u0161oties apklusin\u0101t Gruzij\u0101 paliku\u0161\u0101s p\u0113d\u0113j\u0101s kritisk\u0101s balsis, norisin\u0101sies p\u0113d\u0113j\u0101 varas nostiprin\u0101\u0161anas f\u0101ze,&#8221; vi\u0146a sac\u012bja. &#8220;Tiek izstr\u0101d\u0101ti un jau pie\u0146emti \u012bpa\u0161i likumi, kuru m\u0113r\u0137is ir opoz\u012bcijas partiju aizlieg\u0161ana un pasludin\u0101\u0161ana \u0101rpus likuma. Vismaz to partiju, kas atsak\u0101s sadarboties ar vald\u012bbu. Tad b\u016bsim v\u0113l viena Baltkrievija \u2013 \u0161\u012b ir t\u0101 pati sp\u0113le, t\u0101 pati rokasgr\u0101mata, kas tika sarakst\u012bta Maskav\u0101 un visur tiek \u012bstenota t\u0101d\u0101 pa\u0161\u0101 veid\u0101. Vien\u012bg\u0101 at\u0161\u0137ir\u012bba, sal\u012bdzinot ar Baltkrieviju, ir t\u0101, ka Gruzija ir daudz maz\u0101ka un tai ir cits ekonomiskais fons, l\u012bdz ar to situ\u0101cija beigu beig\u0101s var b\u016bt v\u0113l slikt\u0101ka.&#8221;<\/p>\n<p>Politi\u0137e ir p\u0101rliecin\u0101ta, ka tautas sacel\u0161an\u0101s Gruzij\u0101 nav iesp\u0113jama, pirmk\u0101rt, t\u0101p\u0113c, ka vardarb\u012bba ir mor\u0101li nepamatota, un, otrk\u0101rt, t\u0101p\u0113c, ka cilv\u0113kiem tr\u016bkst tam l\u012bdzek\u013cu. Re\u017e\u012bms ne tikai sa\u0146em finansi\u0101lu un cita veida atbalstu no Maskavas, tas valst\u012b kontrol\u0113 ar\u012b visu finan\u0161u pl\u016bsmu, t\u0101p\u0113c nav nek\u0101du izred\u017eu, ka k\u0101da iek\u0161zemes politiska vai soci\u0101la grupa var\u0113tu sa\u0146emt jebk\u0101du atbalstu p\u0101rmai\u0146\u0101m. Re\u017e\u012bma r\u012bc\u012bb\u0101 ir visi institucion\u0101lie l\u012bdzek\u013ci, visi administrat\u012bvie un finan\u0161u resursi, k\u0101 ar\u012b propagandas ma\u0161\u012bna, Krievijas sniegt\u0101 izl\u016bko\u0161ana, k\u0101 ar\u012b visi iesp\u0113jamie piespiedu l\u012bdzek\u013ci.<\/p>\n<p>&#8220;Vien\u0101 pus\u0113 ir vara, kas visu kontrol\u0113 un pie\u0161\u0137ir visus nepiecie\u0161amos l\u012bdzek\u013cus, lai pret jums c\u012bn\u012btos, un otr\u0101 pus\u0113 ir cilv\u0113ki ar kail\u0101m rok\u0101m. Vi\u0146i burtiski c\u012bn\u0101s ar kail\u0101m rok\u0101m. Piem\u0113ram, vald\u012bba ir ieviesusi aizliegumus ieg\u0101d\u0101ties vai import\u0113t maskas, kas \u013cautu demonstrantiem sevi mazliet aizsarg\u0101t. J\u016bs nevarat ieg\u0101d\u0101ties ne \u0137iveres, visp\u0101r neko, lai aizst\u0101v\u0113tos. K\u0101da gan revol\u016bcija \u0161\u0101dos apst\u0101k\u013cos var notikt?&#8221; jaut\u0101 Kalandzadze.<\/p>\n<p>\u0160\u0101da situ\u0101cija gruz\u012bniem rada nopietnu dilemmu par to, ko visp\u0101r tauta var dar\u012bt, ja t\u0101 nesp\u0113j izaicin\u0101t un main\u012bt &#8220;status quo&#8221; ar demokr\u0101tisk\u0101m metod\u0113m, bet nav ar\u012b citu pieejamu l\u012bdzek\u013cu, lai pan\u0101ktu k\u0101das p\u0101rmai\u0146as.<\/p>\n<p>&#8220;Cilv\u0113ki jau gadu protest\u0113 pret re\u017e\u012bmu. Aptuveni 90 politieslodz\u012bto jau ir ieslodz\u012bjum\u0101, un gaid\u0101ms, ka cietum\u0101 non\u0101ks v\u0113l daudzi citi. Ta\u010du nekas nemain\u0101s. Jo demokr\u0101tijai iel\u0101s izg\u0101ju\u0161i cilv\u0113ki noz\u012bm\u0113 daudz, bet diktat\u016brai nepavisam ner\u016bp, cik daudz cilv\u0113ku iziet iel\u0101s vai cik maz cilv\u0113ku ierodas balsot. Vi\u0146iem ir vienk\u0101r\u0161i vienalga,&#8221; izteic\u0101s bijus\u012b Gruzijas \u0101rlietu ministra vietniece.<\/p>\n<p>Kalandadze uzskata, ka gruz\u012bniem ir j\u0101saglab\u0101 cer\u012bba un notur\u012bba, bet galvenais \u2013 ir j\u0101b\u016bt gataviem p\u0101rmai\u0146\u0101m, kad t\u0101m iesp\u0113ju dos k\u0101di \u0123eopolitiski apst\u0101k\u013ci.<\/p>\n<p>&#8220;Daudz ir atkar\u012bgs no \u0123eopolitiskajiem apst\u0101k\u013ciem, no t\u0101, k\u0101 situ\u0101cija att\u012bst\u012bsies Ukrain\u0101, cik dr\u012bz un ar k\u0101diem pan\u0101kumiem Ukraina un Rietumi g\u016bs p\u0101rsvaru p\u0101r Krieviju. Gruzijas pan\u0101kumi ir liel\u0101 m\u0113r\u0101 atkar\u012bgi no t\u0101, cik nov\u0101jin\u0101ta p\u0113c tam b\u016bs Krievija,&#8221; uzskata politi\u0137e.<\/p>\n<p>Vi\u0146a uzsv\u0113ra, ka noteikti j\u0101uztur ar\u012b \u0101r\u0113jais spiediens pret re\u017e\u012bmu, jo Gruzij\u0101 ir milz\u012bga varas nel\u012bdzsvarot\u012bba.<\/p>\n<p class=\"m-0\">Seko &#8220;Delfi&#8221; ar\u012b  <a target=\"_blank\" href=\"https:\/\/www.instagram.com\/delfi.lv\/\" rel=\"nofollow noopener\">Instagram<\/a>  un <a target=\"_blank\" href=\"https:\/\/www.youtube.com\/channel\/UCw5foWtcJvAbUm64rv7jwUQ\" rel=\"nofollow noopener\">YouTube<\/a>  profil\u0101 \u2013 pievienojies, lai uzzin\u0101tu svar\u012bg\u0101ko un interesant\u0101ko pirmais!<\/p>\n<p>Publik\u0101cijas saturs vai t\u0101s jebk\u0101da apjoma da\u013ca ir aizsarg\u0101ts autorties\u012bbu objekts Autorties\u012bbu likuma izpratn\u0113, un t\u0101 izmanto\u0161ana bez izdev\u0113ja at\u013caujas ir aizliegta. Vair\u0101k lasi  <a target=\"_blank\" href=\"https:\/\/www.delfi.lv\/noteikumi#autortiesibas\" rel=\"nofollow noopener\">\u0161eit<\/a><script async src=\"\/\/www.instagram.com\/embed.js\"><\/script><\/p>\n","protected":false},"excerpt":{"rendered":"Krievijas marione\u0161u re\u017e\u012bms Gruzij\u0101 ir s\u0101cis Krievijas stila autorit\u0101r\u0101s konsolid\u0101cijas p\u0113d\u0113jo f\u0101zi, turkl\u0101t gruz\u012bnu tautai nav nek\u0101du iesp\u0113ju&hellip;\n","protected":false},"author":2,"featured_media":43164,"comment_status":"","ping_status":"","sticky":false,"template":"","format":"standard","meta":{"footnotes":""},"categories":[14],"tags":[23,57,28,29,32,33,3507,22,30,31,35,39,38,36,37,34,40,20,26,27,24,25,54,55,56,21,58],"class_list":{"0":"post-43163","1":"post","2":"type-post","3":"status-publish","4":"format-standard","5":"has-post-thumbnail","7":"category-zinas-no-arvalstim","8":"tag-aktualitates","9":"tag-arvalstim","10":"tag-breaking-news","11":"tag-breakingnews","12":"tag-featured-news","13":"tag-featurednews","14":"tag-gruzija","15":"tag-headlines","16":"tag-latest-news","17":"tag-latestnews","18":"tag-latvia","19":"tag-latvian","20":"tag-latviesu","21":"tag-latviesu-valoda","22":"tag-latviesuvaloda","23":"tag-latvija","24":"tag-lv","25":"tag-news","26":"tag-popularakas-zinas","27":"tag-popularakaszinas","28":"tag-top-stories","29":"tag-topstories","30":"tag-world","31":"tag-world-news","32":"tag-worldnews","33":"tag-zinas","34":"tag-zinas-no-arvalstim"},"share_on_mastodon":{"url":"https:\/\/pubeurope.com\/@lv\/115513216476893986","error":""},"_links":{"self":[{"href":"https:\/\/www.europesays.com\/lv\/wp-json\/wp\/v2\/posts\/43163","targetHints":{"allow":["GET"]}}],"collection":[{"href":"https:\/\/www.europesays.com\/lv\/wp-json\/wp\/v2\/posts"}],"about":[{"href":"https:\/\/www.europesays.com\/lv\/wp-json\/wp\/v2\/types\/post"}],"author":[{"embeddable":true,"href":"https:\/\/www.europesays.com\/lv\/wp-json\/wp\/v2\/users\/2"}],"replies":[{"embeddable":true,"href":"https:\/\/www.europesays.com\/lv\/wp-json\/wp\/v2\/comments?post=43163"}],"version-history":[{"count":0,"href":"https:\/\/www.europesays.com\/lv\/wp-json\/wp\/v2\/posts\/43163\/revisions"}],"wp:featuredmedia":[{"embeddable":true,"href":"https:\/\/www.europesays.com\/lv\/wp-json\/wp\/v2\/media\/43164"}],"wp:attachment":[{"href":"https:\/\/www.europesays.com\/lv\/wp-json\/wp\/v2\/media?parent=43163"}],"wp:term":[{"taxonomy":"category","embeddable":true,"href":"https:\/\/www.europesays.com\/lv\/wp-json\/wp\/v2\/categories?post=43163"},{"taxonomy":"post_tag","embeddable":true,"href":"https:\/\/www.europesays.com\/lv\/wp-json\/wp\/v2\/tags?post=43163"}],"curies":[{"name":"wp","href":"https:\/\/api.w.org\/{rel}","templated":true}]}}