{"id":43188,"date":"2025-11-08T09:18:07","date_gmt":"2025-11-08T09:18:07","guid":{"rendered":"https:\/\/www.europesays.com\/lv\/43188\/"},"modified":"2025-11-08T09:18:07","modified_gmt":"2025-11-08T09:18:07","slug":"krievijas-nakts-uzbrukumos-ukrainai-bojagajusie-un-ievainotie-vairakos-apgabalos","status":"publish","type":"post","link":"https:\/\/www.europesays.com\/lv\/43188\/","title":{"rendered":"Krievijas nakts uzbrukumos Ukrainai boj\u0101g\u0101ju\u0161ie un ievainotie vair\u0101kos apgabalos"},"content":{"rendered":"<p>Nakt\u012b Krievijas drons ietriec\u0101s devi\u0146st\u0101vu dz\u012bvojam\u0101 \u0113k\u0101, izn\u012bcinot dz\u012bvok\u013cus no 4. l\u012bdz 6. st\u0101vam. Notikuma viet\u0101 izc\u0113l\u0101s ugunsgr\u0113ks, kuru gl\u0101b\u0113ji jau nodz\u0113su\u0161i, zi\u0146o Ukrainas Valsts \u0101rk\u0101rtas situ\u0101ciju dienests.<\/p>\n<p>&#8220;Veicot gl\u0101b\u0161anas darbus, \u0101rk\u0101rtas dienesta darbinieki izgl\u0101ba 28 cilv\u0113kus, tostarp piecus b\u0113rnus. Dz\u012bvokl\u012b piektaj\u0101 st\u0101v\u0101 atrasts sievietes l\u012b\u0137is,&#8221; nor\u0101d\u012bja dienests. P\u0113c medic\u012bnisk\u0101s pal\u012bdz\u012bbas v\u0113rsu\u0161ies 10 cilv\u0113ki (tostarp divi b\u0113rni). Slimn\u012bc\u0101 nog\u0101d\u0101ti se\u0161i cietu\u0161ie, starp tiem \u2013 viens b\u0113rns.<\/p>\n<p>T\u0101pat okupanti ar trieciena bezpilota lidapar\u0101tiem uzbruka Odesas apgabalam. Tr\u0101p\u012bjuma rezult\u0101t\u0101 izc\u0113l\u0101s ugunsgr\u0113ks ener\u0123\u0113tikas infrastrukt\u016bras objekt\u0101. &#8220;Par laimi, nav boj\u0101g\u0101ju\u0161o vai cietu\u0161o,&#8221; teikts Ukrainas Valsts \u0101rk\u0101rtas situ\u0101ciju dienesta pazi\u0146ojum\u0101.<\/p>\n<p>Savuk\u0101rt Harkivas apgabal\u0101 triecien\u0101 ar vad\u0101mu aviobumbu rezult\u0101t\u0101 ievainoti asto\u0146i cilv\u0113ki. Koroti\u010das ciem\u0101 tika izn\u012bcin\u0101ta degvielas uzpildes stacija un boj\u0101tas vair\u0101kas automa\u0161\u012bnas. Visi cietu\u0161ie nog\u0101d\u0101ti slimn\u012bc\u0101.<\/p>\n<p>Zapori\u017ejas apgabala milit\u0101r\u0101 administr\u0101cija papildin\u0101ja, ka tr\u012bs cilv\u0113ki g\u0101ju\u0161i boj\u0101, bet v\u0113l se\u0161i ievainoti Krievijas uzbrukumu rezult\u0101t\u0101 Zapori\u017ejas, Vasi\u013cjevkas un Polohijas rajonos.<\/p>\n<p>Nakt\u012b zem pretinieka uguns non\u0101cis ar\u012b Poltavas apgabals. Triecienu rezult\u0101t\u0101 visa Hori\u0161\u0146i Plav\u0146i pils\u0113ta palikusi bez elektr\u012bbas. Viet\u0113j\u0101s varas iest\u0101des izsludin\u0101ju\u0161as \u0101rk\u0101rtas situ\u0101ciju.<\/p>\n","protected":false},"excerpt":{"rendered":"Nakt\u012b Krievijas drons ietriec\u0101s devi\u0146st\u0101vu dz\u012bvojam\u0101 \u0113k\u0101, izn\u012bcinot dz\u012bvok\u013cus no 4. l\u012bdz 6. st\u0101vam. Notikuma viet\u0101 izc\u0113l\u0101s ugunsgr\u0113ks,&hellip;\n","protected":false},"author":2,"featured_media":43189,"comment_status":"","ping_status":"","sticky":false,"template":"","format":"standard","meta":{"footnotes":""},"categories":[14],"tags":[23,57,28,29,32,33,22,3131,74,30,31,35,39,38,36,37,34,40,20,26,27,24,25,276,54,55,56,21,58],"class_list":{"0":"post-43188","1":"post","2":"type-post","3":"status-publish","4":"format-standard","5":"has-post-thumbnail","7":"category-zinas-no-arvalstim","8":"tag-aktualitates","9":"tag-arvalstim","10":"tag-breaking-news","11":"tag-breakingnews","12":"tag-featured-news","13":"tag-featurednews","14":"tag-headlines","15":"tag-kars","16":"tag-krievijas-iebrukums-ukraina","17":"tag-latest-news","18":"tag-latestnews","19":"tag-latvia","20":"tag-latvian","21":"tag-latviesu","22":"tag-latviesu-valoda","23":"tag-latviesuvaloda","24":"tag-latvija","25":"tag-lv","26":"tag-news","27":"tag-popularakas-zinas","28":"tag-popularakaszinas","29":"tag-top-stories","30":"tag-topstories","31":"tag-ukraina","32":"tag-world","33":"tag-world-news","34":"tag-worldnews","35":"tag-zinas","36":"tag-zinas-no-arvalstim"},"share_on_mastodon":{"url":"https:\/\/pubeurope.com\/@lv\/115513334363220997","error":""},"_links":{"self":[{"href":"https:\/\/www.europesays.com\/lv\/wp-json\/wp\/v2\/posts\/43188","targetHints":{"allow":["GET"]}}],"collection":[{"href":"https:\/\/www.europesays.com\/lv\/wp-json\/wp\/v2\/posts"}],"about":[{"href":"https:\/\/www.europesays.com\/lv\/wp-json\/wp\/v2\/types\/post"}],"author":[{"embeddable":true,"href":"https:\/\/www.europesays.com\/lv\/wp-json\/wp\/v2\/users\/2"}],"replies":[{"embeddable":true,"href":"https:\/\/www.europesays.com\/lv\/wp-json\/wp\/v2\/comments?post=43188"}],"version-history":[{"count":0,"href":"https:\/\/www.europesays.com\/lv\/wp-json\/wp\/v2\/posts\/43188\/revisions"}],"wp:featuredmedia":[{"embeddable":true,"href":"https:\/\/www.europesays.com\/lv\/wp-json\/wp\/v2\/media\/43189"}],"wp:attachment":[{"href":"https:\/\/www.europesays.com\/lv\/wp-json\/wp\/v2\/media?parent=43188"}],"wp:term":[{"taxonomy":"category","embeddable":true,"href":"https:\/\/www.europesays.com\/lv\/wp-json\/wp\/v2\/categories?post=43188"},{"taxonomy":"post_tag","embeddable":true,"href":"https:\/\/www.europesays.com\/lv\/wp-json\/wp\/v2\/tags?post=43188"}],"curies":[{"name":"wp","href":"https:\/\/api.w.org\/{rel}","templated":true}]}}