{"id":43190,"date":"2025-11-08T09:20:14","date_gmt":"2025-11-08T09:20:14","guid":{"rendered":"https:\/\/www.europesays.com\/lv\/43190\/"},"modified":"2025-11-08T09:20:14","modified_gmt":"2025-11-08T09:20:14","slug":"saistiba-ar-ugunsgreku-naftas-parstrades-rupnica-baltkrievija-monitores-piesarnojumu-daugava","status":"publish","type":"post","link":"https:\/\/www.europesays.com\/lv\/43190\/","title":{"rendered":"Saist\u012bb\u0101 ar ugunsgr\u0113ku naftas p\u0101rstr\u0101des r\u016bpn\u012bc\u0101 Baltkrievij\u0101 monitor\u0113s pies\u0101r\u0146ojumu Daugav\u0101"},"content":{"rendered":"<p>Valsts vides dienests (VVD) organiz\u0113 \u016bdens monitoringu Daugav\u0101 Latvijas pierobe\u017e\u0101, lai kontrol\u0113tu, vai up\u0113 nenon\u0101k pies\u0101r\u0146ojums saist\u012bb\u0101 ar ugunsgr\u0113ku naftas p\u0101rstr\u0101des r\u016bpn\u012bc\u0101 Novopolock\u0101, Baltkrievij\u0101, inform\u0113ja VVD sabiedrisko attiec\u012bbu vad\u012bt\u0101ja Aija Jalinska.<\/p>\n<p>Jalinska inform\u0113ja, ka Baltkrievijas pils\u0113t\u0101 Novopolock\u0101, aptuveni 100 kilometru att\u0101lum\u0101 no Latvijas robe\u017eas, izc\u0113lies ugunsgr\u0113ks naftas p\u0101rstr\u0101des r\u016bpn\u012bc\u0101, kas atrodas net\u0101lu no Daugavas krasta.<\/p>\n<p><\/p>\n<p>VVD un Valsts ugunsdz\u0113s\u012bbas un gl\u0101b\u0161anas dienests (VUGD) ir sazin\u0101ju\u0161ies ar Baltkrievijas atbild\u012bgaj\u0101m instit\u016bcij\u0101m. T\u0101s apgalvoju\u0161as, ka Daugav\u0101 ugunsgr\u0113ka un t\u0101 dz\u0113\u0161anas darbu rezult\u0101t\u0101 pies\u0101r\u0146ojums nav konstat\u0113ts.<\/p>\n<p>Lai p\u0101rliecin\u0101tos par situ\u0101ciju, VVD sadarb\u012bb\u0101 ar VUGD un Latvijas Vides, \u0123eolo\u0123ijas un meteorolo\u0123ijas centru (LV\u0122MC) veic \u016bdens paraugu anal\u012bzes un monitoringa m\u0113r\u012bjumus, inform\u0113ja Jalinska.<\/p>\n<p>Pa\u0161laik nav zi\u0146u par pies\u0101r\u0146ojumu Daugav\u0101 ne Latvijas, ne Baltkrievijas teritorij\u0101. VVD kop\u0101 ar VUGD un Valsts robe\u017esardzi turpina \u0146emt \u016bdens paraugus Daugavas aug\u0161tec\u0113, p\u0101rbaud\u012bs \u016bdens kvalit\u0101ti un veiks vizu\u0101lus nov\u0113rojumus.<\/p>\n<p>K\u0101 skaidro VVD, \u0161\u0101da tipa ugunsgr\u0113ki potenci\u0101li var rad\u012bt da\u017e\u0101da veida pies\u0101r\u0146ojumu, piem\u0113ram, pelnus un sadegu\u0161as da\u013ci\u0146as, kas nos\u0113\u017eas \u016bden\u012b, vai ugunsdz\u0113\u0161an\u0101 izmantoto \u0137\u012bmisko vielu non\u0101k\u0161anu vid\u0113, ja t\u0101s nav pien\u0101c\u012bgi ierobe\u017eotas. Ret\u0101k iesp\u0113jams ar\u012b r\u016bpn\u012bcas rad\u012bts \u0137\u012bmisks pies\u0101r\u0146ojums, kas var kait\u0113t \u016bdens organismiem un dz\u012bvniekiem.<\/p>\n<p>VVD aicina pierobe\u017eas iedz\u012bvot\u0101jus b\u016bt v\u0113r\u012bgiem. Ja tiek paman\u012bts iesp\u0113jams \u016bdens pies\u0101r\u0146ojums, piem\u0113ram, e\u013c\u013cas plankumi vai miru\u0161as zivis, VVD aicina \u016bdeni neizmantot sadz\u012bves vajadz\u012bb\u0101m, nelaist peld\u0113ties su\u0146us vai citus dz\u012bvniekus, un nekav\u0113joties zi\u0146ot par nov\u0113roto.<\/p>\n","protected":false},"excerpt":{"rendered":"Valsts vides dienests (VVD) organiz\u0113 \u016bdens monitoringu Daugav\u0101 Latvijas pierobe\u017e\u0101, lai kontrol\u0113tu, vai up\u0113 nenon\u0101k pies\u0101r\u0146ojums saist\u012bb\u0101 ar&hellip;\n","protected":false},"author":2,"featured_media":43191,"comment_status":"","ping_status":"","sticky":false,"template":"","format":"standard","meta":{"footnotes":""},"categories":[5],"tags":[129,12186,4007,23,28,29,32,33,22,30,31,35,39,38,36,37,34,40,20,26,27,4008,12187,4009,12188,24,25,21],"class_list":{"0":"post-43190","1":"post","2":"type-post","3":"status-publish","4":"format-standard","5":"has-post-thumbnail","7":"category-aktualitates","8":"tag-__typenameadvicekeyword","9":"tag-id1085","10":"tag-id616","11":"tag-aktualitates","12":"tag-breaking-news","13":"tag-breakingnews","14":"tag-featured-news","15":"tag-featurednews","16":"tag-headlines","17":"tag-latest-news","18":"tag-latestnews","19":"tag-latvia","20":"tag-latvian","21":"tag-latviesu","22":"tag-latviesu-valoda","23":"tag-latviesuvaloda","24":"tag-latvija","25":"tag-lv","26":"tag-news","27":"tag-popularakas-zinas","28":"tag-popularakaszinas","29":"tag-slugbaltkrievija","30":"tag-slugvalsts-vides-dienests-vvd","31":"tag-titlebaltkrievija","32":"tag-titlevalsts-vides-dienests-vvd","33":"tag-top-stories","34":"tag-topstories","35":"tag-zinas"},"share_on_mastodon":{"url":"","error":"Validation failed: Text character limit of 500 exceeded"},"_links":{"self":[{"href":"https:\/\/www.europesays.com\/lv\/wp-json\/wp\/v2\/posts\/43190","targetHints":{"allow":["GET"]}}],"collection":[{"href":"https:\/\/www.europesays.com\/lv\/wp-json\/wp\/v2\/posts"}],"about":[{"href":"https:\/\/www.europesays.com\/lv\/wp-json\/wp\/v2\/types\/post"}],"author":[{"embeddable":true,"href":"https:\/\/www.europesays.com\/lv\/wp-json\/wp\/v2\/users\/2"}],"replies":[{"embeddable":true,"href":"https:\/\/www.europesays.com\/lv\/wp-json\/wp\/v2\/comments?post=43190"}],"version-history":[{"count":0,"href":"https:\/\/www.europesays.com\/lv\/wp-json\/wp\/v2\/posts\/43190\/revisions"}],"wp:featuredmedia":[{"embeddable":true,"href":"https:\/\/www.europesays.com\/lv\/wp-json\/wp\/v2\/media\/43191"}],"wp:attachment":[{"href":"https:\/\/www.europesays.com\/lv\/wp-json\/wp\/v2\/media?parent=43190"}],"wp:term":[{"taxonomy":"category","embeddable":true,"href":"https:\/\/www.europesays.com\/lv\/wp-json\/wp\/v2\/categories?post=43190"},{"taxonomy":"post_tag","embeddable":true,"href":"https:\/\/www.europesays.com\/lv\/wp-json\/wp\/v2\/tags?post=43190"}],"curies":[{"name":"wp","href":"https:\/\/api.w.org\/{rel}","templated":true}]}}