{"id":43200,"date":"2025-11-08T09:29:10","date_gmt":"2025-11-08T09:29:10","guid":{"rendered":"https:\/\/www.europesays.com\/lv\/43200\/"},"modified":"2025-11-08T09:29:10","modified_gmt":"2025-11-08T09:29:10","slug":"keitija-perija-dziesma-skiet-atklaj-patiesibu-par-skirsanos-no-orlando-bluma-2","status":"publish","type":"post","link":"https:\/\/www.europesays.com\/lv\/43200\/","title":{"rendered":"Keitija Perija dziesm\u0101, \u0161\u0137iet, atkl\u0101j paties\u012bbu par \u0161\u0137ir\u0161anos no Orlando Bl\u016bma"},"content":{"rendered":"<p>Amerik\u0101\u0146u popzvaigzne Keitija Perija \u0161\u012b gada j\u016bnij\u0101 iz\u0161\u0137\u012br\u0101s no ilggad\u0113j\u0101 partnera un meitas t\u0113va \u2013 aktiera Orlando Bl\u016bma. Nupat dzied\u0101t\u0101ja publiskojusi m\u016bzikas video ar savu jaun\u0101ko dziesmu &#8220;bandaids&#8221;, kas, \u0161\u0137iet, atkl\u0101j patiesos iemeslus attiec\u012bbu beig\u0101m, v\u0113sta &#8220;Page Six&#8221;.<\/p>\n<p>Video att\u0113lo Periju vair\u0101k\u0101s dz\u012bv\u012bbu apdraudo\u0161\u0101s situ\u0101cij\u0101s, simboliski par\u0101dot gr\u016btos br\u012b\u017eus vi\u0146as karjer\u0101 un dz\u012bv\u0113. Saska\u0146\u0101 ar Stereogum, p\u0113c albuma 143 public\u0113\u0161anas 2024. gad\u0101 un albuma t\u016bres laik\u0101, Perija piedz\u012bvoja virkni dz\u012bves gr\u016bdienu, tostarp \u0161\u0137ir\u0161anos no Bl\u016bma.<\/p>\n<p>Video s\u0101kum\u0101 Keitijas laul\u012bbu gredzens iekr\u012bt izlietnes atkritumu smalcin\u0101t\u0101j\u0101. Cen\u0161oties gredzenu iz\u0146emt, vi\u0146a pasl\u012bd uz iepriek\u0161 izmazg\u0101tajiem traukiem, iesl\u0113dzot smalcin\u0101t\u0101ju ar roku taj\u0101 iek\u0161\u0101. \u0160\u012b aina simboliz\u0113 bezpal\u012bdz\u012bbu un attiec\u012bbu kr\u012bzi.<\/p>\n<p>Jaunaj\u0101 dziesm\u0101 Perija dzied par partneri un attiec\u012bb\u0101m, kuras neuzlaboj\u0101s, neskatoties uz vi\u0146as p\u016bl\u0113m:<\/p>\n<p>&#8220;Nav tas, ko tu dar\u012bji, bet tas, ko tu nedar\u012bji. Tu biji, bet tu nebiji. St\u0101stu sev, ka tu main\u012bsies, tu nemainies.&#8221;<br \/>&#13;<br \/>\n(It&#8217;s not what you did, it&#8217;s what you didn&#8217;t \/ You were there, but you weren&#8217;t \/ Telling myself you&#8217;ll change, you don&#8217;t)<\/p>\n<p>Visskaidr\u0101kais m\u0101jiens uz biju\u0161aj\u0101m attiec\u012bb\u0101m ir aina, kur Perija ir iespr\u016bdusi dzelzce\u013ca slied\u0113s. Piln\u0101 \u0101trum\u0101 tuvojas vilciens, un dzied\u0101t\u0101ja neveiksm\u012bgi cen\u0161as atbr\u012bvoties. P\u0113k\u0161\u0146i vi\u0146a pamana baltu margrieti\u0146u starp akme\u0146iem \u2013 simbolu vi\u0146as piecgad\u012bgajai meiti\u0146ai Deizijai Dovai (Daisy angliski noz\u012bm\u0113 margrieti\u0146a). \u0160\u012b aina \u013cauj Perijai nomierin\u0101ties, ieelpot un atbr\u012bvot sevi no slied\u0113m p\u0113d\u0113j\u0101 br\u012bd\u012b.<\/p>\n<p>Dziesm\u0101 skan v\u0101rdi: &#8220;Ja man visu vajadz\u0113tu dar\u012bt v\u0113lreiz \/ Es visu v\u0113l joproj\u0101m dar\u012btu v\u0113lreiz \/ M\u012blest\u012bba, ko rad\u012bj\u0101m, beig\u0101s bija t\u0101 v\u0113rta&#8221;<\/p>\n<p>&#13;<br \/>\n(If I had to do it all over again \/ I would still do it all over again \/ The love that we made was worth it in the end)<\/p>\n<p>K\u0101 zin\u0101ms, \u0161obr\u012bd Perija ir attiec\u012bb\u0101s ar biju\u0161o Kan\u0101das premjerministru \u017dist\u0113nu Trudo.<\/p>\n<p>Noklausies dziesmu un p\u0101rliecinies sav\u0101m ac\u012bm par emocion\u0101lo st\u0101stu, ko Keitija atkl\u0101j!<\/p>\n<p><\/p>\n","protected":false},"excerpt":{"rendered":"Amerik\u0101\u0146u popzvaigzne Keitija Perija \u0161\u012b gada j\u016bnij\u0101 iz\u0161\u0137\u012br\u0101s no ilggad\u0113j\u0101 partnera un meitas t\u0113va \u2013 aktiera Orlando Bl\u016bma.&hellip;\n","protected":false},"author":2,"featured_media":42772,"comment_status":"","ping_status":"","sticky":false,"template":"","format":"standard","meta":{"footnotes":""},"categories":[19],"tags":[129,1773,12078,12081,2239,89,90,35,39,38,36,37,34,40,12082,2240,12079,1774,12083,2241,12080,1775],"class_list":{"0":"post-43200","1":"post","2":"type-post","3":"status-publish","4":"format-standard","5":"has-post-thumbnail","7":"category-izklaide","8":"tag-__typenameadvicekeyword","9":"tag-id1061","10":"tag-id1720","11":"tag-id1721","12":"tag-id93","13":"tag-entertainment","14":"tag-izklaide","15":"tag-latvia","16":"tag-latvian","17":"tag-latviesu","18":"tag-latviesu-valoda","19":"tag-latviesuvaloda","20":"tag-latvija","21":"tag-lv","22":"tag-slugkeitija-perija","23":"tag-slugmusic","24":"tag-slugorlando-blums","25":"tag-slugslavenibas","26":"tag-titlekeitija-perija","27":"tag-titlemusic","28":"tag-titleorlando-blums","29":"tag-titleslavenibas"},"share_on_mastodon":{"url":"https:\/\/pubeurope.com\/@lv\/115513377593601937","error":""},"_links":{"self":[{"href":"https:\/\/www.europesays.com\/lv\/wp-json\/wp\/v2\/posts\/43200","targetHints":{"allow":["GET"]}}],"collection":[{"href":"https:\/\/www.europesays.com\/lv\/wp-json\/wp\/v2\/posts"}],"about":[{"href":"https:\/\/www.europesays.com\/lv\/wp-json\/wp\/v2\/types\/post"}],"author":[{"embeddable":true,"href":"https:\/\/www.europesays.com\/lv\/wp-json\/wp\/v2\/users\/2"}],"replies":[{"embeddable":true,"href":"https:\/\/www.europesays.com\/lv\/wp-json\/wp\/v2\/comments?post=43200"}],"version-history":[{"count":0,"href":"https:\/\/www.europesays.com\/lv\/wp-json\/wp\/v2\/posts\/43200\/revisions"}],"wp:featuredmedia":[{"embeddable":true,"href":"https:\/\/www.europesays.com\/lv\/wp-json\/wp\/v2\/media\/42772"}],"wp:attachment":[{"href":"https:\/\/www.europesays.com\/lv\/wp-json\/wp\/v2\/media?parent=43200"}],"wp:term":[{"taxonomy":"category","embeddable":true,"href":"https:\/\/www.europesays.com\/lv\/wp-json\/wp\/v2\/categories?post=43200"},{"taxonomy":"post_tag","embeddable":true,"href":"https:\/\/www.europesays.com\/lv\/wp-json\/wp\/v2\/tags?post=43200"}],"curies":[{"name":"wp","href":"https:\/\/api.w.org\/{rel}","templated":true}]}}