{"id":43203,"date":"2025-11-08T09:31:08","date_gmt":"2025-11-08T09:31:08","guid":{"rendered":"https:\/\/www.europesays.com\/lv\/43203\/"},"modified":"2025-11-08T09:31:08","modified_gmt":"2025-11-08T09:31:08","slug":"uzlade-kas-pielagojas-cilvekiem-ne-otradi-uzladets","status":"publish","type":"post","link":"https:\/\/www.europesays.com\/lv\/43203\/","title":{"rendered":"uzl\u0101de, kas piel\u0101gojas cilv\u0113kiem (ne otr\u0101di) \u2013 Uzl\u0101d\u0113ts"},"content":{"rendered":"<p>Ar lielu bateriju vairs nepietiek. Gudra uzl\u0101de, saules bums un re\u0101li brauk\u0161anas paradumi maina uztveri par elektroauto Latvij\u0101 un Eirop\u0101.<\/p>\n<p>Elektroauto uzl\u0101de joproj\u0101m daudziem liekas kaut kas att\u0101ls, bet pierast pie t\u0101 izr\u0101d\u0101s viegl\u0101k nek\u0101 braukt uz benz\u012bntanku p\u0113c bulci\u0146as. \u0160aj\u0101 Uzl\u0101d\u0113ts.lv un Latvijas elektroauto biedr\u012bbas epizod\u0113 \u0137id\u0101jam, k\u0101p\u0113c uzl\u0101des vietas j\u0101veido tur, kur cilv\u0113ki dabiski pavada laiku, k\u0101 liela baterija var b\u016bt gausa pie \u201c\u0101tr\u0101s uzl\u0101des\u201d, un k\u0101p\u0113c \u201csuper\u0101tri\u201d nav vienm\u0113r \u201csuperj\u0113gpilni\u201d. Pieskarsimies ar\u012b saules izr\u0101vienam Latvij\u0101, Eiropas platformu sacens\u012bbai un p\u0101ris rekordiem, kas lika p\u0101rbaud\u012bt kalkulatoru divreiz.<\/p>\n<p>Galvenie temati<\/p>\n<ul class=\"wp-block-list\">\n<li>\ud83d\uded1 Prom no benz\u012bntanku dom\u0101\u0161anas: uzl\u0101de pie lielveikaliem un cit\u0101m \u0113rt\u012bb\u0101m ir lo\u0123isk\u0101ka par nojum\u0113m nekurien\u0113.<\/li>\n<li>\ud83e\uddee Liela baterija pret jaudu: ~100+ kWh akumulators pie ~100 kW maksimuma = stunda pie \u0101tr\u0101s uzl\u0101des un joproj\u0101m neesi uzl\u0101d\u0113jies.<\/li>\n<li>\u23f1\ufe0f 20\u201330 min realit\u0101te \u2013 tie\u0161i tik, lai neb\u016btu par garu, bet pietiekami gari, lai izietu cauri pazi\u0146ojumiem telefon\u0101, pa\u0146emtu kafiju un dotos t\u0101l\u0101k.<\/li>\n<li>\u2600\ufe0f Saules bums \u2013 strauj\u0161 jaudas pieaugums un simtiem GWh t\u012bkl\u0101 nodot\u0101s ener\u0123ijas tepat Latvij\u0101.<\/li>\n<li>\ud83c\udfd7\ufe0f Eiropas platformas \u2013 viet\u0113j\u0101s arhitekt\u016bras loma strauji aug, bet paral\u0113li ien\u0101k jauni auto, bet seni sadz\u012bves elektronikas z\u012bmoli ar drosm\u012bgiem konceptiem.<\/li>\n<li>\ud83c\udfc1 Rekordi praks\u0113 \u2013 piekrauts mikrobuss nobrauc ~700 km. sportiskais premium pieveic 563 km ar ~113 km\/h.<\/li>\n<\/ul>\n<p>Autoparks Latvij\u0101 nesteidz\u012bgi maina jaut\u0101jumu no \u201ckur ir pistole?\u201d uz \u201ckur ir labs kapu\u010d\u012bno?\u201d. Gudra uzl\u0101de, saules ener\u0123ija un taisn\u012bgs t\u012bkls vis\u0101 valst\u012b \u2013 t\u0101 ir realit\u0101te jau tagad.<\/p>\n<p><a href=\"https:\/\/uzladets.lv\/elektrumdrive251014kv\" target=\"_blank\" rel=\"nofollow noopener\"><img decoding=\"async\" src=\"https:\/\/www.europesays.com\/lv\/wp-content\/uploads\/2025\/10\/1761817448_751_Uzladets.lv_300x250px-8.png\" style=\"max-width: 300px; max-height:250px;\"\/><\/a><img loading=\"lazy\" decoding=\"async\" src=\"https:\/\/www.europesays.com\/lv\/wp-content\/uploads\/2025\/10\/1761054191_51_\" border=\"0\" width=\"1\" height=\"1\"\/><\/p>\n<p>Klausies jaun\u0101ko epizodi un iemet koment\u0101ru: vai dod priek\u0161roku liel\u0101kai p\u012b\u0137a jaudai vai liel\u0101kai vid\u0113jai jaudai, ja l\u012bdz 80% tiec vienl\u012bdz \u0101tri?<\/p>\n<p><a href=\"https:\/\/mistape.com\" target=\"_blank\" rel=\"nofollow noopener\" class=\"mistape-link mistape-logo\"><\/a><\/p>\n<p>Ja rakst\u0101 paman\u012bji k\u013c\u016bdu, padod mums par to zi\u0146u, iez\u012bm\u0113jot a\u010dg\u0101rno tekstu un nospie\u017eot Ctrl+Enter. Paldies!<\/p>\n<p>&#13;<br \/>\n                    0&#13;<br \/>\n                    0&#13;<br \/>\n                    balsojumi<\/p>\n<p>Raksta nov\u0113rt\u0113jums<\/p>\n<p>\t\tPost navigation<\/p>\n","protected":false},"excerpt":{"rendered":"Ar lielu bateriju vairs nepietiek. Gudra uzl\u0101de, saules bums un re\u0101li brauk\u0161anas paradumi maina uztveri par elektroauto Latvij\u0101&hellip;\n","protected":false},"author":2,"featured_media":43204,"comment_status":"","ping_status":"","sticky":false,"template":"","format":"standard","meta":{"footnotes":""},"categories":[16],"tags":[8584,77,76,2390,35,39,38,36,37,34,40,9624,1221,8586,2205,12192],"class_list":{"0":"post-43203","1":"post","2":"type-post","3":"status-publish","4":"format-standard","5":"has-post-thumbnail","7":"category-bizness","8":"tag-aer","9":"tag-bizness","10":"tag-business","11":"tag-kia","12":"tag-latvia","13":"tag-latvian","14":"tag-latviesu","15":"tag-latviesu-valoda","16":"tag-latviesuvaloda","17":"tag-latvija","18":"tag-lv","19":"tag-podkasts","20":"tag-porsche","21":"tag-saules-paneli","22":"tag-statistika","23":"tag-voyah"},"share_on_mastodon":{"url":"https:\/\/pubeurope.com\/@lv\/115513385644845558","error":""},"_links":{"self":[{"href":"https:\/\/www.europesays.com\/lv\/wp-json\/wp\/v2\/posts\/43203","targetHints":{"allow":["GET"]}}],"collection":[{"href":"https:\/\/www.europesays.com\/lv\/wp-json\/wp\/v2\/posts"}],"about":[{"href":"https:\/\/www.europesays.com\/lv\/wp-json\/wp\/v2\/types\/post"}],"author":[{"embeddable":true,"href":"https:\/\/www.europesays.com\/lv\/wp-json\/wp\/v2\/users\/2"}],"replies":[{"embeddable":true,"href":"https:\/\/www.europesays.com\/lv\/wp-json\/wp\/v2\/comments?post=43203"}],"version-history":[{"count":0,"href":"https:\/\/www.europesays.com\/lv\/wp-json\/wp\/v2\/posts\/43203\/revisions"}],"wp:featuredmedia":[{"embeddable":true,"href":"https:\/\/www.europesays.com\/lv\/wp-json\/wp\/v2\/media\/43204"}],"wp:attachment":[{"href":"https:\/\/www.europesays.com\/lv\/wp-json\/wp\/v2\/media?parent=43203"}],"wp:term":[{"taxonomy":"category","embeddable":true,"href":"https:\/\/www.europesays.com\/lv\/wp-json\/wp\/v2\/categories?post=43203"},{"taxonomy":"post_tag","embeddable":true,"href":"https:\/\/www.europesays.com\/lv\/wp-json\/wp\/v2\/tags?post=43203"}],"curies":[{"name":"wp","href":"https:\/\/api.w.org\/{rel}","templated":true}]}}