{"id":43212,"date":"2025-11-08T09:38:24","date_gmt":"2025-11-08T09:38:24","guid":{"rendered":"https:\/\/www.europesays.com\/lv\/43212\/"},"modified":"2025-11-08T09:38:24","modified_gmt":"2025-11-08T09:38:24","slug":"nogalinaja-lai-samazinatu-slodzi-nakts-mainas-vacija-par-10-pacientu-slepkavibam-notiesa-medbrali","status":"publish","type":"post","link":"https:\/\/www.europesays.com\/lv\/43212\/","title":{"rendered":"Nogalin\u0101ja, lai samazin\u0101tu slodzi nakts mai\u0146\u0101s. V\u0101cij\u0101 par 10 pacientu slepkav\u012bb\u0101m noties\u0101 medbr\u0101li"},"content":{"rendered":"<p>2024. gada pavasar\u012b V\u0101cij\u0101 aizdom\u0101s par 10 pacientu slepkav\u012bbu tika aiztur\u0113ts paliat\u012bv\u0101s apr\u016bpes medbr\u0101lis. Vair\u0101ku m\u0113ne\u0161u garum\u0101 44 gadus vecais v\u012brietis saviem pacientiem bija injic\u0113jis let\u0101las nomierino\u0161o l\u012bdzek\u013cu devas ar m\u0113r\u0137i samazin\u0101t apr\u016bp\u0113jamo skaitu nakts mai\u0146\u0101s. Nu zin\u0101ms, k\u0101du sodu par pastr\u0101d\u0101taj\u0101m slepkav\u012bb\u0101m vi\u0146\u0161 izciet\u012bs.\u00a0<\/p>\n<p>K\u0101 v\u0113sta izmekl\u0113t\u0101ji, \u0161\u012b nav pirm\u0101 reize, kad v\u012brietis non\u0101cis policijas redzeslok\u0101.<\/p>\n","protected":false},"excerpt":{"rendered":"2024. gada pavasar\u012b V\u0101cij\u0101 aizdom\u0101s par 10 pacientu slepkav\u012bbu tika aiztur\u0113ts paliat\u012bv\u0101s apr\u016bpes medbr\u0101lis. Vair\u0101ku m\u0113ne\u0161u garum\u0101 44&hellip;\n","protected":false},"author":2,"featured_media":43213,"comment_status":"","ping_status":"","sticky":false,"template":"","format":"standard","meta":{"footnotes":""},"categories":[14],"tags":[23,6802,57,28,29,32,33,22,30,31,35,39,38,36,37,34,40,20,26,27,595,24,25,299,54,55,56,21,58],"class_list":{"0":"post-43212","1":"post","2":"type-post","3":"status-publish","4":"format-standard","5":"has-post-thumbnail","7":"category-zinas-no-arvalstim","8":"tag-aktualitates","9":"tag-arsts","10":"tag-arvalstim","11":"tag-breaking-news","12":"tag-breakingnews","13":"tag-featured-news","14":"tag-featurednews","15":"tag-headlines","16":"tag-latest-news","17":"tag-latestnews","18":"tag-latvia","19":"tag-latvian","20":"tag-latviesu","21":"tag-latviesu-valoda","22":"tag-latviesuvaloda","23":"tag-latvija","24":"tag-lv","25":"tag-news","26":"tag-popularakas-zinas","27":"tag-popularakaszinas","28":"tag-slepkaviba","29":"tag-top-stories","30":"tag-topstories","31":"tag-vacija","32":"tag-world","33":"tag-world-news","34":"tag-worldnews","35":"tag-zinas","36":"tag-zinas-no-arvalstim"},"share_on_mastodon":{"url":"https:\/\/pubeurope.com\/@lv\/115513413038338646","error":""},"_links":{"self":[{"href":"https:\/\/www.europesays.com\/lv\/wp-json\/wp\/v2\/posts\/43212","targetHints":{"allow":["GET"]}}],"collection":[{"href":"https:\/\/www.europesays.com\/lv\/wp-json\/wp\/v2\/posts"}],"about":[{"href":"https:\/\/www.europesays.com\/lv\/wp-json\/wp\/v2\/types\/post"}],"author":[{"embeddable":true,"href":"https:\/\/www.europesays.com\/lv\/wp-json\/wp\/v2\/users\/2"}],"replies":[{"embeddable":true,"href":"https:\/\/www.europesays.com\/lv\/wp-json\/wp\/v2\/comments?post=43212"}],"version-history":[{"count":0,"href":"https:\/\/www.europesays.com\/lv\/wp-json\/wp\/v2\/posts\/43212\/revisions"}],"wp:featuredmedia":[{"embeddable":true,"href":"https:\/\/www.europesays.com\/lv\/wp-json\/wp\/v2\/media\/43213"}],"wp:attachment":[{"href":"https:\/\/www.europesays.com\/lv\/wp-json\/wp\/v2\/media?parent=43212"}],"wp:term":[{"taxonomy":"category","embeddable":true,"href":"https:\/\/www.europesays.com\/lv\/wp-json\/wp\/v2\/categories?post=43212"},{"taxonomy":"post_tag","embeddable":true,"href":"https:\/\/www.europesays.com\/lv\/wp-json\/wp\/v2\/tags?post=43212"}],"curies":[{"name":"wp","href":"https:\/\/api.w.org\/{rel}","templated":true}]}}