{"id":43214,"date":"2025-11-08T09:42:10","date_gmt":"2025-11-08T09:42:10","guid":{"rendered":"https:\/\/www.europesays.com\/lv\/43214\/"},"modified":"2025-11-08T09:42:10","modified_gmt":"2025-11-08T09:42:10","slug":"lidz-pamatiem-nodegusi-tituleta-nba-trenera-villa","status":"publish","type":"post","link":"https:\/\/www.europesays.com\/lv\/43214\/","title":{"rendered":"L\u012bdz pamatiem nodegusi titul\u0113ta NBA trenera villa"},"content":{"rendered":"<p>L\u012bdz pamatiem nodegusi titul\u0113t\u0101 Nacion\u0101l\u0101s basketbola asoci\u0101cijas (<a rel=\"noopener nofollow\" target=\"_blank\" href=\"https:\/\/www.delfi.lv\/temas\/35299954\/nba\" tag-id=\"35299954\">NBA<\/a>) trenera \u0112rika Spolstras villa, inform\u0113 Zieme\u013camerikas mediji.<\/p>\n<p>Amatpersonas zi\u0146o, ka m\u0101jas gl\u0101b\u0161anas m\u0113\u0123in\u0101jumos tika nos\u016bt\u012bts vair\u0101k nek\u0101 20 ugunsdz\u0113s\u0113ju vien\u012bbas, ta\u010du gl\u0101b\u0113ju darbs izr\u0101d\u012bjies velt\u012bgs, jo m\u0101joklis nodedzis l\u012bdz pamatiem. Ugunsgr\u0113ka br\u012bd\u012b m\u0101j\u0101 neviens neatrad\u0101s, un par cietu\u0161ajiem netika zi\u0146ots. Spolstra pl\u0101no tren\u0113t Maiami komandu t\u0101s n\u0101kamaj\u0101 sp\u0113l\u0113, kas piektdienas vakar\u0101 notiks m\u0101j\u0101s pret \u0160arlotas &#8220;Hornets&#8221;.<\/p>\n<p>Kad ugunsgr\u0113ks s\u0101k\u0101s, Spolstra atrad\u0101s lidma\u0161\u012bn\u0101 no Denveras, kur &#8220;Heat&#8221; tre\u0161dien aizvad\u012bja sp\u0113li pret viet\u0113jo &#8220;Nuggets&#8221;. Gl\u0101b\u0113ji izsaukumu sa\u0146\u0113mu\u0161i 4:36 r\u012bt\u0101, bet komandas lidma\u0161\u012bna nolaid\u0101s aptuveni 35 min\u016btes v\u0113l\u0101k. Publiski pieejam\u0101 inform\u0101cija liecina, ka treneris nodegu\u0161o piecu gu\u013camistabu villu ieg\u0101d\u0101jies 2023. gada decembr\u012b par aptuveni 5,5 miljoniem ASV dol\u0101ru.<\/p>\n<p class=\"m-0\">Seko &#8220;Delfi&#8221; ar\u012b  <a target=\"_blank\" href=\"https:\/\/www.instagram.com\/delfi.lv\/\" rel=\"nofollow noopener\">Instagram<\/a>  un <a target=\"_blank\" href=\"https:\/\/www.youtube.com\/channel\/UCw5foWtcJvAbUm64rv7jwUQ\" rel=\"nofollow noopener\">YouTube<\/a>  profil\u0101 \u2013 pievienojies, lai uzzin\u0101tu svar\u012bg\u0101ko un interesant\u0101ko pirmais!<\/p>\n<p>Publik\u0101cijas saturs vai t\u0101s jebk\u0101da apjoma da\u013ca ir aizsarg\u0101ts autorties\u012bbu objekts Autorties\u012bbu likuma izpratn\u0113, un t\u0101 izmanto\u0161ana bez izdev\u0113ja at\u013caujas ir aizliegta. Vair\u0101k lasi  <a target=\"_blank\" href=\"https:\/\/www.delfi.lv\/noteikumi#autortiesibas\" rel=\"nofollow noopener\">\u0161eit<\/a><script async src=\"\/\/www.instagram.com\/embed.js\"><\/script><\/p>\n","protected":false},"excerpt":{"rendered":"L\u012bdz pamatiem nodegusi titul\u0113t\u0101 Nacion\u0101l\u0101s basketbola asoci\u0101cijas (NBA) trenera \u0112rika Spolstras villa, inform\u0113 Zieme\u013camerikas mediji. Amatpersonas zi\u0146o, ka&hellip;\n","protected":false},"author":2,"featured_media":43215,"comment_status":"","ping_status":"","sticky":false,"template":"","format":"standard","meta":{"footnotes":""},"categories":[17],"tags":[8957,35,39,38,36,37,34,40,1258,67],"class_list":{"0":"post-43214","1":"post","2":"type-post","3":"status-publish","4":"format-standard","5":"has-post-thumbnail","7":"category-sports","8":"tag-heat","9":"tag-latvia","10":"tag-latvian","11":"tag-latviesu","12":"tag-latviesu-valoda","13":"tag-latviesuvaloda","14":"tag-latvija","15":"tag-lv","16":"tag-nba","17":"tag-sports"},"share_on_mastodon":{"url":"https:\/\/pubeurope.com\/@lv\/115513428833506430","error":""},"_links":{"self":[{"href":"https:\/\/www.europesays.com\/lv\/wp-json\/wp\/v2\/posts\/43214","targetHints":{"allow":["GET"]}}],"collection":[{"href":"https:\/\/www.europesays.com\/lv\/wp-json\/wp\/v2\/posts"}],"about":[{"href":"https:\/\/www.europesays.com\/lv\/wp-json\/wp\/v2\/types\/post"}],"author":[{"embeddable":true,"href":"https:\/\/www.europesays.com\/lv\/wp-json\/wp\/v2\/users\/2"}],"replies":[{"embeddable":true,"href":"https:\/\/www.europesays.com\/lv\/wp-json\/wp\/v2\/comments?post=43214"}],"version-history":[{"count":0,"href":"https:\/\/www.europesays.com\/lv\/wp-json\/wp\/v2\/posts\/43214\/revisions"}],"wp:featuredmedia":[{"embeddable":true,"href":"https:\/\/www.europesays.com\/lv\/wp-json\/wp\/v2\/media\/43215"}],"wp:attachment":[{"href":"https:\/\/www.europesays.com\/lv\/wp-json\/wp\/v2\/media?parent=43214"}],"wp:term":[{"taxonomy":"category","embeddable":true,"href":"https:\/\/www.europesays.com\/lv\/wp-json\/wp\/v2\/categories?post=43214"},{"taxonomy":"post_tag","embeddable":true,"href":"https:\/\/www.europesays.com\/lv\/wp-json\/wp\/v2\/tags?post=43214"}],"curies":[{"name":"wp","href":"https:\/\/api.w.org\/{rel}","templated":true}]}}