{"id":43217,"date":"2025-11-08T10:00:08","date_gmt":"2025-11-08T10:00:08","guid":{"rendered":"https:\/\/www.europesays.com\/lv\/43217\/"},"modified":"2025-11-08T10:00:08","modified_gmt":"2025-11-08T10:00:08","slug":"evanss-vaja-ozje-cina-par-uzvaru-japanas-rallija-motoru-sports-sportacentrs-com","status":"publish","type":"post","link":"https:\/\/www.europesays.com\/lv\/43217\/","title":{"rendered":"Evanss vaj\u0101 O\u017ej\u0113 c\u012b\u0146\u0101 par uzvaru Jap\u0101nas rallij\u0101 \u2013 Motoru sports \u2013 Sportacentrs.com"},"content":{"rendered":"<p>Evanss \u0161o dienu uzs\u0101ka no tre\u0161\u0101s poz\u012bcijas, bet jau sestdienas pirmaj\u0101 \u0101trumposm\u0101 tika gar\u0101m Katsutam un non\u0101ca otraj\u0101 viet\u0101. Tobr\u012bd O\u017ej\u0113 bija 8.9 sekundes priek\u0161\u0101, bet p\u0113c sacens\u012bbu 12. \u0101trumposma WRC kopv\u0113rt\u0113juma l\u012bderis bija pietuvojies jau l\u012bdz nieka 1.4 sekun\u017eu atstatumam. Priek\u0161p\u0113d\u0113j\u0101 dienas \u0101trumposm\u0101 O\u017ej\u0113 atkal par vair\u0101k\u0101m sekund\u0113m izdev\u0101s att\u0101lin\u0101ties, bet diena nosl\u0113dz\u0101s ar superspeci\u0101lo dopu, p\u0113c kura asto\u0146k\u0101rt\u0113jais pasaules \u010dempions ir 6.5 sekundes priek\u0161\u0101 Evansam.<\/p>\n<p>Takamoto Katsutas cer\u012bbas uz pirmo uzvaru pasaules rallija \u010dempion\u0101t\u0101 sabruka sestdienas r\u012bt\u0101, kad vi\u0146\u0161 avar\u0113ja 11. \u0101trumposm\u0101 un saboj\u0101ja st\u016bres pastiprin\u0101t\u0101ju savam &#8220;Toyota GR Yaris Rally1&#8221;. Jap\u0101\u0146u pilots, kur\u0161 tobr\u012bd atrad\u0101s tikai 5.2 sekundes aiz l\u012bdera, k\u013c\u016bd\u012bj\u0101s \u0161aur\u0101 stadiona sekcij\u0101, ar aizmuguri uzsl\u012bdot met\u0101la barjerai, p\u0113c k\u0101 vi\u0146a ma\u0161\u012bnu uzsvieda pret\u0113j\u0101 pus\u0113 eso\u0161ajai plastmasas barjerai. M\u0113\u0123inot atgriezties tras\u0113, vi\u0146\u0161 v\u0113lreiz iztriec\u0101s cauri \u0161ai barjerai, boj\u0101jot auto priek\u0161\u0113jo labo st\u016bri, p\u0113c k\u0101 p\u0101ris l\u012bkumus v\u0113l\u0101k pazuda st\u016bres pastiprin\u0101t\u0101js. V\u012blies Katsuta fini\u0161\u0101 klus\u0113ja, bet v\u0113l\u0101k atzina, ka t\u0101 bijusi &#8220;stulba k\u013c\u016bda&#8221;.<\/p>\n<blockquote class=\"twitter-tweet\">\n<p lang=\"en\" dir=\"ltr\">The moment it all went wrong for Taka \ud83d\udc94<a href=\"https:\/\/twitter.com\/hashtag\/WRC?src=hash&amp;ref_src=twsrc%5Etfw\" rel=\"nofollow noopener\" target=\"_blank\">#WRC<\/a> | <a href=\"https:\/\/twitter.com\/hashtag\/RallyJapan?src=hash&amp;ref_src=twsrc%5Etfw\" rel=\"nofollow noopener\" target=\"_blank\">#RallyJapan<\/a> \ud83c\uddef\ud83c\uddf5<br \/><a href=\"https:\/\/t.co\/G74o5O35Os\" rel=\"nofollow\">pic.twitter.com\/G74o5O35Os<\/a><\/p>\n<p>\u2014 FIA World Rally Championship (@OfficialWRC) <a href=\"https:\/\/twitter.com\/OfficialWRC\/status\/1987015597582942652?ref_src=twsrc%5Etfw\" rel=\"nofollow noopener\" target=\"_blank\">November 8, 2025<\/a><\/p><\/blockquote>\n<p>Tjer\u012b Noivila ned\u0113\u013cas nogale Jap\u0101nas rallij\u0101 beigusies priek\u0161laic\u012bgi \u2013 p\u0113c tre\u0161\u0101s tehnisk\u0101s probl\u0113mas tr\u012bs dienu laik\u0101 &#8220;Hyundai&#8221; pilots bija spiests izst\u0101ties. P\u0113c transmisijas defekta ceturtdien un aizmugures diferenci\u0101\u013ca boj\u0101juma piektdien, sestdien Noivila &#8220;i20 N Rally1&#8221; s\u0101ka tec\u0113t e\u013c\u013ca jau p\u0101rbraucien\u0101 uz dienas pirmo \u0101trumposmu. Ekip\u0101\u017ea aptur\u0113ja auto un m\u0113\u0123in\u0101ja konstat\u0113t boj\u0101jumu, ta\u010du dr\u012bz vien k\u013cuva skaidrs, ka vain\u012bgs ir kard\u0101nv\u0101rpstas l\u016bzums. T\u0101 k\u0101 sestdienas mar\u0161rut\u0101 nebija paredz\u0113ts servisa parka apmekl\u0113jums, vien\u012bg\u0101 iesp\u0113ja bija izst\u0101ties. Pirms tam Noivils bija nosl\u012bd\u0113jis uz astoto vietu.<\/p>\n<p>Kam\u0113r &#8220;Toyota&#8221; brauc\u0113ji c\u012bn\u0101s par uzvaru, tre\u0161aj\u0101 viet\u0101 atrodas Adriens Furmo, kur\u0161 \u0161aj\u0101 ned\u0113\u013cas nogal\u0113 demonstr\u0113ja vislab\u0101ko veikumu no &#8220;Hyundai&#8221; komandas trijotnes. Turkl\u0101t no l\u012bdera vi\u0146\u0161 atpaliek ne p\u0101r\u0101k daudz &#8211; 23.6 sekundes. Sami Pajari dienas s\u0101kum\u0101 uzsl\u012bd\u0113ja valnim, bet turpin\u0101ja, nezaud\u0113jot daudz laika un dienas beig\u0101s ir ceturtais. Vientu\u013c\u0101 piektaj\u0101 poz\u012bcij\u0101 ralliju turpina Ots Tanaks, t\u0101l\u0101k Gregu\u0101rs Munsters, bet Kalle Rovanpera \u0161\u012bs dienas laik\u0101 no 17. vietas p\u0113c piektdienas av\u0101rijas pac\u0113lies uz sept\u012bto poz\u012bciju \u0161obr\u012bd.<\/p>\n<p>Jaunais WRC2 \u010dempions Olivers Solbergs ir p\u0101rliecino\u0161i priek\u0161\u0101 vis\u0101m cit\u0101m &#8220;Rally2&#8221; ekip\u0101\u017e\u0101m. \u0160aj\u0101 posm\u0101 vi\u0146\u0161 par ieskaites punktiem nesacen\u0161as, l\u012bdz ar to WRC2 klases vad\u012bb\u0101 ir Alehandro Ka\u010dons, kam tagad jau gandr\u012bz pusmin\u016btes p\u0101rsvars p\u0101r Nikolaju Grjazinu.<\/p>\n<p>P\u0113d\u0113jos se\u0161us \u0101trumposmus dal\u012bbnieki veiks sv\u0113tdien.<\/p>\n<p>Jap\u0101nas rallija rezult\u0101ti p\u0113c 14. \u0101trumposma:<img decoding=\"async\" src=\"https:\/\/www.europesays.com\/lv\/wp-content\/uploads\/2025\/11\/wrc-211.jpg\" class=\"img-fluid\"\/><\/p>\n<p>Visi rezult\u0101ti: <a target=\"_blank\" href=\"https:\/\/ewrc-results.com\/results\/90028-forum8-rally-japan-2025\/?s=505785\" rel=\"nofollow noopener\">https:\/\/ewrc-results.com\/results\/90&#8230;<\/a><\/p>\n<p>                    <script async src=\"https:\/\/platform.twitter.com\/widgets.js\" charset=\"utf-8\"><\/script><\/p>\n","protected":false},"excerpt":{"rendered":"Evanss \u0161o dienu uzs\u0101ka no tre\u0161\u0101s poz\u012bcijas, bet jau sestdienas pirmaj\u0101 \u0101trumposm\u0101 tika gar\u0101m Katsutam un non\u0101ca otraj\u0101&hellip;\n","protected":false},"author":2,"featured_media":43218,"comment_status":"","ping_status":"","sticky":false,"template":"","format":"standard","meta":{"footnotes":""},"categories":[17],"tags":[35,39,38,36,37,34,40,165,67],"class_list":{"0":"post-43217","1":"post","2":"type-post","3":"status-publish","4":"format-standard","5":"has-post-thumbnail","7":"category-sports","8":"tag-latvia","9":"tag-latvian","10":"tag-latviesu","11":"tag-latviesu-valoda","12":"tag-latviesuvaloda","13":"tag-latvija","14":"tag-lv","15":"tag-motoru-sports","16":"tag-sports"},"share_on_mastodon":{"url":"https:\/\/pubeurope.com\/@lv\/115513499610252078","error":""},"_links":{"self":[{"href":"https:\/\/www.europesays.com\/lv\/wp-json\/wp\/v2\/posts\/43217","targetHints":{"allow":["GET"]}}],"collection":[{"href":"https:\/\/www.europesays.com\/lv\/wp-json\/wp\/v2\/posts"}],"about":[{"href":"https:\/\/www.europesays.com\/lv\/wp-json\/wp\/v2\/types\/post"}],"author":[{"embeddable":true,"href":"https:\/\/www.europesays.com\/lv\/wp-json\/wp\/v2\/users\/2"}],"replies":[{"embeddable":true,"href":"https:\/\/www.europesays.com\/lv\/wp-json\/wp\/v2\/comments?post=43217"}],"version-history":[{"count":0,"href":"https:\/\/www.europesays.com\/lv\/wp-json\/wp\/v2\/posts\/43217\/revisions"}],"wp:featuredmedia":[{"embeddable":true,"href":"https:\/\/www.europesays.com\/lv\/wp-json\/wp\/v2\/media\/43218"}],"wp:attachment":[{"href":"https:\/\/www.europesays.com\/lv\/wp-json\/wp\/v2\/media?parent=43217"}],"wp:term":[{"taxonomy":"category","embeddable":true,"href":"https:\/\/www.europesays.com\/lv\/wp-json\/wp\/v2\/categories?post=43217"},{"taxonomy":"post_tag","embeddable":true,"href":"https:\/\/www.europesays.com\/lv\/wp-json\/wp\/v2\/tags?post=43217"}],"curies":[{"name":"wp","href":"https:\/\/api.w.org\/{rel}","templated":true}]}}