{"id":43240,"date":"2025-11-08T10:29:09","date_gmt":"2025-11-08T10:29:09","guid":{"rendered":"https:\/\/www.europesays.com\/lv\/43240\/"},"modified":"2025-11-08T10:29:09","modified_gmt":"2025-11-08T10:29:09","slug":"kendriks-lamars-nominets-devinam-grammy-balvam-2","status":"publish","type":"post","link":"https:\/\/www.europesays.com\/lv\/43240\/","title":{"rendered":"Kendriks Lam\u0101rs nomin\u0113ts devi\u0146\u0101m &#8220;Grammy&#8221; balv\u0101m"},"content":{"rendered":"<p>Piektdien izzi\u0146oti &#8220;Grammy&#8221; balvu pretendenti, un visliel\u0101kais nomin\u0101ciju skaits ir amerik\u0101\u0146u reperim Kendrikam Lam\u0101ram, kas pretend\u0113 uz devi\u0146\u0101m balv\u0101m.<\/p>\n<p>Nomin\u0101ciju skaita zi\u0146\u0101 vi\u0146am seko amerik\u0101\u0146u dzied\u0101t\u0101ja &#8220;Lady Gaga&#8221;, amerik\u0101\u0146u dzied\u0101t\u0101js, dziesmu autors un ierakstu producents D\u017eeks Antonofs un kan\u0101die\u0161u dziesmu autors un producents &#8220;Cirkut&#8221;. Katrs no vi\u0146iem pretend\u0113 uz septi\u0146\u0101m balv\u0101m.<\/p>\n<p>Lam\u0101rs nomin\u0113ts lab\u0101k\u0101 ieraksta, dziesmas un albuma kategorij\u0101s, un \u0161\u012b ir tre\u0161\u0101 reize, kad vi\u0146\u0161 nomin\u0113ts vienlaic\u012bgi \u0161aj\u0101s tr\u012bs lielaj\u0101s kategorij\u0101s.<\/p>\n<p>Karjeras gait\u0101 Lam\u0101rs sa\u0146\u0113mis 22 gremijus, un vi\u0146am ir 66 nomin\u0101cijas.<\/p>\n<p>Ar\u012b &#8220;Lady Gaga&#8221; nomin\u0113ta lab\u0101k\u0101 ieraksta, dziesmas un albuma kategorij\u0101s. M\u016bzi\u0137ei \u0161\u012b ir pirm\u0101 reize, kad vi\u0146a tikusi nomin\u0113ta vienlaic\u012bgi tr\u012bs lielaj\u0101s kategorij\u0101s.<\/p>\n<p>Balso\u0161anas p\u0113d\u0113j\u0101 k\u0101rta notiks no 12. decembra l\u012bdz 5. janv\u0101rim.<\/p>\n<p>Balvu pasnieg\u0161anas ceremonija gaid\u0101ma 1. febru\u0101r\u012b Losand\u017eelos\u0101 &#8220;Crypto.com&#8221; ar\u0113n\u0101.<\/p>\n<p><img decoding=\"async\" src=\"https:\/\/www.europesays.com\/lv\/wp-content\/uploads\/2025\/11\/1cab1c3154880d4951e90b794f80c3a7.jpg\" title=\"Kendriks Lam\u0101rs. Foto: AP Photo\/Matt Slocum\/Scanpix\" alt=\"Kendriks Lam\u0101rs. Foto: AP Photo\/Matt Slocum\/Scanpix\"\/><\/p>\n<p class=\"article-img-desc\">Kendriks Lam\u0101rs. Foto: AP Photo\/Matt Slocum\/Scanpix<\/p>\n","protected":false},"excerpt":{"rendered":"Piektdien izzi\u0146oti &#8220;Grammy&#8221; balvu pretendenti, un visliel\u0101kais nomin\u0101ciju skaits ir amerik\u0101\u0146u reperim Kendrikam Lam\u0101ram, kas pretend\u0113 uz devi\u0146\u0101m&hellip;\n","protected":false},"author":2,"featured_media":43241,"comment_status":"","ping_status":"","sticky":false,"template":"","format":"standard","meta":{"footnotes":""},"categories":[19],"tags":[129,2239,89,90,35,39,38,36,37,34,40,2240,2241],"class_list":{"0":"post-43240","1":"post","2":"type-post","3":"status-publish","4":"format-standard","5":"has-post-thumbnail","7":"category-izklaide","8":"tag-__typenameadvicekeyword","9":"tag-id93","10":"tag-entertainment","11":"tag-izklaide","12":"tag-latvia","13":"tag-latvian","14":"tag-latviesu","15":"tag-latviesu-valoda","16":"tag-latviesuvaloda","17":"tag-latvija","18":"tag-lv","19":"tag-slugmusic","20":"tag-titlemusic"},"share_on_mastodon":{"url":"https:\/\/pubeurope.com\/@lv\/115513613657168240","error":""},"_links":{"self":[{"href":"https:\/\/www.europesays.com\/lv\/wp-json\/wp\/v2\/posts\/43240","targetHints":{"allow":["GET"]}}],"collection":[{"href":"https:\/\/www.europesays.com\/lv\/wp-json\/wp\/v2\/posts"}],"about":[{"href":"https:\/\/www.europesays.com\/lv\/wp-json\/wp\/v2\/types\/post"}],"author":[{"embeddable":true,"href":"https:\/\/www.europesays.com\/lv\/wp-json\/wp\/v2\/users\/2"}],"replies":[{"embeddable":true,"href":"https:\/\/www.europesays.com\/lv\/wp-json\/wp\/v2\/comments?post=43240"}],"version-history":[{"count":0,"href":"https:\/\/www.europesays.com\/lv\/wp-json\/wp\/v2\/posts\/43240\/revisions"}],"wp:featuredmedia":[{"embeddable":true,"href":"https:\/\/www.europesays.com\/lv\/wp-json\/wp\/v2\/media\/43241"}],"wp:attachment":[{"href":"https:\/\/www.europesays.com\/lv\/wp-json\/wp\/v2\/media?parent=43240"}],"wp:term":[{"taxonomy":"category","embeddable":true,"href":"https:\/\/www.europesays.com\/lv\/wp-json\/wp\/v2\/categories?post=43240"},{"taxonomy":"post_tag","embeddable":true,"href":"https:\/\/www.europesays.com\/lv\/wp-json\/wp\/v2\/tags?post=43240"}],"curies":[{"name":"wp","href":"https:\/\/api.w.org\/{rel}","templated":true}]}}