{"id":43244,"date":"2025-11-08T10:32:09","date_gmt":"2025-11-08T10:32:09","guid":{"rendered":"https:\/\/www.europesays.com\/lv\/43244\/"},"modified":"2025-11-08T10:32:09","modified_gmt":"2025-11-08T10:32:09","slug":"skaitli-ko-putins-megina-slept-aplests-miruso-krievu-karaviru-skaits-kara-pret-ukrainu","status":"publish","type":"post","link":"https:\/\/www.europesays.com\/lv\/43244\/","title":{"rendered":"Skait\u013ci, ko Putins m\u0113\u0123ina sl\u0113pt, &#8211; apl\u0113sts miru\u0161o krievu karav\u012bru skaits kar\u0101 pret Ukrainu"},"content":{"rendered":"<p style=\"text-align: justify;\">Foto: Jeroen Akkermans\/Flickr<\/p>\n<p style=\"text-align: justify;\">145\u00a0258 nogalin\u0101ti Krievijas armijas karav\u012bri \u2014 \u0161o skaitli neatkar\u012bgi p\u0113tnieki apstiprin\u0101ju\u0161i \u0161\u0101 gada novembra s\u0101kum\u0101.<\/p>\n<p style=\"text-align: justify;\">P\u0113d\u0113jo divu ned\u0113\u013cu laik\u0101 sarakstam ir pievienoti teju 5000 jaunu boj\u0101g\u0101ju\u0161o, kas ir divreiz vair\u0101k nek\u0101 parasti. \u0160os skait\u013cus public\u0113jusi <a href=\"https:\/\/t.me\/mediazzzona\/25479\" target=\"_blank\" rel=\"noopener nofollow\">Mediazona<\/a> un BBC krievu dienests.<\/p>\n<p style=\"text-align: justify;\">P\u0113tnieki nor\u0101da, ka\u00a0miru\u0161o\u00a0pieaugums nav saist\u012bts ar situ\u0101cijas izmai\u0146\u0101m front\u0113, bet gan ar datu preciz\u0113\u0161anu par tiem, kas uzskait\u012bti k\u0101 bezv\u0113sts pazudu\u0161i kauj\u0101.<\/p>\n<blockquote>\n<p style=\"text-align: center;\">Tikm\u0113r\u00a0Ukrainas Bru\u0146oto sp\u0113ku \u0122ener\u0101l\u0161t\u0101bs zi\u0146o, ka Krievijas armijas kop\u0113jie zaud\u0113jumi, ieskaitot kritu\u0161os un ievainotos, jau ir sasniegu\u0161i 1 148 910, no kuriem 1170 ir miru\u0161i\u00a0p\u0113d\u0113jo 24 stundu laik\u0101.<\/p>\n<\/blockquote>\n<p style=\"text-align: justify;\">Neatbilst\u012bba starp ofici\u0101lajiem un neatkar\u012bgajiem datiem ir viegli izskaidrojama: Kremlis sl\u0113pj katastrofas apm\u0113rus un dara visu iesp\u0113jamo, lai krievi prec\u012bzi neuzzin\u0101tu, cik daudz vi\u0146u l\u012bdzpilso\u0146u ir g\u0101ju\u0161i boj\u0101 Ukrainas kauj\u0101s, v\u0113sta <a href=\"https:\/\/www.dialog.ua\/war\/323591_1762548176\" target=\"_blank\" rel=\"noopener nofollow\">Dialog.ua<\/a>.<\/p>\n<p style=\"text-align: justify;\">\u012apa\u0161i bied\u0113jo\u0161a tendence p\u0113d\u0113jos m\u0113ne\u0161os ir nepilngad\u012bgo l\u012bdzdal\u012bba\u00a0kar\u0101. P\u0113c krievu \u017eurn\u0101listu dom\u0101m, arvien vair\u0101k pusaud\u017eu br\u012bvpr\u0101t\u012bgi piesak\u0101s dien\u0113t front\u0113, bie\u017ei vien t\u016bl\u012bt p\u0113c 18 gadu vecuma sasnieg\u0161anas. Krievijas varas iest\u0101des past\u0101v\u012bgi p\u0101rraksta likumus, lai papla\u0161in\u0101tu \u0161\u0101das \u201cverv\u0113\u0161anas\u201d iesp\u0113jas. T\u0101 rezult\u0101t\u0101 tagad kar\u0101 tiek s\u016bt\u012bti jauni v\u012brie\u0161i, kuri tikko ir pabeigu\u0161i skolu.<\/p>\n<p style=\"text-align: justify;\">Vi\u0146u ce\u013ci ir vien\u0101di: no l\u012bguma parakst\u012b\u0161anas l\u012bdz n\u0101vei paiet tikai viens vai divi m\u0113ne\u0161i. Jaunie krievi, kurus ietekm\u0113 sol\u012bjumi par \u201cvieglu naudu un slavu\u201d, non\u0101k frontes l\u012bnij\u0101s un mirst Ukrainas bezpilota lidapar\u0101tu un artil\u0113rijas ap\u0161aud\u0113s. Kremlim vi\u0146i ir l\u0113ti \u0137erme\u0146i, lai papildin\u0101tu uzbrukuma sp\u0113kus. Krievijas propaganda vi\u0146us sauc par varo\u0146iem, bet paties\u012bb\u0101 vi\u0146i ir b\u0113rni, kurus vald\u012bba iemet ga\u013cas ma\u0161\u012bn\u0101, lai turpin\u0101tu savu agresiju. Kam\u0113r Maskava sola \u201cuzvaru par katru cenu\u201d, cenu maks\u0101 pa\u0161i krievi \u2013 ar savu dz\u012bv\u012bbu un savu b\u0113rnu n\u0101kotni, raksta port\u0101ls.<\/p>\n<p style=\"text-align: justify;\">Lasiet ar\u012b:\u00a0<\/p>\n<p style=\"text-align: justify;\"><a style=\"color: #800000;\" href=\"https:\/\/ritakafija.lv\/2025\/11\/07\/video-ukraina-vel-nav-mirusi-krievija-histerija-nevieta-atskanotas-dziesmas-del\/\" target=\"_blank\" rel=\"noopener nofollow\">VIDEO | \u00abUkraina v\u0113l nav mirusi!\u00bb \u2013 Krievij\u0101 hist\u0113rija neviet\u0101 atska\u0146otas dziesmas d\u0113\u013c<\/a><\/p>\n<p style=\"text-align: justify;\"><a style=\"color: #800000;\" href=\"https:\/\/ritakafija.lv\/2025\/11\/07\/interneta-izsmej-tekstus-par-ukrainu-jaunakaja-krievijas-vestures-macibu-gramata\/\" target=\"_blank\" rel=\"noopener nofollow\">Internet\u0101 izsmej tekstus par Ukrainu jaun\u0101kaj\u0101 Krievijas v\u0113stures m\u0101c\u012bbu gr\u0101mat\u0101<\/a><\/p>\n<p style=\"text-align: justify;\"><a style=\"color: #800000;\" href=\"https:\/\/ritakafija.lv\/2025\/11\/07\/lidz-vairakiem-simtiem-dalibnieku-pret-izstasanos-no-stambulas-konvencijas-proteste-ne-tikai-riga-bet-ari-citviet-latvija\/\" target=\"_blank\" rel=\"noopener nofollow\">L\u012bdz vair\u0101kiem simtiem dal\u012bbnieku \u2013 pret izst\u0101\u0161anos no Stambulas konvencijas protest\u0113 ne tikai R\u012bg\u0101, bet ar\u012b citviet Latvij\u0101<\/a><\/p>\n<p style=\"text-align: justify;\"><a style=\"color: #800000;\" href=\"https:\/\/ritakafija.lv\/2025\/11\/08\/talsinieks-kurs-reiz-jau-vinnejis-auto-tiek-pie-milzu-laimesta\/\" target=\"_blank\" rel=\"noopener nofollow\">Talsinieks, kur\u0161 reiz jau vinn\u0113jis auto, tiek pie milzu laimesta<\/a><\/p>\n<p style=\"text-align: justify;\"><a style=\"color: #800000;\" href=\"https:\/\/ritakafija.lv\/2025\/11\/07\/nedelas-horoskops-7-13-novembris\/\" target=\"_blank\" rel=\"noopener nofollow\">Ned\u0113\u013cas horoskops: 7. \u2013 13. novembris<\/a><\/p>\n<p style=\"text-align: justify;\"><a style=\"color: #800000;\" href=\"https:\/\/ritakafija.lv\/2025\/11\/07\/daugavins-cerins-un-citas-pasmaju-slavenibas-piestradas-par-bolt-taksistiem\/\" target=\"_blank\" rel=\"noopener nofollow\">Daugavi\u0146\u0161, Ceri\u0146\u0161 un citas pa\u0161m\u0101ju slaven\u012bbas piestr\u0101d\u0101s par\u00a0Bolt\u00a0taksistiem<\/a><\/p>\n<p style=\"text-align: justify;\"><a href=\"https:\/\/ritakafija.lv\/2025\/10\/24\/saeima-konceptuali-atbalsta-latvijas-izstasanos-no-stambulas-konvencijas\/\" rel=\"nofollow noopener\" target=\"_blank\">Seko mums ar\u012b\u00a0Facebook,X,\u00a0Instagram\u00a0un\u00a0Draugiem<\/a><\/p>\n","protected":false},"excerpt":{"rendered":"Foto: Jeroen Akkermans\/Flickr 145\u00a0258 nogalin\u0101ti Krievijas armijas karav\u012bri \u2014 \u0161o skaitli neatkar\u012bgi p\u0113tnieki apstiprin\u0101ju\u0161i \u0161\u0101 gada novembra s\u0101kum\u0101.&hellip;\n","protected":false},"author":2,"featured_media":43245,"comment_status":"","ping_status":"","sticky":false,"template":"","format":"standard","meta":{"footnotes":""},"categories":[14],"tags":[23,57,12196,28,29,32,33,22,3354,234,12197,30,31,35,39,38,36,37,34,40,12198,12199,20,26,27,24,25,54,55,56,21,58],"class_list":{"0":"post-43244","1":"post","2":"type-post","3":"status-publish","4":"format-standard","5":"has-post-thumbnail","7":"category-zinas-no-arvalstim","8":"tag-aktualitates","9":"tag-arvalstim","10":"tag-boja-gajuso-skaits","11":"tag-breaking-news","12":"tag-breakingnews","13":"tag-featured-news","14":"tag-featurednews","15":"tag-headlines","16":"tag-kars-ukraina","17":"tag-krievija","18":"tag-krievu-karaviri","19":"tag-latest-news","20":"tag-latestnews","21":"tag-latvia","22":"tag-latvian","23":"tag-latviesu","24":"tag-latviesu-valoda","25":"tag-latviesuvaloda","26":"tag-latvija","27":"tag-lv","28":"tag-mirusie","29":"tag-miruso-skaits","30":"tag-news","31":"tag-popularakas-zinas","32":"tag-popularakaszinas","33":"tag-top-stories","34":"tag-topstories","35":"tag-world","36":"tag-world-news","37":"tag-worldnews","38":"tag-zinas","39":"tag-zinas-no-arvalstim"},"share_on_mastodon":{"url":"","error":"Validation failed: Text character limit of 500 exceeded"},"_links":{"self":[{"href":"https:\/\/www.europesays.com\/lv\/wp-json\/wp\/v2\/posts\/43244","targetHints":{"allow":["GET"]}}],"collection":[{"href":"https:\/\/www.europesays.com\/lv\/wp-json\/wp\/v2\/posts"}],"about":[{"href":"https:\/\/www.europesays.com\/lv\/wp-json\/wp\/v2\/types\/post"}],"author":[{"embeddable":true,"href":"https:\/\/www.europesays.com\/lv\/wp-json\/wp\/v2\/users\/2"}],"replies":[{"embeddable":true,"href":"https:\/\/www.europesays.com\/lv\/wp-json\/wp\/v2\/comments?post=43244"}],"version-history":[{"count":0,"href":"https:\/\/www.europesays.com\/lv\/wp-json\/wp\/v2\/posts\/43244\/revisions"}],"wp:featuredmedia":[{"embeddable":true,"href":"https:\/\/www.europesays.com\/lv\/wp-json\/wp\/v2\/media\/43245"}],"wp:attachment":[{"href":"https:\/\/www.europesays.com\/lv\/wp-json\/wp\/v2\/media?parent=43244"}],"wp:term":[{"taxonomy":"category","embeddable":true,"href":"https:\/\/www.europesays.com\/lv\/wp-json\/wp\/v2\/categories?post=43244"},{"taxonomy":"post_tag","embeddable":true,"href":"https:\/\/www.europesays.com\/lv\/wp-json\/wp\/v2\/tags?post=43244"}],"curies":[{"name":"wp","href":"https:\/\/api.w.org\/{rel}","templated":true}]}}