{"id":43257,"date":"2025-11-08T10:44:14","date_gmt":"2025-11-08T10:44:14","guid":{"rendered":"https:\/\/www.europesays.com\/lv\/43257\/"},"modified":"2025-11-08T10:44:14","modified_gmt":"2025-11-08T10:44:14","slug":"putina-nodomu-nepareiza-novertesana-bijusi-viena-no-lielakajam-kludam-vacijas-arpolitika-atzist-vacijas-eksministrs","status":"publish","type":"post","link":"https:\/\/www.europesays.com\/lv\/43257\/","title":{"rendered":"Putina nodomu nepareiza nov\u0113rt\u0113\u0161ana bijusi viena no liel\u0101kaj\u0101m k\u013c\u016bd\u0101m V\u0101cijas \u0101rpolitik\u0101, atz\u012bst V\u0101cijas eksministrs"},"content":{"rendered":"<p>Angelas Merkeles vald\u012bbas ekonomikas un \u0101rlietu ministrs soci\u0101ldemokr\u0101ts Gabriels piektdien liecin\u0101ja izmekl\u0113\u0161anas komisij\u0101, kas izmekl\u0113 iesp\u0113jamo Krievijas ietekmi uz V\u0101cijas fondu, kas ir saist\u012bts ar g\u0101zes cauru\u013cvadiem &#8220;Nord Stream&#8221;.<\/p>\n<p>Lai gan Gabriels noliedza, ka starp feder\u0101lo vald\u012bbu un fondu Meklenburgas-Priek\u0161pomer\u0101nijas feder\u0101laj\u0101 zem\u0113, kur beidzas cauru\u013cvadi, b\u016btu bijusi cie\u0161a un regul\u0101ra sadarb\u012bba, vi\u0146\u0161 atzina, ka ir pie\u013c\u0101vis k\u013c\u016bdas, sadarbojoties ar Krieviju.<\/p>\n<p>Nepareiza Putina un vi\u0146a nodomu nov\u0113rt\u0113\u0161ana &#8220;ir viena no liel\u0101kaj\u0101m k\u013c\u016bd\u0101m V\u0101cijas \u0101rpolitik\u0101, kur esmu bijis iesaist\u012bts,&#8221; nor\u0101d\u012bja Gabriels, raksturojot to k\u0101 &#8220;r\u016bgtu atzi\u0146u&#8221;.<\/p>\n<p>Meklenburgas-Priek\u0161pomer\u0101nijas landt\u0101ga izmekl\u0113\u0161anas komisijai uzdots noskaidrot, vai <a href=\"https:\/\/www.tvnet.lv\/term\/555452\/krievija\" class=\"topicLink\" target=\"_blank\" rel=\"nofollow noopener\">Krievija<\/a> ietekm\u0113jusi fonda izveidi, kas pal\u012bdz\u0113ja 2021. gad\u0101 pabeigt g\u0101zes cauru\u013cvada &#8220;Nord Stream 2&#8221; b\u016bvniec\u012bbu, neraugoties uz to, ka ASV draud\u0113ja ar sankcij\u0101m iesaist\u012btajiem uz\u0146\u0113mumiem.<\/p>\n<p>Ilggad\u0113jais soci\u0101ldemokr\u0101tu l\u012bderis Gabriels piektdien aizst\u0101v\u0113ja toreiz\u0113j\u0101s vald\u012bbas l\u0113mumu tur\u0113ties pie &#8220;Nord Stream 2&#8221; pl\u0101niem, neraugoties uz Krievijas veikto Krimas okup\u0101ciju un aneksiju, apgalvojot, ka b\u016bvniec\u012bbas aptur\u0113\u0161ana var\u0113tu apdraud\u0113t konflikta gait\u0101 notiku\u0161\u0101s sarunas.<\/p>\n<p>Galvenais m\u0113r\u0137is vienm\u0113r bijis nodro\u0161in\u0101t V\u0101cijas g\u0101zes pieg\u0101des, kas ener\u0123\u0113tikas tirgus liberaliz\u0101cijas rezult\u0101t\u0101 ir k\u013cuvu\u0161as par &#8220;priv\u0101t\u0101 sektora lietu&#8221;, kl\u0101st\u012bja eksministrs.<\/p>\n","protected":false},"excerpt":{"rendered":"Angelas Merkeles vald\u012bbas ekonomikas un \u0101rlietu ministrs soci\u0101ldemokr\u0101ts Gabriels piektdien liecin\u0101ja izmekl\u0113\u0161anas komisij\u0101, kas izmekl\u0113 iesp\u0113jamo Krievijas ietekmi&hellip;\n","protected":false},"author":2,"featured_media":43258,"comment_status":"","ping_status":"","sticky":false,"template":"","format":"standard","meta":{"footnotes":""},"categories":[14],"tags":[23,57,28,29,32,33,22,234,30,31,35,39,38,36,37,34,40,20,26,27,24,25,299,235,54,55,56,21,58],"class_list":{"0":"post-43257","1":"post","2":"type-post","3":"status-publish","4":"format-standard","5":"has-post-thumbnail","7":"category-zinas-no-arvalstim","8":"tag-aktualitates","9":"tag-arvalstim","10":"tag-breaking-news","11":"tag-breakingnews","12":"tag-featured-news","13":"tag-featurednews","14":"tag-headlines","15":"tag-krievija","16":"tag-latest-news","17":"tag-latestnews","18":"tag-latvia","19":"tag-latvian","20":"tag-latviesu","21":"tag-latviesu-valoda","22":"tag-latviesuvaloda","23":"tag-latvija","24":"tag-lv","25":"tag-news","26":"tag-popularakas-zinas","27":"tag-popularakaszinas","28":"tag-top-stories","29":"tag-topstories","30":"tag-vacija","31":"tag-vladimirs-putins","32":"tag-world","33":"tag-world-news","34":"tag-worldnews","35":"tag-zinas","36":"tag-zinas-no-arvalstim"},"share_on_mastodon":{"url":"https:\/\/pubeurope.com\/@lv\/115513672517254646","error":""},"_links":{"self":[{"href":"https:\/\/www.europesays.com\/lv\/wp-json\/wp\/v2\/posts\/43257","targetHints":{"allow":["GET"]}}],"collection":[{"href":"https:\/\/www.europesays.com\/lv\/wp-json\/wp\/v2\/posts"}],"about":[{"href":"https:\/\/www.europesays.com\/lv\/wp-json\/wp\/v2\/types\/post"}],"author":[{"embeddable":true,"href":"https:\/\/www.europesays.com\/lv\/wp-json\/wp\/v2\/users\/2"}],"replies":[{"embeddable":true,"href":"https:\/\/www.europesays.com\/lv\/wp-json\/wp\/v2\/comments?post=43257"}],"version-history":[{"count":0,"href":"https:\/\/www.europesays.com\/lv\/wp-json\/wp\/v2\/posts\/43257\/revisions"}],"wp:featuredmedia":[{"embeddable":true,"href":"https:\/\/www.europesays.com\/lv\/wp-json\/wp\/v2\/media\/43258"}],"wp:attachment":[{"href":"https:\/\/www.europesays.com\/lv\/wp-json\/wp\/v2\/media?parent=43257"}],"wp:term":[{"taxonomy":"category","embeddable":true,"href":"https:\/\/www.europesays.com\/lv\/wp-json\/wp\/v2\/categories?post=43257"},{"taxonomy":"post_tag","embeddable":true,"href":"https:\/\/www.europesays.com\/lv\/wp-json\/wp\/v2\/tags?post=43257"}],"curies":[{"name":"wp","href":"https:\/\/api.w.org\/{rel}","templated":true}]}}