{"id":43269,"date":"2025-11-08T10:57:08","date_gmt":"2025-11-08T10:57:08","guid":{"rendered":"https:\/\/www.europesays.com\/lv\/43269\/"},"modified":"2025-11-08T10:57:08","modified_gmt":"2025-11-08T10:57:08","slug":"smiltene-lacplesa-diena-svetbridis-un-lapu-gajiens","status":"publish","type":"post","link":"https:\/\/www.europesays.com\/lv\/43269\/","title":{"rendered":"Smilten\u0113 L\u0101\u010dpl\u0113\u0161a dien\u0101 \u2013 sv\u0113tbr\u012bdis un l\u0101pu g\u0101jiens"},"content":{"rendered":"<p><img fetchpriority=\"high\" decoding=\"async\" width=\"1024\" height=\"683\" src=\"https:\/\/www.europesays.com\/lv\/wp-content\/uploads\/2025\/11\/lacplesa_-diena-2.jpg\" alt=\"\" class=\"wp-image-980278\"  \/>Otrdien, 11. novembr\u012b, ar\u012b Smilten\u0113 atz\u012bm\u0113s L\u0101\u010dpl\u0113\u0161a dienu, atceroties un godinot Latvijas br\u012bv\u012bbas c\u012bn\u012bt\u0101jus.<br \/>FOTO: SANDRA P\u0112TERSONE<\/p>\n<p>Otrdien, 11. novembr\u012b, daudzviet Latvij\u0101, ar\u012b Smilten\u0113, atz\u012bm\u0113s L\u0101\u010dpl\u0113\u0161a dienu, atceroties un godinot Latvijas br\u012bv\u012bbas c\u012bn\u012bt\u0101jus un pieminot Latvijas armijas uzvaru p\u0101r Bermonta karasp\u0113ku 1919. gad\u0101.<\/p>\n<p>Smilten\u0113 L\u0101\u010dpl\u0113\u0161a dienas norisi tradicion\u0101li ies\u0101ks sv\u0113tbr\u012bdis Smiltenes eva\u0146\u0123\u0113liski luteriskaj\u0101 bazn\u012bc\u0101, \u0161oreiz t\u0101 s\u0101kums b\u016bs pulksten 17.45.<\/p>\n<p>Kl\u0101teso\u0161os uzrun\u0101s Smiltenes novada pa\u0161vald\u012bbas domes priek\u0161s\u0113d\u0113t\u0101js Ervins Labanovskis un Smiltenes luter\u0101\u0146u draudzes jaunais m\u0101c\u012bt\u0101js Andis Smilga.<\/p>\n<p>Vi\u0146\u0161 savu kalpo\u0161anu Smiltenes eva\u0146\u0123\u0113liski luteriskaj\u0101 draudz\u0113 uzs\u0101ka 1. novembr\u012b, to \u201cZieme\u013clatvijai\u201d apstiprina Latvijas Eva\u0146\u0123\u0113liski luterisk\u0101s bazn\u012bcas C\u0113su iecirk\u0146a pr\u0101vesta pien\u0101kumu izpild\u012bt\u0101js Ainis Ozoli\u0146\u0161.<\/p>\n<p>Pulksten 18.15 Smiltenes centr\u0101 s\u0101ksies p\u016bt\u0113ju or\u0137estra muzik\u0101ls priek\u0161nesums, bet pulksten 18.40 \u2013 l\u0101pu g\u0101jiens uz Smiltenes pils\u0113tas kapiem, pieminekli Br\u012bv\u012bbas kara varo\u0146iem (1918\u20131920), inform\u0113 Signe Boka, Smiltenes novada Kult\u016bras centra m\u0101ksliniecisk\u0101 vad\u012bt\u0101ja.<\/p>\n<p>Jau tradicion\u0101li Smilten\u0113 L\u0101\u010dpl\u0113\u0161a dien\u0101 l\u0101pu g\u0101jien\u0101 dodas simtiem \u013cau\u017eu, veidojot iespaid\u012bgu gaismas \u201cupi\u201d novembra tums\u0101, bet \u0161ogad \u0161\u012b \u201cupe\u201d b\u016bs v\u0113l iespaid\u012bg\u0101ka.<\/p>\n<p>L\u0101pu g\u0101jienam pie ap\u013cveida krustojuma piepulc\u0113sies ar\u012b Smiltenes tehnikuma audz\u0113k\u0146i kop\u0101 ar saviem skolot\u0101jiem, n\u0101kot lej\u0101 no savas skolas pa Valkas ielu.<\/p>\n<p>Pulksten 19 kaps\u0113t\u0101 pie pieminek\u013ca \u201cBr\u012bv\u012bbas kara varo\u0146iem\u201d s\u0101ksies piemi\u0146as br\u012bdis. Uzrunu ar\u012b \u0161eit teiks domes priek\u0161s\u0113d\u0113t\u0101js Ervins Labanovskis, m\u0101c\u012bt\u0101js Andis Smilga, k\u0101 ar\u012b Zemessardzes p\u0101rst\u0101vis.<\/p>\n<p>\u201cPiemin\u0113sim kop\u0101 tos, kuru drosme un m\u012blest\u012bba pret Latviju deva mums br\u012bv\u012bbu!\u201d b\u016bt kl\u0101t L\u0101\u010dpl\u0113\u0161a dienas pas\u0101kumos aicina Signe Boka.<\/p>\n","protected":false},"excerpt":{"rendered":"Otrdien, 11. novembr\u012b, ar\u012b Smilten\u0113 atz\u012bm\u0113s L\u0101\u010dpl\u0113\u0161a dienu, atceroties un godinot Latvijas br\u012bv\u012bbas c\u012bn\u012bt\u0101jus.FOTO: SANDRA P\u0112TERSONE Otrdien, 11.&hellip;\n","protected":false},"author":2,"featured_media":43270,"comment_status":"","ping_status":"","sticky":false,"template":"","format":"standard","meta":{"footnotes":""},"categories":[12],"tags":[12203,23,28,29,32,33,22,12204,12205,30,31,35,39,38,36,37,34,40,20,12206,26,27,2490,452,24,25,21],"class_list":{"0":"post-43269","1":"post","2":"type-post","3":"status-publish","4":"format-standard","5":"has-post-thumbnail","7":"category-latvija","8":"tag-11novembris","9":"tag-aktualitates","10":"tag-breaking-news","11":"tag-breakingnews","12":"tag-featured-news","13":"tag-featurednews","14":"tag-headlines","15":"tag-lacplesadiena","16":"tag-lapugajiens","17":"tag-latest-news","18":"tag-latestnews","19":"tag-latvia","20":"tag-latvian","21":"tag-latviesu","22":"tag-latviesu-valoda","23":"tag-latviesuvaloda","24":"tag-latvija","25":"tag-lv","26":"tag-news","27":"tag-patriotisms","28":"tag-popularakas-zinas","29":"tag-popularakaszinas","30":"tag-smiltene","31":"tag-smiltenesnovads","32":"tag-top-stories","33":"tag-topstories","34":"tag-zinas"},"share_on_mastodon":{"url":"https:\/\/pubeurope.com\/@lv\/115513723790495885","error":""},"_links":{"self":[{"href":"https:\/\/www.europesays.com\/lv\/wp-json\/wp\/v2\/posts\/43269","targetHints":{"allow":["GET"]}}],"collection":[{"href":"https:\/\/www.europesays.com\/lv\/wp-json\/wp\/v2\/posts"}],"about":[{"href":"https:\/\/www.europesays.com\/lv\/wp-json\/wp\/v2\/types\/post"}],"author":[{"embeddable":true,"href":"https:\/\/www.europesays.com\/lv\/wp-json\/wp\/v2\/users\/2"}],"replies":[{"embeddable":true,"href":"https:\/\/www.europesays.com\/lv\/wp-json\/wp\/v2\/comments?post=43269"}],"version-history":[{"count":0,"href":"https:\/\/www.europesays.com\/lv\/wp-json\/wp\/v2\/posts\/43269\/revisions"}],"wp:featuredmedia":[{"embeddable":true,"href":"https:\/\/www.europesays.com\/lv\/wp-json\/wp\/v2\/media\/43270"}],"wp:attachment":[{"href":"https:\/\/www.europesays.com\/lv\/wp-json\/wp\/v2\/media?parent=43269"}],"wp:term":[{"taxonomy":"category","embeddable":true,"href":"https:\/\/www.europesays.com\/lv\/wp-json\/wp\/v2\/categories?post=43269"},{"taxonomy":"post_tag","embeddable":true,"href":"https:\/\/www.europesays.com\/lv\/wp-json\/wp\/v2\/tags?post=43269"}],"curies":[{"name":"wp","href":"https:\/\/api.w.org\/{rel}","templated":true}]}}