{"id":43339,"date":"2025-11-08T12:42:08","date_gmt":"2025-11-08T12:42:08","guid":{"rendered":"https:\/\/www.europesays.com\/lv\/43339\/"},"modified":"2025-11-08T12:42:08","modified_gmt":"2025-11-08T12:42:08","slug":"bedzeki-uzvar-motogp-kvalifikacija-portugale-markesam-kritiens-motoru-sports-sportacentrs-com","status":"publish","type":"post","link":"https:\/\/www.europesays.com\/lv\/43339\/","title":{"rendered":"Bedzeki uzvar &#8220;MotoGP&#8221; kvalifik\u0101cij\u0101 Portug\u0101l\u0113, Markesam kritiens \u2013 Motoru sports \u2013 Sportacentrs.com"},"content":{"rendered":"<p>Lietus pirms \u0161odienas br\u012bv\u0101 treni\u0146a sare\u017e\u0123\u012bja gatavo\u0161anos kvalifik\u0101cijai, jo trases segums bija mitrs un \u017euva \u013coti l\u0113ni, \u012bpa\u0161i b\u012bstamais p\u0113d\u0113jais l\u012bkums saglab\u0101j\u0101s slidens ar\u012b Q1 s\u0101kum\u0101. L\u012bdz ar to pirmie ap\u013ci bija krietni l\u0113n\u0101ki nek\u0101 sausos apst\u0101k\u013cos piektdien.<\/p>\n<p>Otr\u0101s kvalifik\u0101cijas s\u0101kum\u0101 l\u012bderpoz\u012bciju ie\u0146\u0113ma vice\u010dempions Alekss Markess, ta\u010du Bedzeki un Akosta bija vi\u0146am mina cie\u0161i uz p\u0113d\u0101m. Beigu f\u0101z\u0113 it\u0101lis sp\u0113ja veikt perfektu apli \u2013 1:37.556, kas izr\u0101d\u012bj\u0101s nep\u0101rsp\u0113jams ar\u012b Akostam.<\/p>\n<p>Markess, kur\u0161 piektdien bija \u0101tr\u0101kais, kvalifik\u0101cij\u0101 krita tre\u0161aj\u0101 l\u012bkum\u0101, t\u0101d\u0113j\u0101di beig\u0101s paliekot piektaj\u0101 poz\u012bcij\u0101. Vi\u0146am priek\u0161\u0101 kvalific\u0113j\u0101s Fran\u010deko Banjaja no &#8220;Ducati&#8221;, bet otraj\u0101 rind\u0101 abiem pievienosies &#8220;Honda&#8221; brauc\u0113js Johans Zarko.<\/p>\n<blockquote class=\"twitter-tweet\">\n<p lang=\"en\" dir=\"ltr\">\ud83d\udca5 <a href=\"https:\/\/twitter.com\/alexmarquez73?ref_src=twsrc%5Etfw\" rel=\"nofollow noopener\" target=\"_blank\">@alexmarquez73<\/a> HAS GONE DOWN!<\/p>\n<p>He&#8217;s currently 4th! \ud83d\udc40<a href=\"https:\/\/twitter.com\/hashtag\/PortugueseGP?src=hash&amp;ref_src=twsrc%5Etfw\" rel=\"nofollow noopener\" target=\"_blank\">#PortugueseGP<\/a> \ud83c\uddf5\ud83c\uddf9 <a href=\"https:\/\/t.co\/jALAzezMLm\" rel=\"nofollow\">pic.twitter.com\/jALAzezMLm<\/a><\/p>\n<p>\u2014 MotoGP\u2122\ud83c\udfc1 (@MotoGP) <a href=\"https:\/\/twitter.com\/MotoGP\/status\/1987120532999868633?ref_src=twsrc%5Etfw\" rel=\"nofollow noopener\" target=\"_blank\">November 8, 2025<\/a><\/p><\/blockquote>\n<p>&#8220;Trackhouse Aprilia&#8221; brauc\u0113js Rauls Fernandess nol\u0113ma izlaist p\u0101r\u0113jo ned\u0113\u013cas nogali, jo p\u0113c kritiena jutis s\u0101pes plec\u0101 un v\u0113las b\u016bt gatavs sezonas nosl\u0113gumam Sp\u0101nij\u0101.<\/p>\n<p>\u0160odien plkst. 17:00 p\u0113c Latvijas laika start\u0113s sprints, bet &#8220;Grand Prix&#8221; sacens\u012bbu s\u0101kums Portimao tras\u0113 sv\u0113tdien plkst. 15:00 p\u0113cpusdien\u0101.<\/p>\n<p>Q2 rezult\u0101ti:<img decoding=\"async\" src=\"https:\/\/www.europesays.com\/lv\/wp-content\/uploads\/2025\/11\/q2.sized.jpg\" class=\"img-fluid\"\/>Q1 rezult\u0101ti:<img decoding=\"async\" src=\"https:\/\/www.europesays.com\/lv\/wp-content\/uploads\/2025\/11\/q1.sized.jpg\" class=\"img-fluid\"\/><\/p>\n<p>                    <script async src=\"https:\/\/platform.twitter.com\/widgets.js\" charset=\"utf-8\"><\/script><\/p>\n","protected":false},"excerpt":{"rendered":"Lietus pirms \u0161odienas br\u012bv\u0101 treni\u0146a sare\u017e\u0123\u012bja gatavo\u0161anos kvalifik\u0101cijai, jo trases segums bija mitrs un \u017euva \u013coti l\u0113ni, \u012bpa\u0161i&hellip;\n","protected":false},"author":2,"featured_media":43340,"comment_status":"","ping_status":"","sticky":false,"template":"","format":"standard","meta":{"footnotes":""},"categories":[17],"tags":[35,39,38,36,37,34,40,165,67],"class_list":{"0":"post-43339","1":"post","2":"type-post","3":"status-publish","4":"format-standard","5":"has-post-thumbnail","7":"category-sports","8":"tag-latvia","9":"tag-latvian","10":"tag-latviesu","11":"tag-latviesu-valoda","12":"tag-latviesuvaloda","13":"tag-latvija","14":"tag-lv","15":"tag-motoru-sports","16":"tag-sports"},"share_on_mastodon":{"url":"https:\/\/pubeurope.com\/@lv\/115514136626863328","error":""},"_links":{"self":[{"href":"https:\/\/www.europesays.com\/lv\/wp-json\/wp\/v2\/posts\/43339","targetHints":{"allow":["GET"]}}],"collection":[{"href":"https:\/\/www.europesays.com\/lv\/wp-json\/wp\/v2\/posts"}],"about":[{"href":"https:\/\/www.europesays.com\/lv\/wp-json\/wp\/v2\/types\/post"}],"author":[{"embeddable":true,"href":"https:\/\/www.europesays.com\/lv\/wp-json\/wp\/v2\/users\/2"}],"replies":[{"embeddable":true,"href":"https:\/\/www.europesays.com\/lv\/wp-json\/wp\/v2\/comments?post=43339"}],"version-history":[{"count":0,"href":"https:\/\/www.europesays.com\/lv\/wp-json\/wp\/v2\/posts\/43339\/revisions"}],"wp:featuredmedia":[{"embeddable":true,"href":"https:\/\/www.europesays.com\/lv\/wp-json\/wp\/v2\/media\/43340"}],"wp:attachment":[{"href":"https:\/\/www.europesays.com\/lv\/wp-json\/wp\/v2\/media?parent=43339"}],"wp:term":[{"taxonomy":"category","embeddable":true,"href":"https:\/\/www.europesays.com\/lv\/wp-json\/wp\/v2\/categories?post=43339"},{"taxonomy":"post_tag","embeddable":true,"href":"https:\/\/www.europesays.com\/lv\/wp-json\/wp\/v2\/tags?post=43339"}],"curies":[{"name":"wp","href":"https:\/\/api.w.org\/{rel}","templated":true}]}}