{"id":43351,"date":"2025-11-08T12:51:11","date_gmt":"2025-11-08T12:51:11","guid":{"rendered":"https:\/\/www.europesays.com\/lv\/43351\/"},"modified":"2025-11-08T12:51:11","modified_gmt":"2025-11-08T12:51:11","slug":"dainis-ivans-velta-cebotarenoka-divas-uzrunas-kas-iedvesmoja-doma-laukuma-sanakusos","status":"publish","type":"post","link":"https:\/\/www.europesays.com\/lv\/43351\/","title":{"rendered":"Dainis \u012av\u0101ns, Velta \u010cebotarenoka \u2013 divas uzrunas, kas iedvesmoja Doma laukum\u0101 san\u0101ku\u0161os"},"content":{"rendered":"<p>Atmodas laika l\u012bdera, Latvijas Tautas frontes pirm\u0101 priek\u0161s\u0113d\u0113t\u0101ja Daina \u012av\u0101na un 4. maija Deklar\u0101cijas kluba prezidentes, biju\u0161\u0101s Augst\u0101k\u0101s padomes deput\u0101tes Veltas \u010cebotarenokas uzrunas protest\u0101 pret Latvijas izst\u0101\u0161anos no Eiropas Padomes Konvencijas par vardarb\u012bbas pret sieviet\u0113m un vardarb\u012bbas \u0123imen\u0113 nov\u0113r\u0161anu un apkaro\u0161anu jeb t\u0101 d\u0113v\u0113t\u0101s <a rel=\"noopener nofollow\" target=\"_blank\" href=\"https:\/\/www.delfi.lv\/temas\/49935569\/stambulas-konvencija\" data-rel-date-range=\"[]\">Stambulas konvencijas<\/a> Doma laukum\u0101, R\u012bg\u0101, 2025. gada 6. novembr\u012b. Port\u0101ls &#8220;Delfi&#8221; t\u0101s public\u0113 neredi\u0123\u0113tas. <\/p>\n<p>Dainis \u012av\u0101ns: <\/p>\n<p>Sveiki, draugi un domubiedri! Sveiki ar\u012b cit\u0101di dom\u0101jo\u0161ie un nedom\u0101jo\u0161ie, tai skait\u0101 Saeimas deput\u0101ti! Redzot Doma laukum\u0101 tik daudz jaunu, ener\u0123isku seju, man laikam j\u0101improviz\u0113 par Rai\u0146a t\u0113mu &#8220;ko za\u013cai jaun\u012bbai lai saka sirmais&#8221;. Pie Rai\u0146a atgriez\u012b\u0161os, bet vispirms atz\u012b\u0161os, ka tik dra\u0146\u0137\u012bgi atjaunotaj\u0101 Latvij\u0101 v\u0113l neesmu juties k\u0101 pag\u0101ju\u0161aj\u0101 ceturtdien\u0101. <\/p>\n<p>\u0160\u0137ita, ka m\u016bsu Saeimas l\u0113mums par izst\u0101\u0161anos no Eiropas Padomes konvencijas par vardarb\u012bbas pret sieviet\u0113m un vardarb\u012bbas \u0123imen\u0113 nov\u0113r\u0161anu un apkaro\u0161anu man un t\u016bksto\u0161iem l\u012bdz\u012bgi dom\u0101jo\u0161o piln\u012bb\u0101 sagand\u0113s valsts sv\u0113tkus. Saj\u016bta bija k\u0101 p\u0113c aplie\u0161anas ar smakojo\u0161u substanci, l\u012bdz\u012bgu tai, ar kuru pirms gadiem &#8220;\u0123imenes v\u0113rt\u012bbu sarg\u0101t\u0101ji&#8221; apm\u0113t\u0101ja R\u012bgas praida dal\u012bbniekus. Un tas viss Ukrainas kara un nepie\u0146emt\u0101 valsts bud\u017eeta fon\u0101. <\/p>\n<p>Tas viss, zinot, ka \u010cehij\u0101 pie varas n\u0101kusi faktiski prokrieviska populistu koal\u012bcija. Tas viss, v\u0113rojot, k\u0101 saeimie\u0161i volunt\u0101r\u0101m iegrib\u0101m pak\u013cauj Sabiedrisko elektronisko pla\u0161sazi\u0146as l\u012bdzek\u013cu padomes veido\u0161anas procesu. Un s\u0101p\u012bg\u0101kais, protams, da\u017eneda\u017e\u0101das necien\u012bgas \u0137engas par kr\u012bzes centriem \u2013 p\u0113d\u0113jo gl\u0101bi\u0146u rusi\u0146veid\u012bgo varm\u0101ku vaj\u0101t\u0101m sieviet\u0113m un b\u0113rniem. Tad nemaz tik neticami ne\u0161\u0137ita, ka dr\u012bzum\u0101 Latvij\u0101 var st\u0101ties sp\u0113k\u0101 &#8220;\u0101rzemju a\u0123entu&#8221; likums vai citas v\u0101rda un pilso\u0146u br\u012bv\u012bbu ierobe\u017eojo\u0161as klauzulas. Turkl\u0101t neviens no deput\u0101tiem nav atvainojies un no\u017e\u0113lojis savu r\u012bc\u012bbu. Glu\u017ei otr\u0101di. Sabiedr\u012bbas \u0161\u0137el\u0161an\u0101 tiekam vainoti m\u0113s, protest\u0113t\u0101ji.<\/p>\n<p>Tom\u0113r \u0161is m\u012bti\u0146\u0161, p\u0101rsteidzo\u0161i strauj\u0101 pilso\u0146u salied\u0113\u0161an\u0101s pret maldiem, maldin\u0101\u0161anu un vienties\u012bbu vie\u0161 prieku un \u013cauj cer\u0113t, ka Latvija v\u0113l nespers b\u012bstamo soli Gruzijas vai \u2013 teiksim, k\u0101 ir, \u2013 krievijas sap\u0146a virzien\u0101.<\/p>\n<p>\u0160is m\u012bti\u0146\u0161 apstiprina, ka joproj\u0101m sp\u0113k\u0101 ir Satversmes 2. pants: LATVIJAS VALSTS SUVEREN\u0100 VARA PIEDER LATVIJAS TAUTAI.<\/p>\n<p>T\u0101 pieder mums. Lai ar\u012b da\u017e\u0101diem, bet apvienoties sp\u0113j\u012bgiem. Mums, nevis pag\u0101ju\u0161aj\u0101 ceturtdien\u0101 zem cinisk\u0101 sauk\u013ca &#8220;a man t\u0101 grib\u0113j\u0101s&#8221; sasti\u0137\u0113tajai 56 gribul\u012b\u0161u koal\u012bcijai.<\/p>\n<p>Tautie\u0161i un cittautie\u0161i!<\/p>\n<p>Iepriek\u0161\u0113j\u0101 tikpat v\u0113rien\u012bg\u0101 tautas manifest\u0101cij\u0101 Doma laukum\u0101 esmu run\u0101jis pirms 36 gadiem. Toreiz Tautas fronte piepras\u012bja Latvijas PSR Augst\u0101kajai padomei pie\u0146emt pirmo suverenit\u0101tes deklar\u0101ciju un s\u0101kt atrais\u012b\u0161anos no Maskavas skav\u0101m. Toreiz l\u016bdzu M\u0101ti Latviju, lai t\u0101 mums pal\u012bdz rast valstsv\u012brus, kas b\u016btu nevis pret mums, bet ar mums. Toreiz mums nebija citas iesp\u0113jas, k\u0101 balsot uz iel\u0101m un laukumiem. Br\u012bvas v\u0113l\u0113\u0161anas v\u0113l n\u0101c\u0101s izc\u012bn\u012bt. Eiropa m\u016bs atplest\u0101m rok\u0101m negaid\u012bja. Tikai p\u0113c 1990. gada 4. maija Latvijai pav\u0113r\u0101s iesp\u0113ja neatlaid\u012bgi, soli pa solim integr\u0113ties starptautiskaj\u0101s strukt\u016br\u0101s un pievienoties visiem iesp\u0113jamiem br\u012bv\u0101s pasaules cilv\u0113kties\u012bbu nol\u012bgumiem. T\u0101 bija Latvijas galven\u0101 dro\u0161\u012bbas un neatkar\u012bbas garantija. T\u0101 tas ir joproj\u0101m.<\/p>\n<p>Lai ar\u012b n\u0101kotn\u0113 justos dro\u0161i un br\u012bvi, \u0161odien visupirms j\u0101jaut\u0101: vai pa\u0161reiz\u0113jo protestu jaudas un potenci\u0101la tautai pietiks, lai n\u0101kam\u0101 oktobra Saeimas v\u0113l\u0113\u0161an\u0101s nov\u0113rstu 56 deput\u0101tu izrais\u012bto parlament\u0101ro kr\u012bzi? Vai pag\u0101ju\u0161\u0101s ceturtdienas &#8220;varo\u0146us&#8221; neiev\u0113l\u0113sim atkal? Galu gal\u0101 vi\u0146i<\/p>\n<p>lauzu\u0161i Saeimas deput\u0101ta zv\u0113restu. Pirmk\u0101rt, netur\u0113dami sol\u012bjumu godpr\u0101t\u012bgi un p\u0113c lab\u0101k\u0101s apzi\u0146as pild\u012bt pien\u0101kumu. Otrk\u0101rt, neaizst\u0101v\u0113dami Latvijas neatkar\u012bbu un demokr\u0101tiju, kas var past\u0101v\u0113t tikai cie\u0161\u0101 alians\u0113 ar sabiedrotajiem, tai skait\u0101 39 valst\u012bm, kas saska\u0146oti ap\u0146\u0113mu\u0161\u0101s atvese\u013cot Eiropu no varm\u0101c\u012bbas \u0123imen\u0113s.<\/p>\n<p>Otrs b\u016btisks jaut\u0101jums: vai ar\u012b n\u0101kamajai Saeimai \u013causim k\u013c\u016bt par paliat\u012bv\u0101s apr\u016bpes centru smagas demences skart\u0101m partij\u0101m, kas vakar\u0101 neatceras, ko run\u0101ju\u0161as un dar\u012bju\u0161as no r\u012bta?<\/p>\n<p>Taj\u0101 pa\u0161\u0101 laik\u0101 n\u0101kamo deput\u0101tu kandid\u0101tu uzticam\u012bbu oktobra v\u0113l\u0113\u0161an\u0101s b\u016bs viegli p\u0101rbaud\u012bt, uzdodot vienu vien\u012bgu jaut\u0101jumu \u2013 vai vi\u0146\u0161 ir par vai pret Stambulas konvenciju? Vai vi\u0146\u0161 visp\u0101r to las\u012bjis? Vai prot las\u012bt?<\/p>\n<p>V\u0113l vakar kaimi\u0146\u0161 man ieteica iel\u016bkoties Aizkraukles novada av\u012bzes &#8220;Staburags&#8221; redaktores ievadslej\u0101 ar nosaukumu, &#8220;skaidru k\u0101 b\u0113rna asara&#8221;: &#8220;Izlas\u012bju Stambulas konvenciju&#8221;&#8230; Izr\u0101d\u0101s, raksta autore izlas\u012btaj\u0101 nav uzg\u0101jusi neko no t\u0101, ar ko deput\u0101ti jau ilgsto\u0161i manipul\u0113 vai bied\u0113 tautu. Tur nav nek\u0101 ne par tre\u0161o, ne ceturto, ne 44. dzimumu. Ja nu k\u0101ds deput\u0101ts, savu kompleksu m\u0101kts, tik \u013coti uztraucas par savu un l\u012bdzcilv\u0113ku dzimuma identit\u0101ti, par &#8220;d\u017eenderismu&#8221;, tad lai vi\u0146\u0161 dr\u012bz\u0101k izlasa profesora un 4. maija balsot\u0101ja par Latvijas neatkar\u012bbu Viktora Kalnb\u0113rza gr\u0101matu par Latvij\u0101 veiktaj\u0101m pasaul\u0113 pirmaj\u0101m dzimuma mai\u0146as oper\u0101cij\u0101m pag\u0101ju\u0161\u0101 gadsimta se\u0161desmito gadu beig\u0101s. Tad <a rel=\"noopener nofollow\" target=\"_blank\" href=\"https:\/\/www.delfi.lv\/temas\/49935569\/stambulas-konvencija\" tag-id=\"49935569\">Stambulas konvencija<\/a> nevienam v\u0113l nebija padom\u0101.<\/p>\n<p>Bet jaut\u0101jums tad ir ar\u012b par to, vai starp b\u0113d\u012bgi slavenajiem deput\u0101tiem ir ar\u012b las\u012btprat\u0113ji vai tikai demagogi. Atceros vecu anekdoti, bet varb\u016bt ar\u012b patiesu st\u0101stu par politi\u0137i, kur\u0161 pasen, bet ar lielu naudu un populistisk\u0101m rekl\u0101m\u0101m iek\u013cuva Saeim\u0101 un jau gadiem ir bijis galvenais Stambulas konvencijas &#8220;s\u0101tanisma&#8221; apkarot\u0101js, k\u0101 ar\u012b neveiksm\u012bgu referendumu r\u012bkot\u0101js. Vi\u0146u uzskatu ar\u012b par 56 gribul\u012b\u0161u sektas \u012bsteno gar\u012bgo t\u0113vu. Bet st\u0101sts ir par to, ka \u0161is politi\u0137is, neuzman\u012bgi rota\u013c\u0101damies ar s\u0113rkoci\u0146iem, izrais\u012bjis ugunsgr\u0113ku. Sadegu\u0161as visas vi\u0146a gr\u0101matas. Viena pat v\u0113l neizkr\u0101sota.<\/p>\n<p>Gr\u016bti str\u012bd\u0113ties ar las\u012btneprat\u0113jiem. Viegli manipul\u0113t ar vi\u0146u piel\u016bdz\u0113jiem. M\u0101c\u0101mies las\u012bt!<\/p>\n<p>Ja izlas\u012bsim kaut Rai\u0146a &#8220;Uguni un nakti&#8221;, saprat\u012bsim, ka Sp\u012bdolas v\u0101rdi &#8220;Ne zeme pret zemi tad karos, bet visas kop\u0101 pret tumsu.\/ Tad Melnais Aklais uzveikts k\u013c\u016bs&#8221; ir \u0123eni\u0101ls paredz\u0113jums ar\u012b par konkr\u0113t\u0101s Stambulas konvencijas j\u0113gu. Rai\u0146a raksti jau noteikti atrodami ar\u012b Saeimas bibliot\u0113k\u0101. Ta\u010du tiem, kas visp\u0101r nelasa, var ieteikt Nacion\u0101l\u0101 te\u0101tra izr\u0101di &#8220;Indulis un \u0100rija&#8221;. Tur Rainis v\u0113sta to pa\u0161u. Cerams, 56 bi\u013cetes uz tuv\u0101kaj\u0101m izr\u0101d\u0113m atrad\u012bsies.<\/p>\n<p>Bet mums \u0161odien, r\u012bt un n\u0101kotn\u0113 nov\u0113lu doties ar Indu\u013ca cer\u012bbu sp\u0113ku:<\/p>\n<p>Ko m\u0113s cer\u0113m, var\u0101m nepan\u0101c\u0101m,<\/p>\n<p>To pan\u0101ks m\u016bsu tautas: vienosies!<\/p>\n<p>Jo m\u0113s tik kop\u0101 varam uzvar\u0113t,<\/p>\n<p>Jo mums tik taut\u0101 paliek p\u0113d\u0113js sp\u0113ks.<\/p>\n<p>Dar\u012bsim visu, lai 2026. gada 1. novembr\u012b, l\u012bdz kuram Saeima sol\u012bjusi savu bezatbild\u012bgo l\u0113mumu atlikt, mums neb\u016btu j\u0101pulc\u0113jas uz k\u0101rt\u0113jo protesta m\u012bti\u0146u!<\/p>\n<p>Velta \u010cebotarenoka: <\/p>\n<p>Labvakar, m\u012b\u013cie, kas atn\u0101ku\u0161i Doma laukum\u0101 un kas pulc\u0113ju\u0161ies Latvijas un pasaules pils\u0113t\u0101s! M\u016bsu ir daudz, un m\u0113s esam vienoti sav\u0101 p\u0101rliec\u012bb\u0101. Tie\u0161i t\u0101pat k\u0101 bij\u0101m Dziesmot\u0101s revol\u016bcijas laik\u0101.<\/p>\n<p>T\u0101pat k\u0101 \u0161odien <a rel=\"noopener nofollow\" target=\"_blank\" href=\"https:\/\/www.delfi.lv\/temas\/48225493\/doma-laukums\" tag-id=\"48225493\">Doma laukums<\/a> ir k\u013cuvis par aculiecinieku tautas gara sp\u0113kam, ar\u012b pirms 35 gadiem, kad ziediem rok\u0101s cilv\u0113ki tepat m\u016bs, toreiz par Latvijas neatkar\u012bbas atjauno\u0161anu balsoju\u0161os deput\u0101tus, ar asar\u0101m ac\u012bm sagaid\u012bja p\u0113c balsojuma 4. maij\u0101.<\/p>\n<p>Tad, 1991. gada barik\u0101d\u0113s, kad pie ugunskuriem plecu pie pleca, sp\u012bt\u0113jot aukstumam, sarg\u0101j\u0101m m\u016bsu tikko atg\u016bto trauslo br\u012bv\u012bbu.<\/p>\n<p>To v\u0113lreiz m\u0113\u0123in\u0101ja apklusin\u0101t august\u0101, kad Doma laukums bija izmisis, pa t\u0101 bru\u0123i brauca bru\u0146uma\u0161\u012bnas.<\/p>\n<p>Bet m\u0113s iztur\u0113j\u0101m \u0161o baiso \u017evadzo\u0146u pret veco bru\u0123i un beig\u0101s uzvar\u0113j\u0101m! Troksnis apklusa.<\/p>\n<p>Kas bija m\u016bsu uzvaras pamats un b\u016bt\u012bba?<\/p>\n<p>Tas, ka m\u0113s visi \u2013 toreiz\u0113jie neatkar\u012bbas atjaunot\u0101ji un tauta \u2013 bij\u0101m vienoti.<\/p>\n<p>M\u0113s negriez\u0101mies bail\u0113s pret austrumiem, bet katrs bij\u0101m ciets un nelok\u0101ms sav\u0101 p\u0101rliec\u012bb\u0101.<\/p>\n<p>Ieguv\u0101m neatkar\u012bbu un atgriez\u0101mies Eirop\u0101!<\/p>\n<p>Bet tas izr\u0101d\u012bj\u0101s tikai t\u0101l\u0101, atbild\u012bg\u0101 un gr\u016bt\u0101 ce\u013ca s\u0101kums!<\/p>\n<p>Ta\u010du \u0161odien mums atkal j\u0101iest\u0101jas par M\u0101ti Latviju!<\/p>\n<p>Par demokr\u0101tisku Latviju!<\/p>\n<p>Un m\u016bsu ir daudz, un m\u016bsos ir j\u0101ieklaus\u0101s!<\/p>\n<p>Tie, kuriem \u0161odien ir j\u0101uz\u0146emas atbild\u012bba un ir pien\u0101kums pret tautu, pa\u0161i ir k\u013cuvu\u0161i par hibr\u012bdkara upuri.<\/p>\n<p>Varm\u0101kam gandr\u012bz izdev\u0101s.<\/p>\n<p>S\u0113klas viet\u0101 t\u0101 izr\u0101d\u012bj\u0101s s\u0113nala, kas, lai ar\u012b tika s\u0113ta augl\u012bg\u0101 zem\u0113, bez gaismas vairs, cerams, neizd\u012bgs.<\/p>\n<p>Savstarp\u0113jiem str\u012bdiem ir j\u0101pieklust!<\/p>\n<p>Ne\u013causim hibr\u012bdkaram un naidam ien\u0101kt ne tikai m\u016bsu valst\u012b, bet ar\u012b m\u016bsu m\u0101j\u0101s un pr\u0101tos! Tas jau ir uz sliek\u0161\u0146a un ar savu dzelzs z\u0101baku grib turpin\u0101t ielauzties m\u016bsu dz\u012bv\u0113.<\/p>\n<p>M\u0113s esam gudri, talant\u012bgi, bet vairs ne naivi. M\u0113s redzam, ka m\u016bs grib sa\u0161\u0137elt.<\/p>\n<p>Tas neizdosies.<\/p>\n<p>Neviens ta\u010du nev\u0113las dar\u012bt p\u0101ri otram!<\/p>\n<p>Neviens negrib sadz\u012bvot ar \u013caunumu.<\/p>\n<p>Ikviens grib pasarg\u0101t v\u0101j\u0101ko, lai kur vi\u0146\u0161 atrastos.<\/p>\n<p>Vairs netur\u0113sim cie\u0161i aizv\u0113rtas durvis un nepaciet\u012bsim sitienus klusum\u0101.<\/p>\n<p>M\u0113s esam Eirop\u0101, un te m\u0113s paliksim!<\/p>\n<p>Un nodro\u0161in\u0101sim ikvienam dro\u0161\u012bbu un cie\u0146u!<\/p>\n<p>Lai m\u016bsu b\u0113rni nedz\u012bvotu apspiest\u0101 Latvij\u0101, k\u0101d\u0101 reiz dz\u012bvoju es!<\/p>\n<p>Mums kop\u0101 izdosies!<\/p>\n<p class=\"m-0\">Seko &#8220;Delfi&#8221; ar\u012b  <a target=\"_blank\" href=\"https:\/\/www.instagram.com\/delfi.lv\/\" rel=\"nofollow noopener\">Instagram<\/a>  un <a target=\"_blank\" href=\"https:\/\/www.youtube.com\/channel\/UCw5foWtcJvAbUm64rv7jwUQ\" rel=\"nofollow noopener\">YouTube<\/a>  profil\u0101 \u2013 pievienojies, lai uzzin\u0101tu svar\u012bg\u0101ko un interesant\u0101ko pirmais!<\/p>\n<p>Publik\u0101cijas saturs vai t\u0101s jebk\u0101da apjoma da\u013ca ir aizsarg\u0101ts autorties\u012bbu objekts Autorties\u012bbu likuma izpratn\u0113, un t\u0101 izmanto\u0161ana bez izdev\u0113ja at\u013caujas ir aizliegta. Vair\u0101k lasi  <a target=\"_blank\" href=\"https:\/\/www.delfi.lv\/noteikumi#autortiesibas\" rel=\"nofollow noopener\">\u0161eit<\/a><script async src=\"\/\/www.instagram.com\/embed.js\"><\/script><\/p>\n","protected":false},"excerpt":{"rendered":"Atmodas laika l\u012bdera, Latvijas Tautas frontes pirm\u0101 priek\u0161s\u0113d\u0113t\u0101ja Daina \u012av\u0101na un 4. maija Deklar\u0101cijas kluba prezidentes, biju\u0161\u0101s Augst\u0101k\u0101s&hellip;\n","protected":false},"author":2,"featured_media":43352,"comment_status":"","ping_status":"","sticky":false,"template":"","format":"standard","meta":{"footnotes":""},"categories":[12],"tags":[23,28,29,2886,2795,32,33,22,30,31,35,39,38,36,37,34,2887,40,20,26,27,2023,24,25,21],"class_list":{"0":"post-43351","1":"post","2":"type-post","3":"status-publish","4":"format-standard","5":"has-post-thumbnail","7":"category-latvija","8":"tag-aktualitates","9":"tag-breaking-news","10":"tag-breakingnews","11":"tag-dainis-ivans","12":"tag-doma-laukums","13":"tag-featured-news","14":"tag-featurednews","15":"tag-headlines","16":"tag-latest-news","17":"tag-latestnews","18":"tag-latvia","19":"tag-latvian","20":"tag-latviesu","21":"tag-latviesu-valoda","22":"tag-latviesuvaloda","23":"tag-latvija","24":"tag-latvijas-tautas-fronte","25":"tag-lv","26":"tag-news","27":"tag-popularakas-zinas","28":"tag-popularakaszinas","29":"tag-stambulas-konvencija","30":"tag-top-stories","31":"tag-topstories","32":"tag-zinas"},"share_on_mastodon":{"url":"https:\/\/pubeurope.com\/@lv\/115514172036987351","error":""},"_links":{"self":[{"href":"https:\/\/www.europesays.com\/lv\/wp-json\/wp\/v2\/posts\/43351","targetHints":{"allow":["GET"]}}],"collection":[{"href":"https:\/\/www.europesays.com\/lv\/wp-json\/wp\/v2\/posts"}],"about":[{"href":"https:\/\/www.europesays.com\/lv\/wp-json\/wp\/v2\/types\/post"}],"author":[{"embeddable":true,"href":"https:\/\/www.europesays.com\/lv\/wp-json\/wp\/v2\/users\/2"}],"replies":[{"embeddable":true,"href":"https:\/\/www.europesays.com\/lv\/wp-json\/wp\/v2\/comments?post=43351"}],"version-history":[{"count":0,"href":"https:\/\/www.europesays.com\/lv\/wp-json\/wp\/v2\/posts\/43351\/revisions"}],"wp:featuredmedia":[{"embeddable":true,"href":"https:\/\/www.europesays.com\/lv\/wp-json\/wp\/v2\/media\/43352"}],"wp:attachment":[{"href":"https:\/\/www.europesays.com\/lv\/wp-json\/wp\/v2\/media?parent=43351"}],"wp:term":[{"taxonomy":"category","embeddable":true,"href":"https:\/\/www.europesays.com\/lv\/wp-json\/wp\/v2\/categories?post=43351"},{"taxonomy":"post_tag","embeddable":true,"href":"https:\/\/www.europesays.com\/lv\/wp-json\/wp\/v2\/tags?post=43351"}],"curies":[{"name":"wp","href":"https:\/\/api.w.org\/{rel}","templated":true}]}}