{"id":43456,"date":"2025-11-08T15:26:14","date_gmt":"2025-11-08T15:26:14","guid":{"rendered":"https:\/\/www.europesays.com\/lv\/43456\/"},"modified":"2025-11-08T15:26:14","modified_gmt":"2025-11-08T15:26:14","slug":"rite-plano-vairak-runat-par-nato-kodolspejam","status":"publish","type":"post","link":"https:\/\/www.europesays.com\/lv\/43456\/","title":{"rendered":"Rite pl\u0101no vair\u0101k run\u0101t par NATO kodolsp\u0113j\u0101m"},"content":{"rendered":"<p><a rel=\"noopener nofollow\" target=\"_blank\" href=\"https:\/\/www.delfi.lv\/temas\/35481331\/nato\" tag-id=\"35481331\">NATO<\/a> \u0123ener\u0101lsekret\u0101rs Marks Rite turpm\u0101k pl\u0101no vair\u0101k uzsv\u0113rt Rietumu aizsardz\u012bbas alianses kodolsp\u0113jas, to galvenok\u0101rt izmantojot k\u0101 <a rel=\"noopener nofollow\" target=\"_blank\" href=\"https:\/\/www.delfi.lv\/temas\/35525519\/krievija\" tag-id=\"35525519\">Krievijas<\/a> attur\u0113\u0161anas instrumentu.<\/p>\n<p>&#8220;Ir svar\u012bgi, lai m\u0113s vair\u0101k run\u0101tu ar m\u016bsu sabiedr\u012bbu par attur\u0113\u0161anu, izmantojot kodoliero\u010dus, lai g\u0101d\u0101tu, ka t\u0101 saprot, k\u0101 t\u0101 veicina m\u016bsu visp\u0101r\u0113jo dro\u0161\u012bbu,&#8221; NATO \u0123ener\u0101lsekret\u0101rs sac\u012bja laikraksta &#8220;Die Welt&#8221; sv\u0113tdienas izdevumam.<\/p>\n<p>K\u0101 vi\u0146\u0161 paskaidroja, &#8220;kad Krievija izmanto b\u012bstamu un p\u0101rgalv\u012bgu kodolretoriku, m\u016bsu iedz\u012bvot\u0101jiem ir j\u0101zina, ka panika nav vajadz\u012bga, jo NATO ir sp\u0113c\u012bgs kodolattur\u0113\u0161anas l\u012bdzeklis, lai saglab\u0101tu mieru, nov\u0113rstu piespie\u0161anu un attur\u0113tu no agresijas.&#8221;<\/p>\n<p class=\"m-0\">Seko &#8220;Delfi&#8221; ar\u012b  <a target=\"_blank\" href=\"https:\/\/www.instagram.com\/delfi.lv\/\" rel=\"nofollow noopener\">Instagram<\/a>  un <a target=\"_blank\" href=\"https:\/\/www.youtube.com\/channel\/UCw5foWtcJvAbUm64rv7jwUQ\" rel=\"nofollow noopener\">YouTube<\/a>  profil\u0101 \u2013 pievienojies, lai uzzin\u0101tu svar\u012bg\u0101ko un interesant\u0101ko pirmais!<\/p>\n<p>Publik\u0101cijas saturs vai t\u0101s jebk\u0101da apjoma da\u013ca ir aizsarg\u0101ts autorties\u012bbu objekts Autorties\u012bbu likuma izpratn\u0113, un t\u0101 izmanto\u0161ana bez izdev\u0113ja at\u013caujas ir aizliegta. Vair\u0101k lasi  <a target=\"_blank\" href=\"https:\/\/www.delfi.lv\/noteikumi#autortiesibas\" rel=\"nofollow noopener\">\u0161eit<\/a><script async src=\"\/\/www.instagram.com\/embed.js\"><\/script><\/p>\n","protected":false},"excerpt":{"rendered":"NATO \u0123ener\u0101lsekret\u0101rs Marks Rite turpm\u0101k pl\u0101no vair\u0101k uzsv\u0113rt Rietumu aizsardz\u012bbas alianses kodolsp\u0113jas, to galvenok\u0101rt izmantojot k\u0101 Krievijas attur\u0113\u0161anas&hellip;\n","protected":false},"author":2,"featured_media":43457,"comment_status":"","ping_status":"","sticky":false,"template":"","format":"standard","meta":{"footnotes":""},"categories":[14],"tags":[23,57,28,29,32,33,22,234,74,30,31,35,39,38,36,37,34,40,71,20,26,27,24,25,54,55,56,21,58],"class_list":{"0":"post-43456","1":"post","2":"type-post","3":"status-publish","4":"format-standard","5":"has-post-thumbnail","7":"category-zinas-no-arvalstim","8":"tag-aktualitates","9":"tag-arvalstim","10":"tag-breaking-news","11":"tag-breakingnews","12":"tag-featured-news","13":"tag-featurednews","14":"tag-headlines","15":"tag-krievija","16":"tag-krievijas-iebrukums-ukraina","17":"tag-latest-news","18":"tag-latestnews","19":"tag-latvia","20":"tag-latvian","21":"tag-latviesu","22":"tag-latviesu-valoda","23":"tag-latviesuvaloda","24":"tag-latvija","25":"tag-lv","26":"tag-nato","27":"tag-news","28":"tag-popularakas-zinas","29":"tag-popularakaszinas","30":"tag-top-stories","31":"tag-topstories","32":"tag-world","33":"tag-world-news","34":"tag-worldnews","35":"tag-zinas","36":"tag-zinas-no-arvalstim"},"share_on_mastodon":{"url":"https:\/\/pubeurope.com\/@lv\/115514781360000870","error":""},"_links":{"self":[{"href":"https:\/\/www.europesays.com\/lv\/wp-json\/wp\/v2\/posts\/43456","targetHints":{"allow":["GET"]}}],"collection":[{"href":"https:\/\/www.europesays.com\/lv\/wp-json\/wp\/v2\/posts"}],"about":[{"href":"https:\/\/www.europesays.com\/lv\/wp-json\/wp\/v2\/types\/post"}],"author":[{"embeddable":true,"href":"https:\/\/www.europesays.com\/lv\/wp-json\/wp\/v2\/users\/2"}],"replies":[{"embeddable":true,"href":"https:\/\/www.europesays.com\/lv\/wp-json\/wp\/v2\/comments?post=43456"}],"version-history":[{"count":0,"href":"https:\/\/www.europesays.com\/lv\/wp-json\/wp\/v2\/posts\/43456\/revisions"}],"wp:featuredmedia":[{"embeddable":true,"href":"https:\/\/www.europesays.com\/lv\/wp-json\/wp\/v2\/media\/43457"}],"wp:attachment":[{"href":"https:\/\/www.europesays.com\/lv\/wp-json\/wp\/v2\/media?parent=43456"}],"wp:term":[{"taxonomy":"category","embeddable":true,"href":"https:\/\/www.europesays.com\/lv\/wp-json\/wp\/v2\/categories?post=43456"},{"taxonomy":"post_tag","embeddable":true,"href":"https:\/\/www.europesays.com\/lv\/wp-json\/wp\/v2\/tags?post=43456"}],"curies":[{"name":"wp","href":"https:\/\/api.w.org\/{rel}","templated":true}]}}