{"id":43480,"date":"2025-11-08T15:46:13","date_gmt":"2025-11-08T15:46:13","guid":{"rendered":"https:\/\/www.europesays.com\/lv\/43480\/"},"modified":"2025-11-08T15:46:13","modified_gmt":"2025-11-08T15:46:13","slug":"valsts-svetkos-goda-gimenes-vilcienos-vares-braukt-bez-maksas","status":"publish","type":"post","link":"https:\/\/www.europesays.com\/lv\/43480\/","title":{"rendered":"Valsts sv\u0113tkos goda \u0123imenes vilcienos var\u0113s braukt bez maksas"},"content":{"rendered":"<p>Bezmaksas viena brauciena bi\u013cetes \u0161aj\u0101s sv\u0113tku dien\u0101s var\u0113s sa\u0146emt daudzb\u0113rnu \u0123imenes un \u0123imenes, kuru apr\u016bp\u0113 ir b\u0113rni ar invalidit\u0101ti. T\u0101s b\u016bs pieejamas vis\u0101s PV bi\u013ce\u0161u tirdzniec\u012bbas kas\u0113s vai vilcien\u0101 pie konduktora, ta\u010du bi\u013cetes ar 100% atlaidi nevar\u0113s ieg\u0101d\u0101ties PV t\u012bmek\u013cvietn\u0113 un mobilaj\u0101 lietotn\u0113.<\/p>\n<p>Bi\u013cetes var\u0113s izmantot visi \u0123imenes locek\u013ci &#8211; gan vec\u0101ki, gan b\u0113rni.<\/p>\n<p>Lai sa\u0146emtu bi\u013ceti, b\u016bs nepiecie\u0161ams uzr\u0101d\u012bt der\u012bgu apliec\u012bbu &#8220;Goda \u0123imene&#8221; kop\u0101 ar personu apliecino\u0161u dokumentu vai skol\u0113na vai studenta apliec\u012bbu. Visiem nosauktajiem dokumentiem pasa\u017eieriem j\u0101b\u016bt l\u012bdzi ne tikai bi\u013cetes ieg\u0101des br\u012bd\u012b, bet ar\u012b vilcien\u0101 visa brauciena laik\u0101, atz\u012bm\u0113 PV.<\/p>\n<p>Vienlaikus PV atg\u0101dina, ka sv\u0113tku d\u0113\u013c ir main\u012bts vilcienu kurs\u0113\u0161anas grafiks. P\u0101rcelt\u0101s darba dienas d\u0113\u013c vilcieni Tukuma, Jelgavas, Aizkraukles un Skultes virzien\u0101 sestdien, 8. novembr\u012b, kurs\u0113s p\u0113c darba dienu grafika, bet 17. un 18. novembr\u012b &#8211; p\u0113c br\u012bvdienu grafika.<\/p>\n<p>Virkne vilcienu kurs\u0113s p\u0113c at\u0161\u0137ir\u012bga grafika ar\u012b 9., 16., 17. un 18. novembr\u012b, t\u0101p\u0113c PV aicina Gulbenes, Madonas, Daugavpils un Siguldas virziena pasa\u017eierus \u0161aj\u0101 period\u0101 vilcienu grafikam piev\u0113rst \u012bpa\u0161u v\u0113r\u012bbu.<\/p>\n<p>PV t\u012bmek\u013cvietn\u0113 un mobilaj\u0101 lietotn\u0113 public\u0113taj\u0101 vilcienu kust\u012bbas sarakst\u0101 atrodamas visas aktu\u0101l\u0101s izmai\u0146as.<\/p>\n<p>PV ir izveidots 2001. gad\u0101, nodalot iek\u0161zemes pasa\u017eieru p\u0101rvad\u0101jumus no &#8220;Latvijas dzelzce\u013ca&#8221; veiktaj\u0101m funkcij\u0101m. Iepriek\u0161 PV 100% bija &#8220;Latvijas dzelzce\u013ca&#8221; meitasuz\u0146\u0113mums, ta\u010du 2008. gada oktobr\u012b tas tika p\u0101rveidots par valsts uz\u0146\u0113mumu.<\/p>\n","protected":false},"excerpt":{"rendered":"Bezmaksas viena brauciena bi\u013cetes \u0161aj\u0101s sv\u0113tku dien\u0101s var\u0113s sa\u0146emt daudzb\u0113rnu \u0123imenes un \u0123imenes, kuru apr\u016bp\u0113 ir b\u0113rni ar&hellip;\n","protected":false},"author":2,"featured_media":43481,"comment_status":"","ping_status":"","sticky":false,"template":"","format":"standard","meta":{"footnotes":""},"categories":[5],"tags":[23,28,29,32,33,12245,22,30,31,35,39,38,36,37,34,40,20,11266,26,27,24,25,11809,21],"class_list":{"0":"post-43480","1":"post","2":"type-post","3":"status-publish","4":"format-standard","5":"has-post-thumbnail","7":"category-aktualitates","8":"tag-aktualitates","9":"tag-breaking-news","10":"tag-breakingnews","11":"tag-featured-news","12":"tag-featurednews","13":"tag-goda-gimenes","14":"tag-headlines","15":"tag-latest-news","16":"tag-latestnews","17":"tag-latvia","18":"tag-latvian","19":"tag-latviesu","20":"tag-latviesu-valoda","21":"tag-latviesuvaloda","22":"tag-latvija","23":"tag-lv","24":"tag-news","25":"tag-patriotu-nedela","26":"tag-popularakas-zinas","27":"tag-popularakaszinas","28":"tag-top-stories","29":"tag-topstories","30":"tag-valsts-svetki","31":"tag-zinas"},"share_on_mastodon":{"url":"https:\/\/pubeurope.com\/@lv\/115514860094336666","error":""},"_links":{"self":[{"href":"https:\/\/www.europesays.com\/lv\/wp-json\/wp\/v2\/posts\/43480","targetHints":{"allow":["GET"]}}],"collection":[{"href":"https:\/\/www.europesays.com\/lv\/wp-json\/wp\/v2\/posts"}],"about":[{"href":"https:\/\/www.europesays.com\/lv\/wp-json\/wp\/v2\/types\/post"}],"author":[{"embeddable":true,"href":"https:\/\/www.europesays.com\/lv\/wp-json\/wp\/v2\/users\/2"}],"replies":[{"embeddable":true,"href":"https:\/\/www.europesays.com\/lv\/wp-json\/wp\/v2\/comments?post=43480"}],"version-history":[{"count":0,"href":"https:\/\/www.europesays.com\/lv\/wp-json\/wp\/v2\/posts\/43480\/revisions"}],"wp:featuredmedia":[{"embeddable":true,"href":"https:\/\/www.europesays.com\/lv\/wp-json\/wp\/v2\/media\/43481"}],"wp:attachment":[{"href":"https:\/\/www.europesays.com\/lv\/wp-json\/wp\/v2\/media?parent=43480"}],"wp:term":[{"taxonomy":"category","embeddable":true,"href":"https:\/\/www.europesays.com\/lv\/wp-json\/wp\/v2\/categories?post=43480"},{"taxonomy":"post_tag","embeddable":true,"href":"https:\/\/www.europesays.com\/lv\/wp-json\/wp\/v2\/tags?post=43480"}],"curies":[{"name":"wp","href":"https:\/\/api.w.org\/{rel}","templated":true}]}}