{"id":43498,"date":"2025-11-08T16:06:08","date_gmt":"2025-11-08T16:06:08","guid":{"rendered":"https:\/\/www.europesays.com\/lv\/43498\/"},"modified":"2025-11-08T16:06:08","modified_gmt":"2025-11-08T16:06:08","slug":"markess-parspej-akostu-un-uzvar-portugales-gp-sprinta-motoru-sports-sportacentrs-com","status":"publish","type":"post","link":"https:\/\/www.europesays.com\/lv\/43498\/","title":{"rendered":"Markess p\u0101rsp\u0113j Akostu un uzvar Portug\u0101les GP sprint\u0101 \u2013 Motoru sports \u2013 Sportacentrs.com"},"content":{"rendered":"<p>&#8220;Gresini Ducati&#8221; komandas brauc\u0113js Markess start\u0113ja no tre\u0161\u0101s vietas, bet kop\u0101 ar Akostu un Marko Bedzeki aizvad\u012bja spraigu c\u012b\u0146u par uzvaru l\u012bdz pat p\u0113d\u0113jam aplim. Bedzeki, c\u012b\u0146u s\u0101kot no pole position, pirmaj\u0101 l\u012bkum\u0101 saglab\u0101ja vad\u012bbu, bet jau s\u0101kotn\u0113ji vi\u0146am cie\u0161i sekoja &#8220;KTM&#8221; brauc\u0113js Akosta un Markess.<\/p>\n<blockquote class=\"twitter-tweet\">\n<p lang=\"en\" dir=\"ltr\">\ud83d\udea5 LIGHTS OUT in the <a href=\"https:\/\/twitter.com\/hashtag\/TissotSprint?src=hash&amp;ref_src=twsrc%5Etfw\" rel=\"nofollow noopener\" target=\"_blank\">#TissotSprint<\/a> \ud83d\udea5<\/p>\n<p>Bez leads from pole as <a href=\"https:\/\/twitter.com\/alexmarquez73?ref_src=twsrc%5Etfw\" rel=\"nofollow noopener\" target=\"_blank\">@alexmarquez73<\/a> reaches P3!<a href=\"https:\/\/twitter.com\/hashtag\/PortugueseGP?src=hash&amp;ref_src=twsrc%5Etfw\" rel=\"nofollow noopener\" target=\"_blank\">#PortugueseGP<\/a> \ud83c\uddf5\ud83c\uddf9 <a href=\"https:\/\/t.co\/BO7SiT3Zrc\" rel=\"nofollow\">pic.twitter.com\/BO7SiT3Zrc<\/a><\/p>\n<p>\u2014 MotoGP\u2122\ud83c\udfc1 (@MotoGP) <a href=\"https:\/\/twitter.com\/MotoGP\/status\/1987174461083107329?ref_src=twsrc%5Etfw\" rel=\"nofollow noopener\" target=\"_blank\">November 8, 2025<\/a><\/p><\/blockquote>\n<p>Jau pirmajos ap\u013cos trijotne att\u0101lin\u0101j\u0101s no p\u0101r\u0113jiem, ta\u010du Akosta tre\u0161aj\u0101 apl\u012b sp\u0113ja apdz\u012bt Bedzeki un p\u0101r\u0146emt vad\u012bbu. Tas pav\u0113ra iesp\u0113ju Markesam pietuvoties, un ceturtaj\u0101 apl\u012b vi\u0146\u0161 veica p\u0101rliecino\u0161u apdz\u012b\u0161anu, p\u0101r\u0146emot otro vietu.<\/p>\n<blockquote class=\"twitter-tweet\">\n<p lang=\"en\" dir=\"ltr\">\ud83d\udea8 <a href=\"https:\/\/twitter.com\/37_pedroacosta?ref_src=twsrc%5Etfw\" rel=\"nofollow noopener\" target=\"_blank\">@37_pedroacosta<\/a> hits the front on lap 2! <a href=\"https:\/\/twitter.com\/hashtag\/PortugueseGP?src=hash&amp;ref_src=twsrc%5Etfw\" rel=\"nofollow noopener\" target=\"_blank\">#PortugueseGP<\/a> \ud83c\uddf5\ud83c\uddf9 <a href=\"https:\/\/t.co\/onEFwC2ORs\" rel=\"nofollow\">pic.twitter.com\/onEFwC2ORs<\/a><\/p>\n<p>\u2014 MotoGP\u2122\ud83c\udfc1 (@MotoGP) <a href=\"https:\/\/twitter.com\/MotoGP\/status\/1987175453493252477?ref_src=twsrc%5Etfw\" rel=\"nofollow noopener\" target=\"_blank\">November 8, 2025<\/a><\/p><\/blockquote>\n<p>Sacens\u012bbu vid\u016b Markess izmantoja &#8220;Ducati&#8221; \u0101truma p\u0101rsvaru uz starta-fini\u0161a taisnes, lai apdz\u012btu Akostu un k\u013c\u016btu par l\u012bderi. Abu sp\u0101\u0146u c\u012b\u0146a turpin\u0101j\u0101s vair\u0101kus ap\u013cus, mainoties poz\u012bcij\u0101m vair\u0101kas reizes. &#8220;KTM&#8221; motocikls zaud\u0113ja tempu p\u0113d\u0113j\u0101 sektor\u0101, un tie\u0161i tur Markess atguva vad\u012bbu dev\u012btaj\u0101 apl\u012b. Akosta cent\u0101s atbild\u0113t, ta\u010du s\u0101ncensis notur\u0113ja p\u0101rsvaru un fini\u0161\u0113ja pirmais ar nieka 0.1 sekun\u017eu p\u0101rsvaru.<\/p>\n<blockquote class=\"twitter-tweet\">\n<p lang=\"en\" dir=\"ltr\">Here we go again! \ud83e\udd75<\/p>\n<p>But <a href=\"https:\/\/twitter.com\/alexmarquez73?ref_src=twsrc%5Etfw\" rel=\"nofollow noopener\" target=\"_blank\">@alexmarquez73<\/a> looks like he&#8217;s hanging on! <a href=\"https:\/\/twitter.com\/hashtag\/PortugueseGP?src=hash&amp;ref_src=twsrc%5Etfw\" rel=\"nofollow noopener\" target=\"_blank\">#PortugueseGP<\/a> \ud83c\uddf5\ud83c\uddf9 <a href=\"https:\/\/t.co\/FHz9P5pzqN\" rel=\"nofollow\">pic.twitter.com\/FHz9P5pzqN<\/a><\/p>\n<p>\u2014 MotoGP\u2122\ud83c\udfc1 (@MotoGP) <a href=\"https:\/\/twitter.com\/MotoGP\/status\/1987178381062893951?ref_src=twsrc%5Etfw\" rel=\"nofollow noopener\" target=\"_blank\">November 8, 2025<\/a><\/p><\/blockquote>\n<p>Akosta fini\u0161\u0113ja otrais, kam\u0113r Bedzeki nodro\u0161in\u0101ja &#8220;Aprilia&#8221; tre\u0161o vietu. Ceturtais bija Fabio Kvartararo ar &#8220;Yamaha&#8221;, bet piektais &#8211; Fabio di D\u017eannantonio no &#8220;VR46 Ducati&#8221; vien\u012bbas. Fermins Aldeguers un Johans Zarko taisn\u0113 apdzina Fran\u010desko Banjaju, kur\u0161 beig\u0101s palika vien astotais.<\/p>\n<p>Debiju &#8220;MotoGP&#8221; klas\u0113 piedz\u012bvoja superbaiku pasaules \u010dempion\u0101ta viens no l\u012bderiem Nikolo Bulega, kur\u0161 &#8220;Ducati&#8221; r\u016bpn\u012bcas komand\u0101 aizst\u0101j traumu guvu\u0161o \u010dempionu Marku Markesu. S\u0101kums vi\u0146am neveiksm\u012bgs, jo tika piedz\u012bvots kritiens.<\/p>\n<blockquote class=\"twitter-tweet\">\n<p lang=\"en\" dir=\"ltr\">Heartbreak for <a href=\"https:\/\/twitter.com\/nbulega?ref_src=twsrc%5Etfw\" rel=\"nofollow noopener\" target=\"_blank\">@nbulega<\/a>, out of his first <a href=\"https:\/\/twitter.com\/hashtag\/TissotSprint?src=hash&amp;ref_src=twsrc%5Etfw\" rel=\"nofollow noopener\" target=\"_blank\">#TissotSprint<\/a> \ud83d\udc94<a href=\"https:\/\/twitter.com\/hashtag\/PortugueseGP?src=hash&amp;ref_src=twsrc%5Etfw\" rel=\"nofollow noopener\" target=\"_blank\">#PortugueseGP<\/a> \ud83c\uddf5\ud83c\uddf9 <a href=\"https:\/\/t.co\/GPGJ9fmJCv\" rel=\"nofollow\">pic.twitter.com\/GPGJ9fmJCv<\/a><\/p>\n<p>\u2014 MotoGP\u2122\ud83c\udfc1 (@MotoGP) <a href=\"https:\/\/twitter.com\/MotoGP\/status\/1987176251052773607?ref_src=twsrc%5Etfw\" rel=\"nofollow noopener\" target=\"_blank\">November 8, 2025<\/a><\/p><\/blockquote>\n<p>Galven\u0101s sac\u012bkstes starts sv\u0113tdien plkst. 15:00 p\u0113c Latvijas laika.<\/p>\n<p>Sprinta rezult\u0101ti:<img decoding=\"async\" src=\"https:\/\/www.europesays.com\/lv\/wp-content\/uploads\/2025\/11\/motogp-1.jpg\" class=\"img-fluid\"\/><\/p>\n<p>                    <script async src=\"https:\/\/platform.twitter.com\/widgets.js\" charset=\"utf-8\"><\/script><\/p>\n","protected":false},"excerpt":{"rendered":"&#8220;Gresini Ducati&#8221; komandas brauc\u0113js Markess start\u0113ja no tre\u0161\u0101s vietas, bet kop\u0101 ar Akostu un Marko Bedzeki aizvad\u012bja spraigu&hellip;\n","protected":false},"author":2,"featured_media":43499,"comment_status":"","ping_status":"","sticky":false,"template":"","format":"standard","meta":{"footnotes":""},"categories":[17],"tags":[35,39,38,36,37,34,40,165,67],"class_list":{"0":"post-43498","1":"post","2":"type-post","3":"status-publish","4":"format-standard","5":"has-post-thumbnail","7":"category-sports","8":"tag-latvia","9":"tag-latvian","10":"tag-latviesu","11":"tag-latviesu-valoda","12":"tag-latviesuvaloda","13":"tag-latvija","14":"tag-lv","15":"tag-motoru-sports","16":"tag-sports"},"share_on_mastodon":{"url":"https:\/\/pubeurope.com\/@lv\/115514938772138967","error":""},"_links":{"self":[{"href":"https:\/\/www.europesays.com\/lv\/wp-json\/wp\/v2\/posts\/43498","targetHints":{"allow":["GET"]}}],"collection":[{"href":"https:\/\/www.europesays.com\/lv\/wp-json\/wp\/v2\/posts"}],"about":[{"href":"https:\/\/www.europesays.com\/lv\/wp-json\/wp\/v2\/types\/post"}],"author":[{"embeddable":true,"href":"https:\/\/www.europesays.com\/lv\/wp-json\/wp\/v2\/users\/2"}],"replies":[{"embeddable":true,"href":"https:\/\/www.europesays.com\/lv\/wp-json\/wp\/v2\/comments?post=43498"}],"version-history":[{"count":0,"href":"https:\/\/www.europesays.com\/lv\/wp-json\/wp\/v2\/posts\/43498\/revisions"}],"wp:featuredmedia":[{"embeddable":true,"href":"https:\/\/www.europesays.com\/lv\/wp-json\/wp\/v2\/media\/43499"}],"wp:attachment":[{"href":"https:\/\/www.europesays.com\/lv\/wp-json\/wp\/v2\/media?parent=43498"}],"wp:term":[{"taxonomy":"category","embeddable":true,"href":"https:\/\/www.europesays.com\/lv\/wp-json\/wp\/v2\/categories?post=43498"},{"taxonomy":"post_tag","embeddable":true,"href":"https:\/\/www.europesays.com\/lv\/wp-json\/wp\/v2\/tags?post=43498"}],"curies":[{"name":"wp","href":"https:\/\/api.w.org\/{rel}","templated":true}]}}