{"id":43508,"date":"2025-11-08T16:17:08","date_gmt":"2025-11-08T16:17:08","guid":{"rendered":"https:\/\/www.europesays.com\/lv\/43508\/"},"modified":"2025-11-08T16:17:08","modified_gmt":"2025-11-08T16:17:08","slug":"roberts-balanas-atgriezas-latvija-ar-pasaules-pirmatskanojumu-un-stigu-ansambli-lente-lv","status":"publish","type":"post","link":"https:\/\/www.europesays.com\/lv\/43508\/","title":{"rendered":"Roberts Balanas atgrie\u017eas Latvij\u0101 ar pasaules pirmatska\u0146ojumu un st\u012bgu ansambli\u00a0\u2014\u00a0Lente.lv"},"content":{"rendered":"<p>Roberts Balanas atgrie\u017eas Latvij\u0101 ar jaunu koncertprogrammu<\/p>\n<p>Pasaulslavenais vijolnieks Roberts Balanas p\u0113c ilga laika atgrie\u017eas Latvijas koncertz\u0101l\u0113s ar aizraujo\u0161u jaunu programmu, kas sol\u0101s iepriecin\u0101t m\u016bzikas baud\u012bt\u0101jus. 16. decembr\u012b R\u012bg\u0101, elegantaj\u0101 kinote\u0101tr\u012b &#8220;Splendid Palace&#8221;, notiks unik\u0101ls notikums \u2013 &#8220;Roberts Balanas un st\u012bgu ansamblis&#8221;. \u0160is koncerts iez\u012bm\u0113 ne tikai m\u0101kslinieka atgrie\u0161anos dzimten\u0113, bet ar\u012b pied\u0101v\u0101 klaus\u012bt\u0101jiem pirmatska\u0146ojumu jaunam un v\u0113l nebiju\u0161am muzik\u0101lam baud\u012bjumam.<\/p>\n<p>Muzik\u0101l\u0101 Meistar\u012bba un Starptautisks Sp\u012bdums<\/p>\n<p>Roberts Balanas, kur\u0161 iekarojis pasaules presti\u017e\u0101k\u0101s koncertz\u0101les, \u0161oreiz uz skatuves k\u0101ps kop\u0101 ar \u012bpa\u0161i atlas\u012btu Latvijas un Lielbrit\u0101nijas st\u012bgu instrument\u0101listu ansambli. \u0160ie izcilie m\u016bzi\u0137i ir ne tikai vado\u0161o or\u0137estru un kamerm\u016bzikas kolekt\u012bvu p\u0101rst\u0101vji, bet ar\u012b cilv\u0113ki, kas savu dz\u012bvi velt\u012bju\u0161i augst\u0101kajai m\u0101kslai. Vi\u0146u kop\u0113j\u0101 muzic\u0113\u0161ana sol\u0101s rad\u012bt neaizmirstamu burv\u012bbu un dzi\u013cumu, pie\u0161\u0137irot jaunajai programmai \u012bpa\u0161u oreolu. Balana kaisl\u012bg\u0101 interpret\u0101cija un ansamb\u013ca sasp\u0113l\u0113\u0161an\u0101s rad\u012bs dinamiskas un emocion\u0101las ska\u0146u ainavas, kas aizraus ikvienu kl\u0101teso\u0161o.<\/p>\n<p>Jaunas Ska\u0146u Ce\u013cojums Gaid\u0101ms<\/p>\n<p>Programma, ko Roberts Balanas atvedis uz Latviju, ir r\u016bp\u012bgi veidota, lai pied\u0101v\u0101tu kaut ko patiesi svaigu un inovat\u012bvu. T\u0101 nav tikai k\u0101rt\u0113j\u0101 klasisk\u0101s m\u016bzikas programma, bet gan r\u016bp\u012bgi izraudz\u012btu ska\u0146darbu kopums, kas izce\u013c vijoles daudzpus\u012bbu un ekspresivit\u0101ti. K\u0101ds m\u016bzikas kriti\u0137is reiz rakst\u012bja, ka Balana sp\u0113l\u0113 ir j\u016btama &#8220;dzirksto\u0161a ener\u0123ija un dzi\u013ca iek\u0161\u0113j\u0101 pasaule&#8221;, un \u0161is koncerts sol\u0101s b\u016bt apliecin\u0101jums \u0161iem v\u0101rdiem. Klaus\u012bt\u0101ji var sagaid\u012bt gan virtuozus, gan ar\u012b int\u012bmus un dv\u0113seliskus ska\u0146darbus, kas izrais\u012bs pla\u0161u emociju gammu \u2013 no saj\u016bsmas l\u012bdz dzi\u013c\u0101m p\u0101rdom\u0101m. \u0160is b\u016bs neaizmirstams muzik\u0101ls piedz\u012bvojums, kas piepild\u012bs &#8220;Splendid Palace&#8221; ar dz\u012bv\u012bgu ska\u0146u un neaizmirstam\u0101m melodij\u0101m.<\/p>\n<p>\u012apa\u0161a Atmosf\u0113ra Kinote\u0101tr\u012b _Splendid Palace_<\/p>\n<p>Kinote\u0101tris &#8220;Splendid Palace&#8221; nav izv\u0113l\u0113ts nejau\u0161i. T\u0101 unik\u0101l\u0101 arhitekt\u016bra un int\u012bm\u0101 atmosf\u0113ra rad\u012bs \u012bpa\u0161u vidi, kas papildin\u0101s koncerta kop\u0113jo iespaidu. \u0160\u012b vieta ar savu v\u0113sturisko auru un elegantumu ir k\u0101 rad\u012bta, lai uz\u0146emtu tik noz\u012bm\u012bgu m\u016bzikas notikumu. Telpas akustika ir piem\u0113rota, lai piln\u012bb\u0101 izbaud\u012btu st\u012bgu ansamb\u013ca nians\u0113to skan\u0113jumu un Roberta Balanas virtuozit\u0101ti. Gaid\u0101ms, ka vakars b\u016bs ne tikai muzik\u0101li bag\u0101ts, bet ar\u012b vizu\u0101li baud\u0101ms, \u013caujoties gan ska\u0146\u0101m, gan ar\u012b pats norises vietas atmosf\u0113rai. \u0160\u0101ds pas\u0101kums ir retums, kas \u013cauj dzi\u013c\u0101k izbaud\u012bt m\u016bzikas pasauli.<\/p>\n<p>Iesp\u0113ja Ieraudz\u012bt Latvijas Talantu Starptautiskaj\u0101 Virsotn\u0113<\/p>\n<p>Roberts Balanas ir viens no spo\u017e\u0101kajiem Latvijas m\u016bzi\u0137iem m\u016bsdien\u0101s, kura talants un darbs ir atzin\u012bgi nov\u0113rt\u0113ts vis\u0101 pasaul\u0113. Vi\u0146a atgrie\u0161an\u0101s uz Latvijas skatuves ir noz\u012bm\u012bgs notikums gan vi\u0146am pa\u0161am, gan ar\u012b visai m\u016bzikas industrijai Latvij\u0101. \u0160\u012b ir lieliska iesp\u0113ja Latvijas publikai kl\u0101tien\u0113 sastapties ar m\u0101kslinieku, kur\u0161 ar savu vijoles sp\u0113li sp\u0113j aizraut un iedvesmot t\u016bksto\u0161iem cilv\u0113ku. Koncerts &#8220;Roberts Balanas un st\u012bgu ansamblis&#8221; sol\u0101s b\u016bt neaizmirstams vakars, kas piepild\u012bts ar augst\u0101k\u0101s klases m\u016bziku un emocion\u0101liem p\u0101rdz\u012bvojumiem. Bi\u013cetes uz \u0161o gaid\u0101mo notikumu jau ir pieejamas, un to popularit\u0101te prognoz\u0113, ka t\u0101s izbeigsies \u0101tri.<\/p>\n","protected":false},"excerpt":{"rendered":"Roberts Balanas atgrie\u017eas Latvij\u0101 ar jaunu koncertprogrammu Pasaulslavenais vijolnieks Roberts Balanas p\u0113c ilga laika atgrie\u017eas Latvijas koncertz\u0101l\u0113s ar&hellip;\n","protected":false},"author":2,"featured_media":43509,"comment_status":"","ping_status":"","sticky":false,"template":"","format":"standard","meta":{"footnotes":""},"categories":[19],"tags":[89,90,12251,656,35,39,38,36,37,34,40,8969,1787,12250],"class_list":{"0":"post-43508","1":"post","2":"type-post","3":"status-publish","4":"format-standard","5":"has-post-thumbnail","7":"category-izklaide","8":"tag-entertainment","9":"tag-izklaide","10":"tag-jauna-koncertprogramma","11":"tag-koncerts-riga","12":"tag-latvia","13":"tag-latvian","14":"tag-latviesu","15":"tag-latviesu-valoda","16":"tag-latviesuvaloda","17":"tag-latvija","18":"tag-lv","19":"tag-roberts-balanas","20":"tag-splendid-palace","21":"tag-stigu-ansamblis"},"share_on_mastodon":{"url":"https:\/\/pubeurope.com\/@lv\/115514981949987500","error":""},"_links":{"self":[{"href":"https:\/\/www.europesays.com\/lv\/wp-json\/wp\/v2\/posts\/43508","targetHints":{"allow":["GET"]}}],"collection":[{"href":"https:\/\/www.europesays.com\/lv\/wp-json\/wp\/v2\/posts"}],"about":[{"href":"https:\/\/www.europesays.com\/lv\/wp-json\/wp\/v2\/types\/post"}],"author":[{"embeddable":true,"href":"https:\/\/www.europesays.com\/lv\/wp-json\/wp\/v2\/users\/2"}],"replies":[{"embeddable":true,"href":"https:\/\/www.europesays.com\/lv\/wp-json\/wp\/v2\/comments?post=43508"}],"version-history":[{"count":0,"href":"https:\/\/www.europesays.com\/lv\/wp-json\/wp\/v2\/posts\/43508\/revisions"}],"wp:featuredmedia":[{"embeddable":true,"href":"https:\/\/www.europesays.com\/lv\/wp-json\/wp\/v2\/media\/43509"}],"wp:attachment":[{"href":"https:\/\/www.europesays.com\/lv\/wp-json\/wp\/v2\/media?parent=43508"}],"wp:term":[{"taxonomy":"category","embeddable":true,"href":"https:\/\/www.europesays.com\/lv\/wp-json\/wp\/v2\/categories?post=43508"},{"taxonomy":"post_tag","embeddable":true,"href":"https:\/\/www.europesays.com\/lv\/wp-json\/wp\/v2\/tags?post=43508"}],"curies":[{"name":"wp","href":"https:\/\/api.w.org\/{rel}","templated":true}]}}