{"id":43578,"date":"2025-11-08T18:05:14","date_gmt":"2025-11-08T18:05:14","guid":{"rendered":"https:\/\/www.europesays.com\/lv\/43578\/"},"modified":"2025-11-08T18:05:14","modified_gmt":"2025-11-08T18:05:14","slug":"miskas-kalev-cramo-atbrivo-galveno-treneri-reinboku-tv3-lv","status":"publish","type":"post","link":"https:\/\/www.europesays.com\/lv\/43578\/","title":{"rendered":"Mi\u0161kas \u201cKalev\u201d\/\u201dCramo\u201d atbr\u012bvo galveno treneri Reinboku &#8211; tv3.lv"},"content":{"rendered":"<ol>\n<li><a href=\"https:\/\/news.google.com\/rss\/articles\/CBMijgFBVV95cUxQMG5za055SWMyZDQ0YlYwdXNJTnkxaFdhLVNQU0dyQmVuRThfTFp0LWlBbzh2VDNPcktZSU1USnA0T2tyU2hyV3dFZTZ4ZnY5eG8tWjQ2dzZRUDBuM1N1YWJEZjhuTUJnQWV5RHZCZWZTSm9HSkdmZE5XcTgwMG9JVDM3b2FaWV9ncFA0ZDZR?oc=5\" target=\"_blank\" rel=\"nofollow noopener\">Mi\u0161kas \u201cKalev\u201d\/\u201dCramo\u201d atbr\u012bvo galveno treneri Reinboku<\/a>&nbsp;&nbsp;tv3.lv<\/li>\n<li><a href=\"https:\/\/news.google.com\/rss\/articles\/CBMilAFBVV95cUxOVGJFbzhpQ3B6S1RqWHNIU1RjWjYyTnE1eWlOTmRtMmc3U1dXT2dtZDZpRTFJcTlIMWU4RjlPMjIxaU5BenFkTzktVWdzclcwSDlSZ3RjS0c1ZTdOakhEdmxTWWdFTmVFNmFsYXpKNHVHRm44cmJaZUp3MGhaZndxX1o0Z2lsdDRUaEdkaFozMGV6aWg0?oc=5\" target=\"_blank\" rel=\"nofollow noopener\">P\u0113c trenera mai\u0146as Mi\u0161kam desmit punkti Tallinas derbij\u0101 \u2013 Basketbols<\/a>&nbsp;&nbsp;Sportacentrs.com<\/li>\n<li><a href=\"https:\/\/news.google.com\/rss\/articles\/CBMi1wFBVV95cUxOb0dhZmhCM2lfUnd4WXNWQ3VyRFFqbnpwcVRxMndNNTJzSHNDV1dvVjJwNEhwWF9KYXdyOUpzUUpHWWsyZE5SbHk5Uzl4X0xrN3Zxb3FqdW9veWQyTXBpWld3YkxFSHlwYW9JX0hSRzV6a1U2MGZkc0h0Y2RlMGtWaWRFdXNHbUZUd1l4aUhNZUlzaGRKemYwNVNiVERFT2hRSmFkNktua1JwMWF2QWlLVFpscjlQMDNyWHFnQ0RId3R2VG5kVTVxREdIZ1FTZ1A4RDJjeGxScw?oc=5\" target=\"_blank\" rel=\"nofollow noopener\">Igaunijas basketbola flagmanis k\u013c\u016bst par pirmo klubu, kas apvienotaj\u0101 l\u012bg\u0101 lemj atlaist galveno treneri<\/a>&nbsp;&nbsp;Jauns.lv<\/li>\n<li><a href=\"https:\/\/news.google.com\/rss\/articles\/CBMilAFBVV95cUxNYmJFWUN2aVFtb0NZSlRoX21tNmcyV0pHcXBxQlJwSXd5M1BLU3VoMTdaOHZlWS13a2doNkp1YU5ubmdyWVV4cG1iYmxWbUMyeV8wcE1nUVpSWkUwOE9kYjdSZjR0MXRXOEpDcGNRdWFLcEFWa2tzYWxvbFJ1cFlYblk4TWs2cWttc0FVMmhIVXBhUkpt?oc=5\" target=\"_blank\" rel=\"nofollow noopener\">Pirmais atlaistais treneris Latvijas &#8211; Igaunijas l\u012bg\u0101: c\u0113rt Mi\u0161kas p\u0101rst\u0101v\u0113tais klubs \u2013 Basketbols<\/a>&nbsp;&nbsp;Sportacentrs.com<\/li>\n<\/ol>\n","protected":false},"excerpt":{"rendered":"Mi\u0161kas \u201cKalev\u201d\/\u201dCramo\u201d atbr\u012bvo galveno treneri Reinboku&nbsp;&nbsp;tv3.lv P\u0113c trenera mai\u0146as Mi\u0161kam desmit punkti Tallinas derbij\u0101 \u2013 Basketbols&nbsp;&nbsp;Sportacentrs.com Igaunijas basketbola&hellip;\n","protected":false},"author":2,"featured_media":43579,"comment_status":"","ping_status":"","sticky":false,"template":"","format":"standard","meta":{"footnotes":""},"categories":[17],"tags":[12054,35,39,38,36,37,34,40,67],"class_list":{"0":"post-43578","1":"post","2":"type-post","3":"status-publish","4":"format-standard","5":"has-post-thumbnail","7":"category-sports","8":"tag-kalev-cramo","9":"tag-latvia","10":"tag-latvian","11":"tag-latviesu","12":"tag-latviesu-valoda","13":"tag-latviesuvaloda","14":"tag-latvija","15":"tag-lv","16":"tag-sports"},"share_on_mastodon":{"url":"https:\/\/pubeurope.com\/@lv\/115515406609484958","error":""},"_links":{"self":[{"href":"https:\/\/www.europesays.com\/lv\/wp-json\/wp\/v2\/posts\/43578","targetHints":{"allow":["GET"]}}],"collection":[{"href":"https:\/\/www.europesays.com\/lv\/wp-json\/wp\/v2\/posts"}],"about":[{"href":"https:\/\/www.europesays.com\/lv\/wp-json\/wp\/v2\/types\/post"}],"author":[{"embeddable":true,"href":"https:\/\/www.europesays.com\/lv\/wp-json\/wp\/v2\/users\/2"}],"replies":[{"embeddable":true,"href":"https:\/\/www.europesays.com\/lv\/wp-json\/wp\/v2\/comments?post=43578"}],"version-history":[{"count":0,"href":"https:\/\/www.europesays.com\/lv\/wp-json\/wp\/v2\/posts\/43578\/revisions"}],"wp:featuredmedia":[{"embeddable":true,"href":"https:\/\/www.europesays.com\/lv\/wp-json\/wp\/v2\/media\/43579"}],"wp:attachment":[{"href":"https:\/\/www.europesays.com\/lv\/wp-json\/wp\/v2\/media?parent=43578"}],"wp:term":[{"taxonomy":"category","embeddable":true,"href":"https:\/\/www.europesays.com\/lv\/wp-json\/wp\/v2\/categories?post=43578"},{"taxonomy":"post_tag","embeddable":true,"href":"https:\/\/www.europesays.com\/lv\/wp-json\/wp\/v2\/tags?post=43578"}],"curies":[{"name":"wp","href":"https:\/\/api.w.org\/{rel}","templated":true}]}}