{"id":43608,"date":"2025-11-08T18:51:13","date_gmt":"2025-11-08T18:51:13","guid":{"rendered":"https:\/\/www.europesays.com\/lv\/43608\/"},"modified":"2025-11-08T18:51:13","modified_gmt":"2025-11-08T18:51:13","slug":"72-dienu-laika-svars-pieaudzis-par-gandriz-7-kilogramiem-ka-klajas-grupu-maja-nonakusajam-jaunietim","status":"publish","type":"post","link":"https:\/\/www.europesays.com\/lv\/43608\/","title":{"rendered":"72 dienu laik\u0101 svars pieaudzis par gandr\u012bz 7 kilogramiem. K\u0101 kl\u0101jas &#8220;Grupu m\u0101j\u0101&#8221; non\u0101ku\u0161ajam jaunietim?"},"content":{"rendered":"<p>P\u0101rbaudes rezult\u0101ti j\u0101iesniedz LM l\u012bdz \u0161\u012b gada 23.septembrim.<\/p>\n<p>LM veiks ar\u012b auditu, lai nov\u0113rt\u0113tu 18 gadu vecumu sasniegu\u0161u jaunie\u0161u uz\u0146em\u0161anu pieaugu\u0161o soci\u0101l\u0101s apr\u016bpes centr\u0101 un ar to saist\u012btos procesus un kvalit\u0101ti, tostarp tiks piesaist\u012bti neatkar\u012bgi eksperti. T\u0101pat, \u0146emot v\u0113r\u0101 konstat\u0113to, tik\u0161ot aktualiz\u0113tas vadl\u012bnijas gan valsts, gan pa\u0161vald\u012bbu, gan priv\u0101tpersonu dibin\u0101t\u0101m ilgsto\u0161as soci\u0101l\u0101s apr\u016bpes un soci\u0101l\u0101s rehabilit\u0101cijas instit\u016bcij\u0101m.<\/p>\n<p>Ministrija uzskata, ka sabiedr\u012bb\u0101 pla\u0161o rezonansi izrais\u012bju\u0161ais gad\u012bjums ir \u0101rk\u0101rt\u0113js un \u0161ok\u0113jo\u0161s un sabiedr\u012bbas sa\u0161utums ir saprotams.<\/p>\n<p>LM jau iepriek\u0161 ir sadarbojusies ar biedr\u012bbu &#8220;Latvijas Kust\u012bba par neatkar\u012bgu dz\u012bvi&#8221;, sl\u0113dzot sadarb\u012bbas l\u012bgumus par klientu dz\u012bves kvalit\u0101tes nov\u0113rt\u0113jumu valsts soci\u0101l\u0101s apr\u016bpes centru fili\u0101l\u0113s.<\/p>\n<p>LM apliecina gatav\u012bbu ar\u012b \u0161obr\u012bd sadarboties ar nevalstisko sektoru, kas nodro\u0161in\u0101tu neatkar\u012bgu v\u0113rt\u0113jumu par instit\u016bcij\u0101s dz\u012bvojo\u0161o klientu apr\u016bpes kvalit\u0101ti.<\/p>\n<p>K\u0101 v\u0113st\u012bts, \u0122ener\u0101lprokurat\u016br\u0101 s\u0101kta p\u0101rbaude par iesp\u0113jamiem p\u0101rk\u0101pumiem soci\u0101l\u0101s apr\u016bpes iest\u0101d\u0113, kas var\u0113tu b\u016bt ietekm\u0113ju\u0161i k\u0101da jaunie\u0161a ar smagiem att\u012bst\u012bbas trauc\u0113jumiem vesel\u012bbas st\u0101vokli, a\u0123ent\u016bru LETA inform\u0113ja prokurat\u016br\u0101.<\/p>\n<p>P\u0113c iepaz\u012b\u0161an\u0101s ar 26.august\u0101 medijos izskan\u0113ju\u0161o inform\u0101ciju \u0123ener\u0101lprokurora pien\u0101kumu izpild\u012bt\u0101js Arv\u012bds Kalni\u0146\u0161 uzskat\u012bja par nepiecie\u0161amu ierosin\u0101t p\u0101rbaudes lietu, lai izv\u0113rt\u0113tu valsts soci\u0101l\u0101s apr\u016bpes centra amatpersonu r\u012bc\u012bbu.<\/p>\n<p>Saska\u0146\u0101 ar Prokurat\u016bras likumu prokuroram ir pien\u0101kums veikt nepiecie\u0161amos pas\u0101kumus personu un valsts ties\u012bbu un likum\u012bgo intere\u0161u aizsardz\u012bbai, ja \u0123ener\u0101lprokurors atz\u012bst \u0161\u0101das p\u0101rbaudes nepiecie\u0161am\u012bbu.<\/p>\n<p>Prokurora s\u0101ktaj\u0101 p\u0101rbaud\u0113 no iest\u0101d\u0113m tiks piepras\u012bta visa nepiecie\u0161am\u0101 inform\u0101cija, lai var\u0113tu izv\u0113rt\u0113t notiku\u0161\u0101 apst\u0101k\u013cus.<\/p>\n<p>Latvijas Telev\u012bzija zi\u0146oja, ka biedr\u012bba &#8220;Latvijas Kust\u012bba par neatkar\u012bgu dz\u012bvi&#8221; c\u0113lusi trauksmi &#8211; k\u0101dam jaunietim no soci\u0101l\u0101s apr\u016bpes iest\u0101des pien\u0101kusi rinda uz grupu dz\u012bvokli, bet no iest\u0101des atvestais puisis 18 gadu vecum\u0101 sv\u0113ris 28 kilogramus.<\/p>\n<p>Biedr\u012bb\u0101 uzskata, ka jaunietis ar smagiem att\u012bst\u012bbas trauc\u0113jumiem gandr\u012bz nomiris l\u012bdzcilv\u0113ku nolaid\u012bbas d\u0113\u013c. To, ka puisis bijis nobadin\u0101ts, vi\u0146a jaunajai aizg\u0101dnei sac\u012bjusi vi\u0146a \u0123imenes \u0101rste, kura r\u016bp\u0113jusies par vi\u0146u pansion\u0101t\u0101.<\/p>\n<p>Pa\u0161\u0101 apr\u016bpes centr\u0101 badin\u0101\u0161anas fakts noliegts.<\/p>\n","protected":false},"excerpt":{"rendered":"P\u0101rbaudes rezult\u0101ti j\u0101iesniedz LM l\u012bdz \u0161\u012b gada 23.septembrim. LM veiks ar\u012b auditu, lai nov\u0113rt\u0113tu 18 gadu vecumu sasniegu\u0161u&hellip;\n","protected":false},"author":2,"featured_media":43609,"comment_status":"","ping_status":"","sticky":false,"template":"","format":"standard","meta":{"footnotes":""},"categories":[5],"tags":[23,28,29,32,33,12278,22,12277,1663,30,31,35,39,38,36,37,34,40,20,26,27,24,25,21],"class_list":{"0":"post-43608","1":"post","2":"type-post","3":"status-publish","4":"format-standard","5":"has-post-thumbnail","7":"category-aktualitates","8":"tag-aktualitates","9":"tag-breaking-news","10":"tag-breakingnews","11":"tag-featured-news","12":"tag-featurednews","13":"tag-grupu-maja-neatkarigai-dzivei","14":"tag-headlines","15":"tag-jaunietis","16":"tag-labklajibas-ministrija","17":"tag-latest-news","18":"tag-latestnews","19":"tag-latvia","20":"tag-latvian","21":"tag-latviesu","22":"tag-latviesu-valoda","23":"tag-latviesuvaloda","24":"tag-latvija","25":"tag-lv","26":"tag-news","27":"tag-popularakas-zinas","28":"tag-popularakaszinas","29":"tag-top-stories","30":"tag-topstories","31":"tag-zinas"},"share_on_mastodon":{"url":"https:\/\/pubeurope.com\/@lv\/115515587486014194","error":""},"_links":{"self":[{"href":"https:\/\/www.europesays.com\/lv\/wp-json\/wp\/v2\/posts\/43608","targetHints":{"allow":["GET"]}}],"collection":[{"href":"https:\/\/www.europesays.com\/lv\/wp-json\/wp\/v2\/posts"}],"about":[{"href":"https:\/\/www.europesays.com\/lv\/wp-json\/wp\/v2\/types\/post"}],"author":[{"embeddable":true,"href":"https:\/\/www.europesays.com\/lv\/wp-json\/wp\/v2\/users\/2"}],"replies":[{"embeddable":true,"href":"https:\/\/www.europesays.com\/lv\/wp-json\/wp\/v2\/comments?post=43608"}],"version-history":[{"count":0,"href":"https:\/\/www.europesays.com\/lv\/wp-json\/wp\/v2\/posts\/43608\/revisions"}],"wp:featuredmedia":[{"embeddable":true,"href":"https:\/\/www.europesays.com\/lv\/wp-json\/wp\/v2\/media\/43609"}],"wp:attachment":[{"href":"https:\/\/www.europesays.com\/lv\/wp-json\/wp\/v2\/media?parent=43608"}],"wp:term":[{"taxonomy":"category","embeddable":true,"href":"https:\/\/www.europesays.com\/lv\/wp-json\/wp\/v2\/categories?post=43608"},{"taxonomy":"post_tag","embeddable":true,"href":"https:\/\/www.europesays.com\/lv\/wp-json\/wp\/v2\/tags?post=43608"}],"curies":[{"name":"wp","href":"https:\/\/api.w.org\/{rel}","templated":true}]}}