{"id":43610,"date":"2025-11-08T18:53:12","date_gmt":"2025-11-08T18:53:12","guid":{"rendered":"https:\/\/www.europesays.com\/lv\/43610\/"},"modified":"2025-11-08T18:53:12","modified_gmt":"2025-11-08T18:53:12","slug":"izlasei-ir-jamacas-spelet-visas-speles-garuma","status":"publish","type":"post","link":"https:\/\/www.europesays.com\/lv\/43610\/","title":{"rendered":"Izlasei ir j\u0101m\u0101c\u0101s sp\u0113l\u0113t visas sp\u0113les garum\u0101"},"content":{"rendered":"<p>Jau zi\u0146ots, ka sestdien Latvijas hokejisti p\u0101rbaudes turn\u012bra &#8220;V\u0101cijas kauss&#8221; otraj\u0101 ma\u010d\u0101 ar 1:4 zaud\u0113ja Slov\u0101kijai.<\/p>\n<p>&#8220;J\u0101m\u0101c\u0101s sp\u0113l\u0113t visas 60 min\u016btes. Br\u012b\u017eiem bija uzplaiksn\u012bjumi, kad aizg\u0101ja t\u012bri labi. Tad atkal nevar\u0113j\u0101m tikt pie ripas. J\u0101tic saviem sp\u0113kiem, un taj\u0101 br\u012bd\u012b, kad izs\u012bkst sp\u0113ki, tad ir j\u0101r\u0101da raksturs. Latvijas izlase vienm\u0113r at\u0161\u0137iras ar to, ka m\u0113s varam par\u0101d\u012bt raksturu. Viet\u0101m tas bija, bet viet\u0101m m\u0113s to pazaud\u0113j\u0101m,&#8221; atzina V\u012btoli\u0146\u0161.<\/p>\n<p>Latvijas izlases treneris izc\u0113la, ka jau pirms ma\u010da bija zin\u0101ms, ka pretinieku l\u012bderi uzbrukumos ies \u013coti akt\u012bvi.<\/p>\n<p>&#8220;Vis\u0101s \u0161aj\u0101s komand\u0101s lab\u0101kie sp\u0113l\u0113t\u0101ji ir ar lab\u0101m statistik\u0101m, un vi\u0146i sp\u0113l\u0113s akt\u012bvu hokeju. M\u0113s ar\u012b gribam sp\u0113l\u0113t akt\u012bvu hokeju. Viss ir par to, cik tu esi p\u0101rliecin\u0101ts par sevi, cik daudz tu vari izdar\u012bt. Vis\u0101m darb\u012bb\u0101m ir j\u0101b\u016bt p\u0101rliecin\u0101t\u0101m,&#8221; vi\u0146\u0161 piebilda.<\/p>\n<p>Ceturtdien latvie\u0161i pirmaj\u0101 ma\u010d\u0101 ar rezult\u0101tu 1:4 piek\u0101p\u0101s V\u0101cijas valstsvien\u012bbai, bet Slov\u0101kija ar 6:2 uzvar\u0113ja Austriju.<\/p>\n<p>Sv\u0113tdien Latvijas izlase plkst. 12 turn\u012bru nosl\u0113gs ar c\u012b\u0146u pret Austriju.<\/p>\n","protected":false},"excerpt":{"rendered":"Jau zi\u0146ots, ka sestdien Latvijas hokejisti p\u0101rbaudes turn\u012bra &#8220;V\u0101cijas kauss&#8221; otraj\u0101 ma\u010d\u0101 ar 1:4 zaud\u0113ja Slov\u0101kijai. &#8220;J\u0101m\u0101c\u0101s sp\u0113l\u0113t&hellip;\n","protected":false},"author":2,"featured_media":43611,"comment_status":"","ping_status":"","sticky":false,"template":"","format":"standard","meta":{"footnotes":""},"categories":[17],"tags":[4242,394,35,39,38,36,37,34,9774,40,67],"class_list":{"0":"post-43610","1":"post","2":"type-post","3":"status-publish","4":"format-standard","5":"has-post-thumbnail","7":"category-sports","8":"tag-harijs-vitolins","9":"tag-hokejs","10":"tag-latvia","11":"tag-latvian","12":"tag-latviesu","13":"tag-latviesu-valoda","14":"tag-latviesuvaloda","15":"tag-latvija","16":"tag-latvijas-viriesu-hokeja-izlase","17":"tag-lv","18":"tag-sports"},"share_on_mastodon":{"url":"https:\/\/pubeurope.com\/@lv\/115515595384250328","error":""},"_links":{"self":[{"href":"https:\/\/www.europesays.com\/lv\/wp-json\/wp\/v2\/posts\/43610","targetHints":{"allow":["GET"]}}],"collection":[{"href":"https:\/\/www.europesays.com\/lv\/wp-json\/wp\/v2\/posts"}],"about":[{"href":"https:\/\/www.europesays.com\/lv\/wp-json\/wp\/v2\/types\/post"}],"author":[{"embeddable":true,"href":"https:\/\/www.europesays.com\/lv\/wp-json\/wp\/v2\/users\/2"}],"replies":[{"embeddable":true,"href":"https:\/\/www.europesays.com\/lv\/wp-json\/wp\/v2\/comments?post=43610"}],"version-history":[{"count":0,"href":"https:\/\/www.europesays.com\/lv\/wp-json\/wp\/v2\/posts\/43610\/revisions"}],"wp:featuredmedia":[{"embeddable":true,"href":"https:\/\/www.europesays.com\/lv\/wp-json\/wp\/v2\/media\/43611"}],"wp:attachment":[{"href":"https:\/\/www.europesays.com\/lv\/wp-json\/wp\/v2\/media?parent=43610"}],"wp:term":[{"taxonomy":"category","embeddable":true,"href":"https:\/\/www.europesays.com\/lv\/wp-json\/wp\/v2\/categories?post=43610"},{"taxonomy":"post_tag","embeddable":true,"href":"https:\/\/www.europesays.com\/lv\/wp-json\/wp\/v2\/tags?post=43610"}],"curies":[{"name":"wp","href":"https:\/\/api.w.org\/{rel}","templated":true}]}}