{"id":43615,"date":"2025-11-08T19:01:07","date_gmt":"2025-11-08T19:01:07","guid":{"rendered":"https:\/\/www.europesays.com\/lv\/43615\/"},"modified":"2025-11-08T19:01:07","modified_gmt":"2025-11-08T19:01:07","slug":"tramps-baltaja-nama-uznem-centralazijas-liderus-stiprinot-saites-kritisko-mineralu-un-geopolitikas-jomas-lente-lv","status":"publish","type":"post","link":"https:\/\/www.europesays.com\/lv\/43615\/","title":{"rendered":"Tramps Baltaj\u0101 nam\u0101 uz\u0146em Centr\u0101l\u0101zijas l\u012bderus, stiprinot saites kritisko miner\u0101lu un \u0123eopolitikas jom\u0101s\u00a0\u2014\u00a0Lente.lv"},"content":{"rendered":"<p>ASV prezidents un Centr\u0101l\u0101zijas l\u012bderi Baltaj\u0101 nam\u0101: Jaunas attiec\u012bbas kritisko miner\u0101lu un \u0123eopolitikas krustcel\u0113s<\/p>\n<p>Baltaj\u0101 nam\u0101 nesen noticis v\u0113sturisks notikums \u2013 Amerikas Savienoto Valstu prezidents Donalds Tramps uz\u0146\u0113mis piecu Centr\u0101l\u0101zijas valstu \u2013 Kazahst\u0101nas, Kirgizst\u0101nas, Uzbekist\u0101nas, Tad\u017eikist\u0101nas un Turkmenist\u0101nas \u2013 l\u012bderus. \u0160\u012b tik\u0161an\u0101s, kas norisin\u0101j\u0101s C5+1 diplom\u0101tisk\u0101 form\u0101ta ietvaros, iez\u012bm\u0113 noz\u012bm\u012bgu pav\u0113rsienu ASV \u0101rpolitik\u0101, piev\u0113r\u0161ot uzman\u012bbu re\u0123ionam, kur\u0101 tradicion\u0101li domin\u0113 Krievijas un \u0136\u012bnas intereses. T\u0101 ir ne tikai diplom\u0101tiska uzdr\u012bkst\u0113\u0161an\u0101s, bet ar\u012b strat\u0113\u0123isks solis, lai stiprin\u0101tu ASV poz\u012bcijas pasaules ar\u0113n\u0101.<\/p>\n<p>Strat\u0113\u0123iski m\u0113r\u0137i un saimniecisk\u0101s intereses<\/p>\n<p>Galvenais tik\u0161an\u0101s m\u0113r\u0137is bija padzi\u013cin\u0101t sadarb\u012bbu gan ekonomiskaj\u0101, gan dro\u0161\u012bbas jom\u0101. Centr\u0101l\u0101zija ir ne tikai bag\u0101ta ar dabas resursiem, piem\u0113ram, ur\u0101nu, retzemju elementiem, zeltu un naftu, bet ar\u012b ir strat\u0113\u0123iski svar\u012bga tranz\u012bta un ener\u0123\u0113tikas koridoru krustceles. ASV prezidents Donalds Tramps uzsv\u0113ris nepiecie\u0161am\u012bbu diversific\u0113t kritisko miner\u0101lu pieg\u0101des \u0137\u0113des, samazinot atkar\u012bbu no \u0136\u012bnas, kas pa\u0161laik domin\u0113 \u0161aj\u0101 tirg\u016b. \u0160is solis ir da\u013ca no pla\u0161\u0101kas strat\u0113\u0123ijas, lai stiprin\u0101tu Amerikas ekonomisko dro\u0161\u012bbu un mazin\u0101tu citu lielvaru, \u012bpa\u0161i \u0136\u012bnas un Krievijas, ietekmi \u0161aj\u0101 dinamiskaj\u0101 re\u0123ion\u0101. K\u0101 liecina zi\u0146as, Uzbekist\u0101na un ASV ir nosl\u0113gu\u0161as noz\u012bm\u012bgu tirdzniec\u012bbas vieno\u0161anos, kas paredz iev\u0113rojamus ieguld\u012bjumus ASV ekonomik\u0101.<\/p>\n<p>Jauna \u0113ra attiec\u012bb\u0101s un diplom\u0101tiskie pan\u0101kumi<\/p>\n<p>Prezidents Tramps, uzrun\u0101jot san\u0101ku\u0161os, nor\u0101d\u012bjis, ka iepriek\u0161\u0113jie ASV prezidenti ir nepietiekami nov\u0113rt\u0113ju\u0161i Centr\u0101l\u0101zijas noz\u012bmi, piln\u012bb\u0101 ignor\u0113jot \u0161o svar\u012bgo re\u0123ionu. Vi\u0146\u0161 paudis p\u0101rliec\u012bbu, ka \u0161\u012b tik\u0161an\u0101s ievada jaunu laikmetu ASV un Centr\u0101l\u0101zijas valstu attiec\u012bb\u0101s. \u012apa\u0161i noz\u012bm\u012bgs ir Kazahst\u0101nas l\u0113mums pievienoties \u0100brahama nol\u012bgumiem, kas normaliz\u0113 attiec\u012bbas starp Izra\u0113lu un musulma\u0146u valst\u012bm. Kazahst\u0101nas p\u0101rst\u0101vji \u0161o soli raksturoju\u0161i k\u0101 lo\u0123isku turpin\u0101jumu valsts \u0101rpolitiskajam kursam, kas v\u0113rsts uz dialogu, savstarp\u0113ju cie\u0146u un re\u0123ion\u0101lo stabilit\u0101ti. \u0160\u0101das diplom\u0101tisk\u0101s iniciat\u012bvas liecina par re\u0123iona valstu gatav\u012bbu veidot cie\u0161\u0101kas saiknes ar ASV, vienlaikus l\u012bdzsvarojot attiec\u012bbas ar cit\u0101m pasaules lielvar\u0101m.<\/p>\n<p>Kritiskie miner\u0101li un pasaules pieg\u0101des \u0137\u0113des<\/p>\n<p>Viena no galvenaj\u0101m sarunu t\u0113m\u0101m bija kritisko miner\u0101lu pieg\u0101des nodro\u0161in\u0101\u0161ana. \u0160ie retzemju elementi ir nepiecie\u0161ami augsto tehnolo\u0123iju ier\u012b\u010du, piem\u0113ram, viedt\u0101lru\u0146u, elektrisko transportl\u012bdzek\u013cu un modernas milit\u0101r\u0101s tehnikas ra\u017eo\u0161an\u0101. ASV cen\u0161as diversific\u0113t savas pieg\u0101des \u0137\u0113des un mazin\u0101t atkar\u012bbu no vienas valsts, \u012bpa\u0161i \u0146emot v\u0113r\u0101 pa\u0161reiz\u0113jo \u0123eopolitisko situ\u0101ciju. Centr\u0101l\u0101zija, b\u016bdama bag\u0101ta ar \u0161iem v\u0113rt\u012bgajiem resursiem, k\u013c\u016bst par arvien svar\u012bg\u0101ku partneri ASV. \u0160\u012bs sadarb\u012bbas stiprin\u0101\u0161ana ir strat\u0113\u0123iski svar\u012bga, lai nodro\u0161in\u0101tu Amerikas ekonomisko un nacion\u0101lo dro\u0161\u012bbu n\u0101kotn\u0113.<\/p>\n<p>Re\u0123ion\u0101l\u0101 dinamika un n\u0101kotnes perspekt\u012bvas<\/p>\n<p>Samita laik\u0101 tika uzsv\u0113rts, ka Centr\u0101l\u0101zija ir bag\u0101ts un potenci\u0101lu pilns re\u0123ions, kas agr\u0101k tika nolaists nov\u0101rt\u0101. \u0160\u012b tik\u0161an\u0101s ir da\u013ca no ASV centieniem stiprin\u0101t savu kl\u0101tb\u016btni un ietekmi Vidus\u0101zij\u0101, re\u0123ion\u0101, kas atrodas starp Krieviju un \u0136\u012bnu, un kam ir noz\u012bm\u012bga \u0123eopolitisk\u0101 un ekonomisk\u0101 potenci\u0101la. Lai gan \u0161is samits ir noz\u012bm\u012bgs solis, \u012bstie izaicin\u0101jumi sl\u0113pjas \u0161o ieceru \u012bsteno\u0161an\u0101. Re\u0123iona valstis turpin\u0101s mekl\u0113t l\u012bdzsvaru starp lielvar\u0101m, cen\u0161oties maksim\u0101li izmantot savu strat\u0113\u0123isko atra\u0161an\u0101s vietu. Tom\u0113r infrastrukt\u016bras tr\u016bkumi, \u016bdens resursu apsaimnieko\u0161ana un politisk\u0101 stabilit\u0101te joproj\u0101m ir faktori, kas var kav\u0113t \u0101tru att\u012bst\u012bbu. Neskatoties uz to, ASV politikas veidot\u0101ji ir optimistiski par turpm\u0101ko sadarb\u012bbu, redzot jaunas iesp\u0113jas un potenci\u0101lu.<\/p>\n","protected":false},"excerpt":{"rendered":"ASV prezidents un Centr\u0101l\u0101zijas l\u012bderi Baltaj\u0101 nam\u0101: Jaunas attiec\u012bbas kritisko miner\u0101lu un \u0123eopolitikas krustcel\u0113s Baltaj\u0101 nam\u0101 nesen noticis&hellip;\n","protected":false},"author":2,"featured_media":43616,"comment_status":"","ping_status":"","sticky":false,"template":"","format":"standard","meta":{"footnotes":""},"categories":[14],"tags":[23,57,292,12280,28,29,12279,542,32,33,22,12281,30,31,35,39,38,36,37,34,40,20,26,27,24,25,54,55,56,21,58],"class_list":{"0":"post-43615","1":"post","2":"type-post","3":"status-publish","4":"format-standard","5":"has-post-thumbnail","7":"category-zinas-no-arvalstim","8":"tag-aktualitates","9":"tag-arvalstim","10":"tag-asv","11":"tag-baltajam-namam","12":"tag-breaking-news","13":"tag-breakingnews","14":"tag-centralazija","15":"tag-donalds-tramps","16":"tag-featured-news","17":"tag-featurednews","18":"tag-headlines","19":"tag-kritiskiem-mineraliem","20":"tag-latest-news","21":"tag-latestnews","22":"tag-latvia","23":"tag-latvian","24":"tag-latviesu","25":"tag-latviesu-valoda","26":"tag-latviesuvaloda","27":"tag-latvija","28":"tag-lv","29":"tag-news","30":"tag-popularakas-zinas","31":"tag-popularakaszinas","32":"tag-top-stories","33":"tag-topstories","34":"tag-world","35":"tag-world-news","36":"tag-worldnews","37":"tag-zinas","38":"tag-zinas-no-arvalstim"},"share_on_mastodon":{"url":"","error":"Validation failed: Text character limit of 500 exceeded"},"_links":{"self":[{"href":"https:\/\/www.europesays.com\/lv\/wp-json\/wp\/v2\/posts\/43615","targetHints":{"allow":["GET"]}}],"collection":[{"href":"https:\/\/www.europesays.com\/lv\/wp-json\/wp\/v2\/posts"}],"about":[{"href":"https:\/\/www.europesays.com\/lv\/wp-json\/wp\/v2\/types\/post"}],"author":[{"embeddable":true,"href":"https:\/\/www.europesays.com\/lv\/wp-json\/wp\/v2\/users\/2"}],"replies":[{"embeddable":true,"href":"https:\/\/www.europesays.com\/lv\/wp-json\/wp\/v2\/comments?post=43615"}],"version-history":[{"count":0,"href":"https:\/\/www.europesays.com\/lv\/wp-json\/wp\/v2\/posts\/43615\/revisions"}],"wp:featuredmedia":[{"embeddable":true,"href":"https:\/\/www.europesays.com\/lv\/wp-json\/wp\/v2\/media\/43616"}],"wp:attachment":[{"href":"https:\/\/www.europesays.com\/lv\/wp-json\/wp\/v2\/media?parent=43615"}],"wp:term":[{"taxonomy":"category","embeddable":true,"href":"https:\/\/www.europesays.com\/lv\/wp-json\/wp\/v2\/categories?post=43615"},{"taxonomy":"post_tag","embeddable":true,"href":"https:\/\/www.europesays.com\/lv\/wp-json\/wp\/v2\/tags?post=43615"}],"curies":[{"name":"wp","href":"https:\/\/api.w.org\/{rel}","templated":true}]}}