{"id":43623,"date":"2025-11-08T19:16:07","date_gmt":"2025-11-08T19:16:07","guid":{"rendered":"https:\/\/www.europesays.com\/lv\/43623\/"},"modified":"2025-11-08T19:16:07","modified_gmt":"2025-11-08T19:16:07","slug":"r-a-p-pirms-koncerttures-parsteidz-ar-eksperimentalu-singlu-cirks-lente-lv","status":"publish","type":"post","link":"https:\/\/www.europesays.com\/lv\/43623\/","title":{"rendered":"\u201cR.A.P.\u201d pirms koncertt\u016bres p\u0101rsteidz ar eksperiment\u0101lu singlu \u201cCirks\u201d\u00a0\u2014\u00a0Lente.lv"},"content":{"rendered":"<p>Jaunais singls \u201cCirks\u201d pirms \u201cR.A.P.\u201d rudens koncertt\u016bres<\/p>\n<p>Latvie\u0161u alternat\u012bv\u0101 roka grupa \u201cR.A.P.\u201d, kas p\u0113rn p\u0113c ilg\u0101s, septi\u0146padsmit gadu pauzes, atgriez\u0101s uz skatuves, ir izdevusi savu jaun\u0101ko, eksperiment\u0101lo ska\u0146darbu \u201cCirks\u201d. \u0160is ir jau tre\u0161ais singls kop\u0161 grupas apvieno\u0161an\u0101s, un tas tiek prezent\u0113ts tie\u0161i pirms gaid\u0101m\u0101s \u201cNovembra t\u016bres\u201d, radot papildu saj\u016bsmu fanu vid\u016b.<\/p>\n<p>Eksperiment\u0101ls skan\u0113jums un rado\u0161\u0101 brieduma atspulgs<\/p>\n<p>Grupa \u201cR.A.P.\u201d savu jauno dziesmu raksturo k\u0101 vienu no visliel\u0101kajiem muzik\u0101lajiem eksperimentiem sav\u0101 v\u0113stur\u0113, izmantojot l\u012bdz \u0161im neierastus izteiksmes veidus. Vok\u0101lists Artis Dvarionas atkl\u0101j, ka rado\u0161ais process bijis aizraujo\u0161s un grupa ir p\u0101rsteigusi pat pati sevi, cerot, ka ar\u012b klaus\u012bt\u0101ji tiks pat\u012bkami izbr\u012bn\u012bti. \u0160is eksperiment\u0101lais piesk\u0101riens neap\u0161aub\u0101mi demonstr\u0113 grupas nobriedu\u0161o m\u0101ksliniecisko redz\u0113jumu un gatav\u012bbu izaicin\u0101t ierastos \u017eanru r\u0101mjus, radot unik\u0101lu klaus\u012b\u0161an\u0101s pieredzi.<\/p>\n<p>\u201cNovembra t\u016bre\u201d uz\u0146em apgriezienus<\/p>\n<p>L\u012bdz ar jaun\u0101 singla izn\u0101k\u0161anu, \u201cR.A.P.\u201d intens\u012bvi gatavojas gaid\u0101majai koncertt\u016brei, kas paredz\u0113ta \u010detr\u0101s Latvijas pils\u0113t\u0101s. T\u016bre s\u0101ksies \u0161\u012b gada 8. novembr\u012b Jelgav\u0101, turpin\u0101sies 14. novembr\u012b C\u0113s\u012bs, 15. novembr\u012b Liep\u0101j\u0101 un nosl\u0113gsies 22. novembr\u012b R\u012bg\u0101. Koncertos grupas atska\u0146os gan savus lab\u0101kos hitus no iepriek\u0161\u0113jiem albumiem, tostarp \u201cDz\u012bve bez apst\u0101jas\u201d, kas tapusi kop\u0101 ar Igo, gan ar\u012b jaunus ska\u0146darbus. Nosl\u0113guma koncert\u0101 R\u012bg\u0101 k\u0101 \u012bpa\u0161ie viesi uzst\u0101sies grupa \u201cIndygo\u201d.<\/p>\n","protected":false},"excerpt":{"rendered":"Jaunais singls \u201cCirks\u201d pirms \u201cR.A.P.\u201d rudens koncertt\u016bres Latvie\u0161u alternat\u012bv\u0101 roka grupa \u201cR.A.P.\u201d, kas p\u0113rn p\u0113c ilg\u0101s, septi\u0146padsmit gadu&hellip;\n","protected":false},"author":2,"featured_media":43624,"comment_status":"","ping_status":"","sticky":false,"template":"","format":"standard","meta":{"footnotes":""},"categories":[19],"tags":[12282,89,90,440,1316,35,39,38,303,36,37,34,40,2014],"class_list":{"0":"post-43623","1":"post","2":"type-post","3":"status-publish","4":"format-standard","5":"has-post-thumbnail","7":"category-izklaide","8":"tag-cirks","9":"tag-entertainment","10":"tag-izklaide","11":"tag-jauns-singls","12":"tag-koncertture","13":"tag-latvia","14":"tag-latvian","15":"tag-latviesu","16":"tag-latviesu-roks","17":"tag-latviesu-valoda","18":"tag-latviesuvaloda","19":"tag-latvija","20":"tag-lv","21":"tag-r-a-p"},"share_on_mastodon":{"url":"https:\/\/pubeurope.com\/@lv\/115515685898011867","error":""},"_links":{"self":[{"href":"https:\/\/www.europesays.com\/lv\/wp-json\/wp\/v2\/posts\/43623","targetHints":{"allow":["GET"]}}],"collection":[{"href":"https:\/\/www.europesays.com\/lv\/wp-json\/wp\/v2\/posts"}],"about":[{"href":"https:\/\/www.europesays.com\/lv\/wp-json\/wp\/v2\/types\/post"}],"author":[{"embeddable":true,"href":"https:\/\/www.europesays.com\/lv\/wp-json\/wp\/v2\/users\/2"}],"replies":[{"embeddable":true,"href":"https:\/\/www.europesays.com\/lv\/wp-json\/wp\/v2\/comments?post=43623"}],"version-history":[{"count":0,"href":"https:\/\/www.europesays.com\/lv\/wp-json\/wp\/v2\/posts\/43623\/revisions"}],"wp:featuredmedia":[{"embeddable":true,"href":"https:\/\/www.europesays.com\/lv\/wp-json\/wp\/v2\/media\/43624"}],"wp:attachment":[{"href":"https:\/\/www.europesays.com\/lv\/wp-json\/wp\/v2\/media?parent=43623"}],"wp:term":[{"taxonomy":"category","embeddable":true,"href":"https:\/\/www.europesays.com\/lv\/wp-json\/wp\/v2\/categories?post=43623"},{"taxonomy":"post_tag","embeddable":true,"href":"https:\/\/www.europesays.com\/lv\/wp-json\/wp\/v2\/tags?post=43623"}],"curies":[{"name":"wp","href":"https:\/\/api.w.org\/{rel}","templated":true}]}}