{"id":43657,"date":"2025-11-08T19:56:13","date_gmt":"2025-11-08T19:56:13","guid":{"rendered":"https:\/\/www.europesays.com\/lv\/43657\/"},"modified":"2025-11-08T19:56:13","modified_gmt":"2025-11-08T19:56:13","slug":"artuss-kaimins-zaudejis-tiesa-bus-jaatmaksa-24-tukstosi-eiro","status":"publish","type":"post","link":"https:\/\/www.europesays.com\/lv\/43657\/","title":{"rendered":"Artuss Kaimi\u0146\u0161 zaud\u0113jis ties\u0101 &#8211; b\u016bs j\u0101atmaks\u0101 24 t\u016bksto\u0161i eiro"},"content":{"rendered":"<p>Sp\u0113k\u0101 st\u0101jies Vidzemes apgabaltiesas spriedums, ar kuru apmierin\u0101ta apdro\u0161in\u0101\u0161anas uz\u0146\u0113muma &#8220;Balta&#8221; pras\u012bba pret biju\u0161o Saeimas deput\u0101tu Artusu Kaimi\u0146u par 24 148 eiro piedzi\u0146u sakar\u0101 par ugunsgr\u0113ka rad\u012btajiem zaud\u0113jumiem, a\u0123ent\u016bra LETA noskaidroja ties\u0101.<\/p>\n<p>Iepriek\u0161 R\u012bgas rajona tiesa apdro\u0161in\u0101\u0161anas komp\u0101nijas pras\u012bbu apmierin\u0101ja, bet Kaimi\u0146\u0161 par spriedumu iesniedza apel\u0101cijas s\u016bdz\u012bbu.<\/p>\n<p>Seko l\u012bdzi port\u0101la 1188.lv jaunumiem ar\u012b &#8220;Whatsapp&#8221; kan\u0101l\u0101 <a target=\"_blank\" href=\"https:\/\/whatsapp.com\/channel\/0029Vb6zcYhIiRp25N9ArG3o\" rel=\"nofollow noopener\">\u0160EIT<\/a><\/p>\n<p>A\u0123ent\u016bras LETA r\u012bc\u012bb\u0101 eso\u0161\u0101 inform\u0101cija liecina, ka tiesved\u012bba saist\u012bta ar ugunsgr\u0113ku dz\u012bvokl\u012b, kur\u0101 savulaik mitin\u0101j\u0101s Kaimi\u0146\u0161. Ugunsgr\u0113ks notika 2019. gada nogal\u0113 un taj\u0101 apdegumus guva ar\u012b pats Kaimi\u0146\u0161.<\/p>\n<p>2019. gada beig\u0101s dz\u012bvokl\u012b, kuru \u012br\u0113ja Kaimi\u0146\u0161, bija izc\u0113lies ugunsgr\u0113ks, kur\u0101 secin\u0101ts, ka ugunsgr\u0113ka izcel\u0161an\u0101s iemesls bija dego\u0161as cigaretes, svece vai cita mazjaud\u012bga siltuma impulsa iedarb\u012bba uz gultas materi\u0101liem gu\u013camistab\u0101.<\/p>\n<p>Kaimi\u0146\u0161 toreiz presei st\u0101st\u012bja, ka \u012br\u0113t\u0101 dz\u012bvok\u013ca gu\u013camistab\u0101 no lampi\u0146\u0101m aizdedzies putu matracis. Cen\u0161oties to izmest pa logu, deput\u0101ts guvis roku apdegumus, bet sp\u0113jis evaku\u0113ties no dz\u012bvok\u013ca. Valsts ugunsdz\u0113s\u012bbas un gl\u0101b\u0161anas dienest\u0101 toreiz a\u0123ent\u016bru LETA inform\u0113ja, ka kop\u0113j\u0101 deg\u0161anas plat\u012bba bija 40 kvadr\u0101tmetri.<\/p>\n<p>Starp dz\u012bvok\u013ca \u012bpa\u0161nieku un Kaimi\u0146u nosl\u0113gtaj\u0101 \u012bres l\u012bgum\u0101 bijis teikts, ka \u012brnieks ir gatavs atl\u012bdzin\u0101t zaud\u0113jumus, kuri radu\u0161ies \u012brnieka darb\u012bbas vai bezdarb\u012bbas d\u0113\u013c.<\/p>\n<p>Apdro\u0161in\u0101t\u0101js dz\u012bvok\u013ca \u012bpa\u0161niekam izmaks\u0101ja kompens\u0101ciju 22 785 eiro apm\u0113r\u0101, un tagad uz\u0146\u0113mums no Kaimi\u0146a v\u0113las piedz\u012bt radu\u0161os zaud\u0113jumus.<\/p>\n<p><img decoding=\"async\" src=\"https:\/\/www.europesays.com\/lv\/wp-content\/uploads\/2025\/11\/ae84ec5d42e4992696e4bafe20580e95.png\" title=\"Artuss Kaimi\u0146\u0161. Foto: Zane Bitere\/LETA\" alt=\"Artuss Kaimi\u0146\u0161. Foto: Zane Bitere\/LETA\"\/><\/p>\n<p class=\"article-img-desc\">Artuss Kaimi\u0146\u0161. Foto: Zane Bitere\/LETA<\/p>\n","protected":false},"excerpt":{"rendered":"Sp\u0113k\u0101 st\u0101jies Vidzemes apgabaltiesas spriedums, ar kuru apmierin\u0101ta apdro\u0161in\u0101\u0161anas uz\u0146\u0113muma &#8220;Balta&#8221; pras\u012bba pret biju\u0161o Saeimas deput\u0101tu Artusu Kaimi\u0146u&hellip;\n","protected":false},"author":2,"featured_media":43658,"comment_status":"","ping_status":"","sticky":false,"template":"","format":"standard","meta":{"footnotes":""},"categories":[12],"tags":[129,363,12287,23,28,29,32,33,22,30,31,35,39,38,36,37,34,40,20,26,27,12288,364,12289,365,24,25,21],"class_list":{"0":"post-43657","1":"post","2":"type-post","3":"status-publish","4":"format-standard","5":"has-post-thumbnail","7":"category-latvija","8":"tag-__typenameadvicekeyword","9":"tag-id1351","10":"tag-id765","11":"tag-aktualitates","12":"tag-breaking-news","13":"tag-breakingnews","14":"tag-featured-news","15":"tag-featurednews","16":"tag-headlines","17":"tag-latest-news","18":"tag-latestnews","19":"tag-latvia","20":"tag-latvian","21":"tag-latviesu","22":"tag-latviesu-valoda","23":"tag-latviesuvaloda","24":"tag-latvija","25":"tag-lv","26":"tag-news","27":"tag-popularakas-zinas","28":"tag-popularakaszinas","29":"tag-slugartuss-kaimins","30":"tag-slugtiesa","31":"tag-titleartuss-kaimins","32":"tag-titletiesa","33":"tag-top-stories","34":"tag-topstories","35":"tag-zinas"},"share_on_mastodon":{"url":"https:\/\/pubeurope.com\/@lv\/115515843172767626","error":""},"_links":{"self":[{"href":"https:\/\/www.europesays.com\/lv\/wp-json\/wp\/v2\/posts\/43657","targetHints":{"allow":["GET"]}}],"collection":[{"href":"https:\/\/www.europesays.com\/lv\/wp-json\/wp\/v2\/posts"}],"about":[{"href":"https:\/\/www.europesays.com\/lv\/wp-json\/wp\/v2\/types\/post"}],"author":[{"embeddable":true,"href":"https:\/\/www.europesays.com\/lv\/wp-json\/wp\/v2\/users\/2"}],"replies":[{"embeddable":true,"href":"https:\/\/www.europesays.com\/lv\/wp-json\/wp\/v2\/comments?post=43657"}],"version-history":[{"count":0,"href":"https:\/\/www.europesays.com\/lv\/wp-json\/wp\/v2\/posts\/43657\/revisions"}],"wp:featuredmedia":[{"embeddable":true,"href":"https:\/\/www.europesays.com\/lv\/wp-json\/wp\/v2\/media\/43658"}],"wp:attachment":[{"href":"https:\/\/www.europesays.com\/lv\/wp-json\/wp\/v2\/media?parent=43657"}],"wp:term":[{"taxonomy":"category","embeddable":true,"href":"https:\/\/www.europesays.com\/lv\/wp-json\/wp\/v2\/categories?post=43657"},{"taxonomy":"post_tag","embeddable":true,"href":"https:\/\/www.europesays.com\/lv\/wp-json\/wp\/v2\/tags?post=43657"}],"curies":[{"name":"wp","href":"https:\/\/api.w.org\/{rel}","templated":true}]}}