{"id":43688,"date":"2025-11-08T21:11:04","date_gmt":"2025-11-08T21:11:04","guid":{"rendered":"https:\/\/www.europesays.com\/lv\/43688\/"},"modified":"2025-11-08T21:11:04","modified_gmt":"2025-11-08T21:11:04","slug":"abola-parstavetajai-flyers-zaudejums-nhl-spele-tvnet-sports","status":"publish","type":"post","link":"https:\/\/www.europesays.com\/lv\/43688\/","title":{"rendered":"\u0100bola p\u0101rst\u0101v\u0113tajai &quot;Flyers&quot; zaud\u0113jums NHL sp\u0113l\u0113 &#8211; TVNET Sports"},"content":{"rendered":"<ol>\n<li><a href=\"https:\/\/news.google.com\/rss\/articles\/CBMihAFBVV95cUxPT0k3MHF6TzlrUnpwVUE3QjhZRTdKdkdHY2lnREdiN1hqV1QzeXBUaTl6NXdXcG9TV3VlYlRJUl84NVFxSkxJTmVyalJ5Rl9DVHhLajFZeDE3dTZKZjQ0MC15RGEyQXRldkhMeENwYm54X1d6YjdXMldCYzFUSHhSZ3lBNVU?oc=5\" target=\"_blank\" rel=\"nofollow noopener\">\u0100bola p\u0101rst\u0101v\u0113tajai &#8220;Flyers&#8221; zaud\u0113jums NHL sp\u0113l\u0113<\/a>&nbsp;&nbsp;TVNET Sports<\/li>\n<li><a href=\"https:\/\/news.google.com\/rss\/articles\/CBMijwFBVV95cUxNeEdxOVF3dnYwR2IwaWJMYWZGaUN6Y2lXdnhCWGtVWUU0OE16bzBjRU5IUkdjUVJ4MWg5WEFsc1kycEN0VmNzeG1YWWR6dFBtZUJyRm91MjFRWFNLUzYzeEdNRzZOMFY5YzZHa3RKOGVULVhhUG8xREc2TXVxME5qQm9zUzNjLXFESm44aUlTZw?oc=5\" target=\"_blank\" rel=\"nofollow noopener\">\u0100bolam probl\u0113mas iemetienos un zaud\u0113jums pagarin\u0101jum\u0101 \u2013 Hokejs<\/a>&nbsp;&nbsp;Sportacentrs.com<\/li>\n<li><a href=\"https:\/\/news.google.com\/rss\/articles\/CBMipwFBVV95cUxNSG0xSDFxQkJSZHZvUXI0dXRDQlcyMzlqdC1pMEV0bU9ONGVUOEZQRmRCYnRCazhEYm1ZaThnNDBQWmVjeFY0ZDZEMWdVcHJMeHk5dW5mcWFsUFpKQWN2MTVSdVZLdEdtVDNQSW9QbkFKUndQX0RuRGFkVW9venNxZzBMdnJVanpnNVJLeDdUNmFMaWRiS2FxbGU5N0FrNFRtVmxnTE9sVQ?oc=5\" target=\"_blank\" rel=\"nofollow noopener\">\u0100bols nesl\u0113pj vil\u0161anos par atcelto v\u0101rtu guvumu un nedaudz &#8220;iedze\u013c&#8221; tiesnesim<\/a>&nbsp;&nbsp;Sportazinas.com<\/li>\n<li><a href=\"https:\/\/news.google.com\/rss\/articles\/CBMitgFBVV95cUxNUGdFaEJ0ZE9TYjk1bEUxVVpnX0ctVG5MWExxWnV6MllwTklKWktISHNVMncwY0ZTOV84U2xTbnljN28weFhvX0k4QXZUS2JQQkRIWUtrQnFhY0FpQXo5cEhOdlZfaVJQb3AxVVBNTk1KbUdnTW5QRHg4V0FvZmhISUNQX1NLanZ1X1Rtbm91YmNtUlBkTXNPT2ppUktEQ2FWb3ZtNU9DVnJKal9meENJMEdTNnRuUQ?oc=5\" target=\"_blank\" rel=\"nofollow noopener\">VIDEO: Tanevs p\u0113c sadursmes ar \u0100bola komandas biedru no laukuma tiek novests uz nestuv\u0113m<\/a>&nbsp;&nbsp;tv3.lv<\/li>\n<li><a href=\"https:\/\/news.google.com\/rss\/articles\/CBMivwFBVV95cUxOOW1RYjNtUF84NWtZa0VDYVdFTGtKdmNkNlJaQ2tvcHRBZlYwbV85M0FxSEFXVWE0Z3ZnU3djTTRHWFNldmNNeW1kRzBQLXd5czJsbngyX0l3TnFZUkZZRUlNTWZJNUdENFVBQ2ZYb0FpNWQ3TnhqV2Y2S3FUZTJaczhsY05EVXBaSFNSbUJzRkxYMTBndDlLUWVURTZNUnZDUTViSUVWWERlTHozRGhqNEZkS2xSMUp5S25PY213NA?oc=5\" target=\"_blank\" rel=\"nofollow noopener\">Aizsargs Tanevs izrakst\u012bts no slimn\u012bcas, atgrie\u017eas Toronto p\u0113c sp\u0113les pret &#8220;Flyers&#8221;<\/a>&nbsp;&nbsp;Lente.lv<\/li>\n<\/ol>\n","protected":false},"excerpt":{"rendered":"\u0100bola p\u0101rst\u0101v\u0113tajai &#8220;Flyers&#8221; zaud\u0113jums NHL sp\u0113l\u0113&nbsp;&nbsp;TVNET Sports \u0100bolam probl\u0113mas iemetienos un zaud\u0113jums pagarin\u0101jum\u0101 \u2013 Hokejs&nbsp;&nbsp;Sportacentrs.com \u0100bols nesl\u0113pj vil\u0161anos&hellip;\n","protected":false},"author":2,"featured_media":29736,"comment_status":"","ping_status":"","sticky":false,"template":"","format":"standard","meta":{"footnotes":""},"categories":[17],"tags":[394,35,39,38,36,37,34,40,835,837,67],"class_list":{"0":"post-43688","1":"post","2":"type-post","3":"status-publish","4":"format-standard","5":"has-post-thumbnail","7":"category-sports","8":"tag-hokejs","9":"tag-latvia","10":"tag-latvian","11":"tag-latviesu","12":"tag-latviesu-valoda","13":"tag-latviesuvaloda","14":"tag-latvija","15":"tag-lv","16":"tag-nhl","17":"tag-rodrigo-abols","18":"tag-sports"},"share_on_mastodon":{"url":"https:\/\/pubeurope.com\/@lv\/115516137979287000","error":""},"_links":{"self":[{"href":"https:\/\/www.europesays.com\/lv\/wp-json\/wp\/v2\/posts\/43688","targetHints":{"allow":["GET"]}}],"collection":[{"href":"https:\/\/www.europesays.com\/lv\/wp-json\/wp\/v2\/posts"}],"about":[{"href":"https:\/\/www.europesays.com\/lv\/wp-json\/wp\/v2\/types\/post"}],"author":[{"embeddable":true,"href":"https:\/\/www.europesays.com\/lv\/wp-json\/wp\/v2\/users\/2"}],"replies":[{"embeddable":true,"href":"https:\/\/www.europesays.com\/lv\/wp-json\/wp\/v2\/comments?post=43688"}],"version-history":[{"count":0,"href":"https:\/\/www.europesays.com\/lv\/wp-json\/wp\/v2\/posts\/43688\/revisions"}],"wp:featuredmedia":[{"embeddable":true,"href":"https:\/\/www.europesays.com\/lv\/wp-json\/wp\/v2\/media\/29736"}],"wp:attachment":[{"href":"https:\/\/www.europesays.com\/lv\/wp-json\/wp\/v2\/media?parent=43688"}],"wp:term":[{"taxonomy":"category","embeddable":true,"href":"https:\/\/www.europesays.com\/lv\/wp-json\/wp\/v2\/categories?post=43688"},{"taxonomy":"post_tag","embeddable":true,"href":"https:\/\/www.europesays.com\/lv\/wp-json\/wp\/v2\/tags?post=43688"}],"curies":[{"name":"wp","href":"https:\/\/api.w.org\/{rel}","templated":true}]}}