{"id":43701,"date":"2025-11-08T21:39:09","date_gmt":"2025-11-08T21:39:09","guid":{"rendered":"https:\/\/www.europesays.com\/lv\/43701\/"},"modified":"2025-11-08T21:39:09","modified_gmt":"2025-11-08T21:39:09","slug":"baltijas-kausa-superslaloma-uzvaru-lauri-piecu-valstu-parstavjiem-lietuva-lente-lv","status":"publish","type":"post","link":"https:\/\/www.europesays.com\/lv\/43701\/","title":{"rendered":"Baltijas kaus\u0101 superslalom\u0101 uzvaru lauri piecu valstu p\u0101rst\u0101vjiem Lietuv\u0101\u00a0\u2014\u00a0Lente.lv"},"content":{"rendered":"<p>Baltijas kausa posm\u0101 superslalom\u0101 triumf\u0113 piecu valstu p\u0101rst\u0101vji<\/p>\n<p>Lietuv\u0101 norisin\u0101jies Baltijas kausa pirmais posms kalnu sl\u0113po\u0161an\u0101, kur\u0101 superslaloma discipl\u012bn\u0101 jaunie\u0161u un Master grup\u0101s uzvaras izc\u012bn\u012bju\u0161i sportisti no Latvijas, Lietuvas, Igaunijas, Slov\u0101kijas un It\u0101lijas. Sacens\u012bbas, ko r\u012bko Latvijas Sl\u0113po\u0161anas feder\u0101cija (LSF) sadarb\u012bb\u0101 ar Lietuvas un Igaunijas sl\u0113po\u0161anas asoci\u0101cij\u0101m, pulc\u0113ja ap 140 dal\u012bbnieku no septi\u0146\u0101m valst\u012bm.<\/p>\n<p>Spraigas c\u012b\u0146as un jauni talanti<\/p>\n<p>U16 grup\u0101 it\u0101lis Andrea Villarad\u017eia atk\u0101rtoja savu p\u0113rn\u0101 gada pan\u0101kumu, p\u0101rliecino\u0161i uzvarot. No Latvijas sportistiem visveiksm\u012bg\u0101kais bija Kristi\u0101ns Indriksons, izc\u012bnot otro vietu. Meite\u0146u U16 grup\u0101 uzvaru guva Em\u012blija Kliesta, aiz sevis atst\u0101jot tautieti Nikol\u0101 Gr\u012bnbergu un Danielu Annu Liv\u010d\u0101ni.<\/p>\n<p>U14 z\u0113nu grup\u0101 Hugo Jurevskis demonstr\u0113ja lielisku sniegumu, atriebjoties par pag\u0101ju\u0161\u0101 gada neveiksmi un p\u0101rliecino\u0161i uzvarot, kam\u0113r goda pjedest\u0101lu nosl\u0113dza it\u0101lis Mateo Bellini. Savuk\u0101rt meite\u0146u U14 grup\u0101 uzvaru izc\u012bn\u012bja slov\u0101kiete \u010cantala Smo\u013cenakova, bet tre\u0161aj\u0101 viet\u0101 ierindoj\u0101s Marta Semberga. U12 grup\u0101 uzvaras laurus pl\u016bca igaunis Matiass Lauks, aiz sevis atst\u0101jot Oliveru And\u017e\u0101nu. \u0160\u012bs sacens\u012bbas ne tikai demonstr\u0113ja talant\u012bgu jaunie\u0161u sniegumu, bet ar\u012b apliecin\u0101ja Baltijas kausa noz\u012bmi starptautisk\u0101s sporta aprind\u0101s.<\/p>\n<p>Latvijas Sl\u0113po\u0161anas feder\u0101cijas noz\u012bme un n\u0101kotnes perspekt\u012bvas<\/p>\n<p>LSF prezidents Din\u0101rs Dor\u0161s uzsver, ka Baltijas kausa sacens\u012bbu m\u0113r\u0137is ir vienot re\u0123iona sl\u0113pot\u0101jus un veicin\u0101t vi\u0146u sportisko izaugsmi. Feder\u0101cijas sadarb\u012bba ar cit\u0101m valst\u012bm un pieredzes g\u016b\u0161ana starptautisk\u0101s sacens\u012bb\u0101s ir nenov\u0113rt\u0113jama, paverot ce\u013cu uz augst\u0101kiem rezult\u0101tiem gan Baltijas, gan Pasaules l\u012bmen\u012b. \u0160\u0101das sacens\u012bbas ne tikai stiprina draudz\u012bbu starp taut\u0101m, bet ar\u012b pace\u013c sportisko konkurenci jaun\u0101 l\u012bmen\u012b, kas ir viens no galvenajiem LSF m\u0113r\u0137iem.<\/p>\n","protected":false},"excerpt":{"rendered":"Baltijas kausa posm\u0101 superslalom\u0101 triumf\u0113 piecu valstu p\u0101rst\u0101vji Lietuv\u0101 norisin\u0101jies Baltijas kausa pirmais posms kalnu sl\u0113po\u0161an\u0101, kur\u0101 superslaloma&hellip;\n","protected":false},"author":2,"featured_media":43702,"comment_status":"","ping_status":"","sticky":false,"template":"","format":"standard","meta":{"footnotes":""},"categories":[5],"tags":[23,4584,28,29,32,33,22,705,7613,30,31,35,39,38,36,37,34,40,12304,20,26,27,12303,24,25,21],"class_list":{"0":"post-43701","1":"post","2":"type-post","3":"status-publish","4":"format-standard","5":"has-post-thumbnail","7":"category-aktualitates","8":"tag-aktualitates","9":"tag-baltijas-kauss","10":"tag-breaking-news","11":"tag-breakingnews","12":"tag-featured-news","13":"tag-featurednews","14":"tag-headlines","15":"tag-jauniesi","16":"tag-kalnu-sleposana","17":"tag-latest-news","18":"tag-latestnews","19":"tag-latvia","20":"tag-latvian","21":"tag-latviesu","22":"tag-latviesu-valoda","23":"tag-latviesuvaloda","24":"tag-latvija","25":"tag-lv","26":"tag-master-grupa","27":"tag-news","28":"tag-popularakas-zinas","29":"tag-popularakaszinas","30":"tag-superslaloms","31":"tag-top-stories","32":"tag-topstories","33":"tag-zinas"},"share_on_mastodon":{"url":"https:\/\/pubeurope.com\/@lv\/115516248113119308","error":""},"_links":{"self":[{"href":"https:\/\/www.europesays.com\/lv\/wp-json\/wp\/v2\/posts\/43701","targetHints":{"allow":["GET"]}}],"collection":[{"href":"https:\/\/www.europesays.com\/lv\/wp-json\/wp\/v2\/posts"}],"about":[{"href":"https:\/\/www.europesays.com\/lv\/wp-json\/wp\/v2\/types\/post"}],"author":[{"embeddable":true,"href":"https:\/\/www.europesays.com\/lv\/wp-json\/wp\/v2\/users\/2"}],"replies":[{"embeddable":true,"href":"https:\/\/www.europesays.com\/lv\/wp-json\/wp\/v2\/comments?post=43701"}],"version-history":[{"count":0,"href":"https:\/\/www.europesays.com\/lv\/wp-json\/wp\/v2\/posts\/43701\/revisions"}],"wp:featuredmedia":[{"embeddable":true,"href":"https:\/\/www.europesays.com\/lv\/wp-json\/wp\/v2\/media\/43702"}],"wp:attachment":[{"href":"https:\/\/www.europesays.com\/lv\/wp-json\/wp\/v2\/media?parent=43701"}],"wp:term":[{"taxonomy":"category","embeddable":true,"href":"https:\/\/www.europesays.com\/lv\/wp-json\/wp\/v2\/categories?post=43701"},{"taxonomy":"post_tag","embeddable":true,"href":"https:\/\/www.europesays.com\/lv\/wp-json\/wp\/v2\/tags?post=43701"}],"curies":[{"name":"wp","href":"https:\/\/api.w.org\/{rel}","templated":true}]}}