{"id":43748,"date":"2025-11-09T00:19:08","date_gmt":"2025-11-09T00:19:08","guid":{"rendered":"https:\/\/www.europesays.com\/lv\/43748\/"},"modified":"2025-11-09T00:19:08","modified_gmt":"2025-11-09T00:19:08","slug":"vacija-oktobri-noraidijusi-virkni-patveruma-mekletaju-pieteikumu","status":"publish","type":"post","link":"https:\/\/www.europesays.com\/lv\/43748\/","title":{"rendered":"V\u0101cija oktobr\u012b noraid\u012bjusi virkni patv\u0113ruma mekl\u0113t\u0101ju pieteikumu"},"content":{"rendered":"<p>Kopum\u0101 oktobr\u012b tika noraid\u012bti 1906 pirmreiz\u0113jie pieteikumi sal\u012bdzin\u0101jum\u0101 ar 163 pieteikumiem, kas tika noraid\u012bti laik\u0101 no janv\u0101ra l\u012bdz septembrim.<\/p>\n<p>Decembr\u012b p\u0113c ilggad\u0113j\u0101 prezidenta Ba\u0161ara al Asada re\u017e\u012bma g\u0101\u0161anas V\u0101cijas imigr\u0101cijas birojs aptur\u0113ja l\u0113mumu pie\u0146em\u0161anu par gandr\u012bz visiem s\u012brie\u0161u patv\u0113ruma pieteikumiem, iz\u0146emot tos pieteikumus, par kuriem atbild\u012bba j\u0101uz\u0146emas k\u0101dai citai Eiropas Savien\u012bbas valstij.<\/p>\n<p>BAMF izl\u0113ma ar\u012b par noziedzniekiem un person\u0101m, kuras uzskat\u012bja par potenci\u0101li b\u012bstam\u0101m.<\/p>\n<p>&#8220;Atsevi\u0161\u0137os pamatotos gad\u012bjumos feder\u0101lais birojs ir ar\u012b piln\u012bb\u0101 noraid\u012bjis S\u012brijas valstspieder\u012bgo pieteikumus,&#8221; nor\u0101d\u012bja BAMF.<\/p>\n<p>Pilso\u0146u kara d\u0113\u013c <a href=\"https:\/\/www.tvnet.lv\/term\/555442\/vacija\" class=\"topicLink\" target=\"_blank\" rel=\"nofollow noopener\">V\u0101cija<\/a> nav veikusi tie\u0161as deport\u0101cijas uz S\u012briju kop\u0161 2012. gada.<\/p>\n<p>V\u0101cijas kanclera Fr\u012bdriha Merca koal\u012bcija, kas darbu s\u0101ka maij\u0101, ir sol\u012bjusi stingru nost\u0101ju migr\u0101cijas jaut\u0101jum\u0101, piem\u0113ram, noraid\u012bt vair\u0101k patv\u0113ruma mekl\u0113t\u0101ju, jo \u012bpa\u0161i tos, kuriem ir sod\u0101m\u012bba.<\/p>\n<p>Kop\u0161 septembra beig\u0101m BAMF ir ats\u0101kusi izskat\u012bt &#8220;jaunu, darbsp\u0113j\u012bgu v\u012brie\u0161u&#8221; patv\u0113ruma piepras\u012bjumus.<\/p>\n<p>Iek\u0161lietu ministrs Aleksandrs Dobrindts ir pazi\u0146ojis, ka Berl\u012bne str\u0101d\u0101 pie vieno\u0161an\u0101s ar Damasku, lai patv\u0113ruma mekl\u0113t\u0101ju atgrie\u0161an\u0101s b\u016btu \u0101tr\u0101ka.<\/p>\n<p>&#8220;M\u0113s v\u0113lamies \u0161ogad pan\u0101kt vieno\u0161anos ar S\u012briju un p\u0113c tam s\u0101kotn\u0113ji deport\u0113t noziedzniekus, bet v\u0113l\u0101k cilv\u0113kus bez uztur\u0113\u0161an\u0101s ties\u012bb\u0101m,&#8221; vi\u0146\u0161 septembr\u012b sac\u012bja laikrakstam &#8220;Rheinische Post&#8221;.<\/p>\n","protected":false},"excerpt":{"rendered":"Kopum\u0101 oktobr\u012b tika noraid\u012bti 1906 pirmreiz\u0113jie pieteikumi sal\u012bdzin\u0101jum\u0101 ar 163 pieteikumiem, kas tika noraid\u012bti laik\u0101 no janv\u0101ra l\u012bdz&hellip;\n","protected":false},"author":2,"featured_media":43749,"comment_status":"","ping_status":"","sticky":false,"template":"","format":"standard","meta":{"footnotes":""},"categories":[14],"tags":[23,57,28,29,32,33,22,30,31,35,39,38,36,37,34,40,20,12316,26,27,24,25,299,54,55,56,21,58],"class_list":{"0":"post-43748","1":"post","2":"type-post","3":"status-publish","4":"format-standard","5":"has-post-thumbnail","7":"category-zinas-no-arvalstim","8":"tag-aktualitates","9":"tag-arvalstim","10":"tag-breaking-news","11":"tag-breakingnews","12":"tag-featured-news","13":"tag-featurednews","14":"tag-headlines","15":"tag-latest-news","16":"tag-latestnews","17":"tag-latvia","18":"tag-latvian","19":"tag-latviesu","20":"tag-latviesu-valoda","21":"tag-latviesuvaloda","22":"tag-latvija","23":"tag-lv","24":"tag-news","25":"tag-patveruma-mekletaji","26":"tag-popularakas-zinas","27":"tag-popularakaszinas","28":"tag-top-stories","29":"tag-topstories","30":"tag-vacija","31":"tag-world","32":"tag-world-news","33":"tag-worldnews","34":"tag-zinas","35":"tag-zinas-no-arvalstim"},"share_on_mastodon":{"url":"https:\/\/pubeurope.com\/@lv\/115516877217338856","error":""},"_links":{"self":[{"href":"https:\/\/www.europesays.com\/lv\/wp-json\/wp\/v2\/posts\/43748","targetHints":{"allow":["GET"]}}],"collection":[{"href":"https:\/\/www.europesays.com\/lv\/wp-json\/wp\/v2\/posts"}],"about":[{"href":"https:\/\/www.europesays.com\/lv\/wp-json\/wp\/v2\/types\/post"}],"author":[{"embeddable":true,"href":"https:\/\/www.europesays.com\/lv\/wp-json\/wp\/v2\/users\/2"}],"replies":[{"embeddable":true,"href":"https:\/\/www.europesays.com\/lv\/wp-json\/wp\/v2\/comments?post=43748"}],"version-history":[{"count":0,"href":"https:\/\/www.europesays.com\/lv\/wp-json\/wp\/v2\/posts\/43748\/revisions"}],"wp:featuredmedia":[{"embeddable":true,"href":"https:\/\/www.europesays.com\/lv\/wp-json\/wp\/v2\/media\/43749"}],"wp:attachment":[{"href":"https:\/\/www.europesays.com\/lv\/wp-json\/wp\/v2\/media?parent=43748"}],"wp:term":[{"taxonomy":"category","embeddable":true,"href":"https:\/\/www.europesays.com\/lv\/wp-json\/wp\/v2\/categories?post=43748"},{"taxonomy":"post_tag","embeddable":true,"href":"https:\/\/www.europesays.com\/lv\/wp-json\/wp\/v2\/tags?post=43748"}],"curies":[{"name":"wp","href":"https:\/\/api.w.org\/{rel}","templated":true}]}}