{"id":43805,"date":"2025-11-09T03:23:10","date_gmt":"2025-11-09T03:23:10","guid":{"rendered":"https:\/\/www.europesays.com\/lv\/43805\/"},"modified":"2025-11-09T03:23:10","modified_gmt":"2025-11-09T03:23:10","slug":"par-velu-sapratu-ka-nevaram-ta-turpinat-jo-neesam-uz-sliedem-futbols-sportacentrs-com","status":"publish","type":"post","link":"https:\/\/www.europesays.com\/lv\/43805\/","title":{"rendered":"&#8220;Par v\u0113lu sapratu, ka nevaram t\u0101 turpin\u0101t, jo neesam uz slied\u0113m&#8221; \u2013 Futbols \u2013 Sportacentrs.com"},"content":{"rendered":"<p>&#8220;J\u0101, izdev\u0101s izc\u012bn\u012bt punktus, bet jau sezonas s\u0101kum\u0101 redz\u0113j\u0101m, ka ne viss str\u0101d\u0101,&#8221; vienu momentu, kur\u0101 no rok\u0101m izsl\u012bd\u0113ja Virsl\u012bgas tituls, nevar\u0113ja nosaukt Viktors Morozs.<\/p>\n<p>&#8220;\u0160osezon nebija izsalkuma. Un m\u0113s saprotam, k\u0101p\u0113c t\u0101 notika. Par to zin\u0101j\u0101m v\u0113l pirms sezonas \u2013 ka b\u016bs \u013coti gr\u016bti. Negribu tagad attaisnoties. &#8220;Riga&#8221; bija vair\u0101k izsalkusi p\u0113c pieciem gadiem bez titula. Iepriek\u0161 m\u0113s bij\u0101m izsalku\u0161\u0101ki,&#8221; pauda Morozs.<\/p>\n<p>&#8220;Nevar teikt, ka m\u0113s zaud\u0113j\u0101m \u010dempion\u0101tu \u2013 jo pretinieks aizvad\u012bja labu sezonu. Ta\u010du esmu p\u0101rliecin\u0101ts, ka m\u0113s var\u0113j\u0101m vair\u0101k. Man ir pretenzijas ar\u012b pret sevi. Tagad b\u016bs pauze. Iepriek\u0161\u0113j\u0101 ziem\u0101 pauze nebija pietiekami ilga. Tagad mums j\u0101atgrie\u017eas stipr\u0101kiem. M\u0113\u0123in\u0101sim n\u0101kamaj\u0101 sezon\u0101 par\u0101d\u012bt stabil\u0101ku sniegumu distanc\u0113.&#8221;<\/p>\n<p>&#8220;Iepriek\u0161\u0113j\u0101s sezon\u0101s man gr\u016bt\u0101kais bija netrauc\u0113t, jo viss bija uz slied\u0113m. \u0160ogad par v\u0113lu sapratu, ka nevaram t\u0101 turpin\u0101t, jo neesam uz slied\u0113m,&#8221; teica Morozs.<\/p>\n<p>RFS sezonas p\u0113d\u0113j\u0101 sp\u0113l\u0113 ieguva 4:0 p\u0101rsvaru un derbij\u0101 pieveica &#8220;Riga&#8221; ar 4:3. T\u0101d\u0113j\u0101di p\u0113c 38 sp\u0113l\u0113m komandas \u0161\u0137\u012bra tikai viens punkts. Ar tr\u012bs rezultat\u012bv\u0101m piesp\u0113l\u0113m izc\u0113l\u0101s Roberts Sava\u013cnieks.<\/p>\n<p>&#8220;Nav runa par v\u0101rtiem vai piesp\u0113l\u0113m, bet sp\u0113li kopum\u0101. Redzu, ka vi\u0146\u0161 \u013coti labi saprot visas funkcijas un dara maksimumu. Pat ja neb\u016btu nevienas piesp\u0113les, var\u0113tu teikt, ka vi\u0146\u0161 aizvad\u012bja \u013coti labu ma\u010du un noteikti bija viens no lab\u0101kajiem laukum\u0101,&#8221; v\u0113rt\u0113ja Morozs.<\/p>\n<p>Piektdien no RFS atvad\u012bj\u0101s Elvis Stuglis un Petrs Mare\u0161s, iepriek\u0161 punktu lika P\u0101vels \u0160teinbors. Atbildot uz jaut\u0101jumu, vai gaid\u0101mas ar\u012b citas izmai\u0146as sast\u0101v\u0101, Morozs nesauca konkr\u0113tus v\u0101rtus, bet atzina, ka tas ir visnota\u013c re\u0101ls scen\u0101rijs: &#8220;Tas ir sports, t\u0101 ir konkurence.&#8221;<\/p>\n","protected":false},"excerpt":{"rendered":"&#8220;J\u0101, izdev\u0101s izc\u012bn\u012bt punktus, bet jau sezonas s\u0101kum\u0101 redz\u0113j\u0101m, ka ne viss str\u0101d\u0101,&#8221; vienu momentu, kur\u0101 no rok\u0101m&hellip;\n","protected":false},"author":2,"featured_media":43806,"comment_status":"","ping_status":"","sticky":false,"template":"","format":"standard","meta":{"footnotes":""},"categories":[17],"tags":[676,35,39,38,36,37,34,40,67],"class_list":{"0":"post-43805","1":"post","2":"type-post","3":"status-publish","4":"format-standard","5":"has-post-thumbnail","7":"category-sports","8":"tag-futbols","9":"tag-latvia","10":"tag-latvian","11":"tag-latviesu","12":"tag-latviesu-valoda","13":"tag-latviesuvaloda","14":"tag-latvija","15":"tag-lv","16":"tag-sports"},"share_on_mastodon":{"url":"https:\/\/pubeurope.com\/@lv\/115517600762463312","error":""},"_links":{"self":[{"href":"https:\/\/www.europesays.com\/lv\/wp-json\/wp\/v2\/posts\/43805","targetHints":{"allow":["GET"]}}],"collection":[{"href":"https:\/\/www.europesays.com\/lv\/wp-json\/wp\/v2\/posts"}],"about":[{"href":"https:\/\/www.europesays.com\/lv\/wp-json\/wp\/v2\/types\/post"}],"author":[{"embeddable":true,"href":"https:\/\/www.europesays.com\/lv\/wp-json\/wp\/v2\/users\/2"}],"replies":[{"embeddable":true,"href":"https:\/\/www.europesays.com\/lv\/wp-json\/wp\/v2\/comments?post=43805"}],"version-history":[{"count":0,"href":"https:\/\/www.europesays.com\/lv\/wp-json\/wp\/v2\/posts\/43805\/revisions"}],"wp:featuredmedia":[{"embeddable":true,"href":"https:\/\/www.europesays.com\/lv\/wp-json\/wp\/v2\/media\/43806"}],"wp:attachment":[{"href":"https:\/\/www.europesays.com\/lv\/wp-json\/wp\/v2\/media?parent=43805"}],"wp:term":[{"taxonomy":"category","embeddable":true,"href":"https:\/\/www.europesays.com\/lv\/wp-json\/wp\/v2\/categories?post=43805"},{"taxonomy":"post_tag","embeddable":true,"href":"https:\/\/www.europesays.com\/lv\/wp-json\/wp\/v2\/tags?post=43805"}],"curies":[{"name":"wp","href":"https:\/\/api.w.org\/{rel}","templated":true}]}}