{"id":43911,"date":"2025-11-09T07:03:36","date_gmt":"2025-11-09T07:03:36","guid":{"rendered":"https:\/\/www.europesays.com\/lv\/43911\/"},"modified":"2025-11-09T07:03:36","modified_gmt":"2025-11-09T07:03:36","slug":"latvija-dava-ukrainai-nosledzoso-patria-brunutransportieru-partiju","status":"publish","type":"post","link":"https:\/\/www.europesays.com\/lv\/43911\/","title":{"rendered":"Latvija d\u0101v\u0101 Ukrainai nosl\u0113dzo\u0161o &#8220;Patria&#8221; bru\u0146utransportieru partiju"},"content":{"rendered":"<p>Ukrainas aizsardz\u012bbas ministrs Deniss \u0160miha\u013cs \u0161odien \u0100da\u017eu milit\u0101raj\u0101 b\u0101z\u0113 sa\u0146\u0113ma Latvij\u0101 ra\u017eoto &#8220;Patria&#8221; bru\u0146utransportieru d\u0101vin\u0101juma nosl\u0113dzo\u0161o partiju.<\/p>\n<p>\u0160miha\u013cam nodots 21 Ukrainas bru\u0146otajiem sp\u0113kiem paredz\u0113tais &#8220;Patria&#8221; 6&#215;6 bru\u0146utransportieris. Tie nokomplekt\u0113ti ar NATO kalibra atbalsta lo\u017emet\u0113ju un mun\u012bciju. &#8220;Patria&#8221; sniegs noz\u012bm\u012bgu pienesumu Ukrainas milit\u0101r\u0101m sp\u0113j\u0101m, p\u0113c  bru\u0146utransportieru sa\u0146em\u0161anas sac\u012bja Ukrainas aizsardz\u012bbas ministrs Deniss \u0160miha\u013cs uzsverot, ka Latvija vienm\u0113r ir bijusi un paliek partneris, uz kuru var pa\u013cauties gan politiski, gan milit\u0101ri.<\/p>\n<p>Savuk\u0101rt Latvijas aizsardz\u012bbas ministrs Andris Spr\u016bds (P) uzsv\u0113ra, ka &#8220;Patria&#8221; nodo\u0161ana Ukrainai ir nelok\u0101ms atbalsts t\u0101s c\u012b\u0146\u0101 par br\u012bv\u012bbu un Eiropas v\u0113rt\u012bb\u0101m. Spr\u016bds nor\u0101d\u012bja, ka Latvija atbalst\u012bjusi un ar\u012b turpin\u0101s atbalst\u012bt Ukrainu t\u0101s c\u012b\u0146\u0101, jo Latvija apzin\u0101s, ka Ukraina c\u012bn\u0101s gan par savas valsts past\u0101v\u0113\u0161anu, gan par kop\u012bg\u0101m Eiropas v\u0113rt\u012bb\u0101m, kuras Krievija apdraud.<\/p>\n<p>Ukrainas bru\u0146otajiem sp\u0113kiem tiks nos\u016bt\u012btas ar\u012b bru\u0146utransportieru uztur\u0113\u0161anai nepiecie\u0161am\u0101s rezerves da\u013cas, speci\u0101lie remonta instrumenti un iek\u0101rtas, k\u0101 ar\u012b konteinertipa mobil\u0101 remontdarbn\u012bca un uztur\u0113\u0161anas dokument\u0101cija. T\u0101pat tiks pieg\u0101d\u0101ti bru\u0146utransportieru kaujas boj\u0101jumu remonta komplekti, kas paredz\u0113ti, lai Ukrainas karav\u012bri var\u0113tu nov\u0113rst kauj\u0101s rad\u012btos transportl\u012bdzek\u013cu boj\u0101jumus frontes tuvum\u0101, kur nav iesp\u0113jama t\u016bl\u012bt\u0113ja transportl\u012bdzek\u013ca evaku\u0101cija un remonts aizmugures darbn\u012bc\u0101s.<\/p>\n<p>\u0160ogad Latvijas sniegtais milit\u0101rais atbalsts Ukrainai l\u012bdz gada beig\u0101m sasniegs 0,3% no iek\u0161zemes kopprodukta. Papildus milit\u0101rajam atbalstam Latvija \u012bsteno ar\u012b v\u0113rien\u012bgu Ukrainas karav\u012bru apm\u0101c\u012bbu programmu.<\/p>\n<p><img decoding=\"async\" src=\"https:\/\/www.europesays.com\/lv\/wp-content\/uploads\/2025\/11\/8cfca5bd7a5bb2acda5522b56165550b.png\" title=\"Foto: Ekr\u0101nuz\u0146\u0113mums no video\" alt=\"Foto: Ekr\u0101nuz\u0146\u0113mums no video\"\/><\/p>\n<p class=\"article-img-desc\">Foto: Ekr\u0101nuz\u0146\u0113mums no video<\/p>\n","protected":false},"excerpt":{"rendered":"Ukrainas aizsardz\u012bbas ministrs Deniss \u0160miha\u013cs \u0161odien \u0100da\u017eu milit\u0101raj\u0101 b\u0101z\u0113 sa\u0146\u0113ma Latvij\u0101 ra\u017eoto &#8220;Patria&#8221; bru\u0146utransportieru d\u0101vin\u0101juma nosl\u0113dzo\u0161o partiju. \u0160miha\u013cam&hellip;\n","protected":false},"author":2,"featured_media":43912,"comment_status":"","ping_status":"","sticky":false,"template":"","format":"standard","meta":{"footnotes":""},"categories":[12],"tags":[129,470,23,28,29,32,33,22,30,31,35,39,38,36,37,34,40,20,26,27,471,472,24,25,21],"class_list":{"0":"post-43911","1":"post","2":"type-post","3":"status-publish","4":"format-standard","5":"has-post-thumbnail","7":"category-latvija","8":"tag-__typenameadvicekeyword","9":"tag-id532","10":"tag-aktualitates","11":"tag-breaking-news","12":"tag-breakingnews","13":"tag-featured-news","14":"tag-featurednews","15":"tag-headlines","16":"tag-latest-news","17":"tag-latestnews","18":"tag-latvia","19":"tag-latvian","20":"tag-latviesu","21":"tag-latviesu-valoda","22":"tag-latviesuvaloda","23":"tag-latvija","24":"tag-lv","25":"tag-news","26":"tag-popularakas-zinas","27":"tag-popularakaszinas","28":"tag-slugkars-ukraina","29":"tag-titlekars-ukraina","30":"tag-top-stories","31":"tag-topstories","32":"tag-zinas"},"share_on_mastodon":{"url":"https:\/\/pubeurope.com\/@lv\/115518465902114742","error":""},"_links":{"self":[{"href":"https:\/\/www.europesays.com\/lv\/wp-json\/wp\/v2\/posts\/43911","targetHints":{"allow":["GET"]}}],"collection":[{"href":"https:\/\/www.europesays.com\/lv\/wp-json\/wp\/v2\/posts"}],"about":[{"href":"https:\/\/www.europesays.com\/lv\/wp-json\/wp\/v2\/types\/post"}],"author":[{"embeddable":true,"href":"https:\/\/www.europesays.com\/lv\/wp-json\/wp\/v2\/users\/2"}],"replies":[{"embeddable":true,"href":"https:\/\/www.europesays.com\/lv\/wp-json\/wp\/v2\/comments?post=43911"}],"version-history":[{"count":0,"href":"https:\/\/www.europesays.com\/lv\/wp-json\/wp\/v2\/posts\/43911\/revisions"}],"wp:featuredmedia":[{"embeddable":true,"href":"https:\/\/www.europesays.com\/lv\/wp-json\/wp\/v2\/media\/43912"}],"wp:attachment":[{"href":"https:\/\/www.europesays.com\/lv\/wp-json\/wp\/v2\/media?parent=43911"}],"wp:term":[{"taxonomy":"category","embeddable":true,"href":"https:\/\/www.europesays.com\/lv\/wp-json\/wp\/v2\/categories?post=43911"},{"taxonomy":"post_tag","embeddable":true,"href":"https:\/\/www.europesays.com\/lv\/wp-json\/wp\/v2\/tags?post=43911"}],"curies":[{"name":"wp","href":"https:\/\/api.w.org\/{rel}","templated":true}]}}