{"id":43919,"date":"2025-11-09T07:12:04","date_gmt":"2025-11-09T07:12:04","guid":{"rendered":"https:\/\/www.europesays.com\/lv\/43919\/"},"modified":"2025-11-09T07:12:04","modified_gmt":"2025-11-09T07:12:04","slug":"japanas-rallija-uzvar-ozje-cempions-klus-zinams-pedeja-posma-motoru-sports-sportacentrs-com","status":"publish","type":"post","link":"https:\/\/www.europesays.com\/lv\/43919\/","title":{"rendered":"Jap\u0101nas rallij\u0101 uzvar O\u017ej\u0113, \u010dempions k\u013c\u016bs zin\u0101ms p\u0113d\u0113j\u0101 posm\u0101 \u2013 Motoru sports \u2013 Sportacentrs.com"},"content":{"rendered":"<p>Jap\u0101nas asfalta posmu s\u0101cis ar 13 punktu defic\u012btu l\u012bdz kopv\u0113rt\u0113juma l\u012bderim Evansam, ned\u0113\u013cas nogali O\u017ej\u0113 aizvad\u012bja \u013coti p\u0101rliecino\u0161i, vad\u012bb\u0101 nostiprinoties jau piektdien. S\u0101kotn\u0113ji par uzvaru sacent\u0101s ar\u012b m\u0101jinieks Takamoto Katsuta, ta\u010du vi\u0146a cer\u012bbas beidz\u0101s l\u012bdz ar uztriek\u0161anos barjer\u0101m 11. \u0101trumposm\u0101. Divreiz aiz\u0137erot barjeru, jau tre\u0161aj\u0101 \u0101trumposm\u0101 ar beigtu piekari no c\u012b\u0146as par pjedest\u0101lu izst\u0101j\u0101s tre\u0161ais titula pretendents Kalle Rovanpera.<\/p>\n<blockquote class=\"twitter-tweet\">\n<p lang=\"de\" dir=\"ltr\">SS3 was not kind to Rovanper\u00e4 \ud83d\ude33<a href=\"https:\/\/twitter.com\/hashtag\/WRC?src=hash&amp;ref_src=twsrc%5Etfw\" rel=\"nofollow noopener\" target=\"_blank\">#WRC<\/a> | <a href=\"https:\/\/twitter.com\/hashtag\/RallyJapan?src=hash&amp;ref_src=twsrc%5Etfw\" rel=\"nofollow noopener\" target=\"_blank\">#RallyJapan<\/a> \ud83c\uddef\ud83c\uddf5 <a href=\"https:\/\/t.co\/w1mTrFKDJM\" rel=\"nofollow\">pic.twitter.com\/w1mTrFKDJM<\/a><\/p>\n<p>\u2014 FIA World Rally Championship (@OfficialWRC) <a href=\"https:\/\/twitter.com\/OfficialWRC\/status\/1986594707648987267?ref_src=twsrc%5Etfw\" rel=\"nofollow noopener\" target=\"_blank\">November 7, 2025<\/a><\/p><\/blockquote>\n<blockquote class=\"twitter-tweet\">\n<p lang=\"en\" dir=\"ltr\">The moment it all went wrong for Taka \ud83d\udc94<a href=\"https:\/\/twitter.com\/hashtag\/WRC?src=hash&amp;ref_src=twsrc%5Etfw\" rel=\"nofollow noopener\" target=\"_blank\">#WRC<\/a> | <a href=\"https:\/\/twitter.com\/hashtag\/RallyJapan?src=hash&amp;ref_src=twsrc%5Etfw\" rel=\"nofollow noopener\" target=\"_blank\">#RallyJapan<\/a> \ud83c\uddef\ud83c\uddf5<br \/><a href=\"https:\/\/t.co\/G74o5O35Os\" rel=\"nofollow\">pic.twitter.com\/G74o5O35Os<\/a><\/p>\n<p>\u2014 FIA World Rally Championship (@OfficialWRC) <a href=\"https:\/\/twitter.com\/OfficialWRC\/status\/1987015597582942652?ref_src=twsrc%5Etfw\" rel=\"nofollow noopener\" target=\"_blank\">November 8, 2025<\/a><\/p><\/blockquote>\n<p>Sestdien Evanss vienubr\u012bd bija pietuvojies O\u017ej\u0113 l\u012bdz 1.4 sekun\u017eu atstatumam, tom\u0113r dienu asto\u0146k\u0101rt\u0113jais WRC \u010dempions nosl\u0113dza jau 6.5 sekundes priek\u0161\u0101. Sv\u0113tdien bija atliku\u0161i se\u0161i \u0101trumposmi, \u010detros no tiem O\u017ej\u0113 uzr\u0101d\u012bja lab\u0101kos rezult\u0101tus, ieskaitot nosl\u0113dzo\u0161o &#8220;Power Stage&#8221;, kas ne\u013c\u0101va s\u0101ncensim pietuvoties. Fini\u0161\u0101 O\u017ej\u0113 iebrauca ar 11.6 sekun\u017eu p\u0101rsvaru un guva jau sesto uzvaru \u0161osezon p\u0113c neveiksm\u012bg\u0101 Centr\u0101leiropas rallija, kur n\u0101c\u0101s izst\u0101ties.<\/p>\n<p>P\u0113c Rovanperas un Katsutas neveiksm\u0113m uz tre\u0161o vietu pretend\u0113ja &#8220;Hyundai&#8221; p\u0101rst\u0101vis Furmo, tom\u0113r sv\u0113tdienas otraj\u0101 \u0101trumposm\u0101 tika piedz\u012bvota av\u0101rija. Miglas apst\u0101k\u013cos uz sliden\u0101 asfalta ekip\u0101\u017ea tr\u0101p\u012bja l\u012bkuma iek\u0161malas dub\u013cos, k\u0101 rezult\u0101t\u0101 nobrauca no ce\u013ca, proces\u0101 ar\u012b nolau\u017eot st\u016brma\u0146a puses durvis. Lai gan brauk\u0161anu izdev\u0101s turpin\u0101t, p\u0101rbraucien\u0101 n\u0101c\u0101s izst\u0101ties.<\/p>\n<blockquote class=\"twitter-tweet\">\n<p lang=\"en\" dir=\"ltr\">\u274c Door gone, rally over. Heartbreak for Adrien and Alex who had been in an impressive podium position. \ud83d\ude2d<a href=\"https:\/\/twitter.com\/hashtag\/RallyJapan?src=hash&amp;ref_src=twsrc%5Etfw\" rel=\"nofollow noopener\" target=\"_blank\">#RallyJapan<\/a> <a href=\"https:\/\/twitter.com\/hashtag\/WRC?src=hash&amp;ref_src=twsrc%5Etfw\" rel=\"nofollow noopener\" target=\"_blank\">#WRC<\/a> <a href=\"https:\/\/t.co\/UTcvVZza1s\" rel=\"nofollow\">pic.twitter.com\/UTcvVZza1s<\/a><\/p>\n<p>\u2014 Hyundai Motorsport (@HMSGOfficial) <a href=\"https:\/\/twitter.com\/HMSGOfficial\/status\/1987347154629730678?ref_src=twsrc%5Etfw\" rel=\"nofollow noopener\" target=\"_blank\">November 9, 2025<\/a><\/p><\/blockquote>\n<p>Uz tre\u0161o vietu tas \u013c\u0101va pak\u0101pties Pajari, kur\u0161 l\u012bdz ar to izc\u012bn\u012bjis savu pirmo pjedest\u0101lu WRC karjer\u0101. Ots Tanaks aizvad\u012bja neizteiksm\u012bgu sac\u012bksti un fini\u0161\u0113ja vientu\u013c\u0101 ceturtaj\u0101 viet\u0101, bet, liel\u0101 m\u0113r\u0101 izmantojot s\u0101ncen\u0161u \u0137ibeles, piekto vietu guvis Gregu\u0101rs Munsters. &#8220;M-Sport Ford&#8221; pilotam tas ir atk\u0101rtots lab\u0101kais rezult\u0101ts karjer\u0101. Ar\u012b \u0161ogad Kenij\u0101 vi\u0146\u0161 guva piekto vietu, t\u0101pat \u0161aj\u0101 poz\u012bcij\u0101 fini\u0161\u0113ja vair\u0101kos posmos p\u0113rn, ieskaitot Jap\u0101nas ralliju. Rovanpera p\u0113c piektdienas neveiksmes ralliju turpin\u0101ja un pac\u0113l\u0101s l\u012bdz pat sestajai vietai.<\/p>\n<p>Sestdien izst\u0101\u0161anos bija piedz\u012bvojis &#8220;Hyundai&#8221; pilots Tjer\u012b Noivils, kuru piemekl\u0113ja tre\u0161\u0101 tehnisk\u0101 probl\u0113ma tr\u012bs dienu laik\u0101. Tikm\u0113r jau piektdien pamat\u012bgu av\u0101riju piedz\u012bvoja &#8220;M-Sport Ford&#8221; p\u0101rst\u0101vis D\u017eo\u0161s Makerl\u012bns.<\/p>\n<blockquote class=\"twitter-tweet\">\n<p lang=\"en\" dir=\"ltr\">Over and out for Josh McErlean &amp; Eoin Treacy on SS3 \u274c<a href=\"https:\/\/twitter.com\/hashtag\/WRC?src=hash&amp;ref_src=twsrc%5Etfw\" rel=\"nofollow noopener\" target=\"_blank\">#WRC<\/a> | <a href=\"https:\/\/twitter.com\/hashtag\/RallyJapan?src=hash&amp;ref_src=twsrc%5Etfw\" rel=\"nofollow noopener\" target=\"_blank\">#RallyJapan<\/a> \ud83c\uddef\ud83c\uddf5 <a href=\"https:\/\/t.co\/i0Hb5nK0Yx\" rel=\"nofollow\">pic.twitter.com\/i0Hb5nK0Yx<\/a><\/p>\n<p>\u2014 FIA World Rally Championship (@OfficialWRC) <a href=\"https:\/\/twitter.com\/OfficialWRC\/status\/1986608407906754707?ref_src=twsrc%5Etfw\" rel=\"nofollow noopener\" target=\"_blank\">November 7, 2025<\/a><\/p><\/blockquote>\n<p>No &#8220;Rally2&#8221; pilotiem p\u0101rliecino\u0161i \u0101tr\u0101kais, ar vair\u0101k nek\u0101 min\u016btes p\u0101rsvaru p\u0101r tuv\u0101ko sekot\u0101ju, bija Olivers Solbergs, kur\u0161 jau iepriek\u0161 bija nodro\u0161in\u0101jis WRC2 titulu. \u0160aj\u0101 ieskait\u0113 vi\u0146\u0161 Jap\u0101n\u0101 nestart\u0113ja, bet par WRC2 uzvar\u0113t\u0101ju pirmo reizi karjer\u0101 k\u013cuva sp\u0101nis Alehandro Ka\u010dons, ar 54 sekun\u017eu p\u0101rsvaru uzveicot Nikolaju Grjazinu, kam\u0113r tre\u0161o vietu guva Jans Solanss.<\/p>\n<p>\u010cempions tiks noskaidrots novembra beig\u0101s, kad Sa\u016bda Ar\u0101bij\u0101 norisin\u0101sies pasaules \u010dempion\u0101ta nosl\u0113dzo\u0161ais posms. Pirms iz\u0161\u0137iro\u0161aj\u0101m sacens\u012bb\u0101m Evanss saglab\u0101 l\u012bderpoz\u012bciju, bet vairs tikai ar tr\u012bs punktu p\u0101rsvaru p\u0101r O\u017ej\u0113, kam\u0113r Rovanperam jau 24 punktu defic\u012bts. Ar &#8220;Rally1&#8221; ma\u0161\u012bnu Sa\u016bda Ar\u0101bijas rallij\u0101 start\u0113s ar\u012b latvie\u0161i M\u0101rti\u0146\u0161 Sesks un Ren\u0101rs Francis.<\/p>\n<p>Jap\u0101nas rallija rezult\u0101ti:<img decoding=\"async\" src=\"https:\/\/www.europesays.com\/lv\/wp-content\/uploads\/2025\/11\/wrc-342342323.jpg\" class=\"img-fluid\"\/><\/p>\n<p>Visi rezult\u0101ti: <a target=\"_blank\" href=\"https:\/\/ewrc-results.com\/results\/90028-forum8-rally-japan-2025\/?s=505791\" rel=\"nofollow noopener\">https:\/\/ewrc-results.com\/results\/90&#8230;<\/a><\/p>\n<p>WRC kopv\u0113rt\u0113jums:<img decoding=\"async\" src=\"https:\/\/www.europesays.com\/lv\/wp-content\/uploads\/2025\/11\/wrc-554.jpg\" class=\"img-fluid\"\/><br \/>\n                <script async src=\"https:\/\/platform.twitter.com\/widgets.js\" charset=\"utf-8\"><\/script><\/p>\n","protected":false},"excerpt":{"rendered":"Jap\u0101nas asfalta posmu s\u0101cis ar 13 punktu defic\u012btu l\u012bdz kopv\u0113rt\u0113juma l\u012bderim Evansam, ned\u0113\u013cas nogali O\u017ej\u0113 aizvad\u012bja \u013coti p\u0101rliecino\u0161i,&hellip;\n","protected":false},"author":2,"featured_media":43920,"comment_status":"","ping_status":"","sticky":false,"template":"","format":"standard","meta":{"footnotes":""},"categories":[17],"tags":[35,39,38,36,37,34,40,165,67],"class_list":{"0":"post-43919","1":"post","2":"type-post","3":"status-publish","4":"format-standard","5":"has-post-thumbnail","7":"category-sports","8":"tag-latvia","9":"tag-latvian","10":"tag-latviesu","11":"tag-latviesu-valoda","12":"tag-latviesuvaloda","13":"tag-latvija","14":"tag-lv","15":"tag-motoru-sports","16":"tag-sports"},"share_on_mastodon":{"url":"https:\/\/pubeurope.com\/@lv\/115518501324932586","error":""},"_links":{"self":[{"href":"https:\/\/www.europesays.com\/lv\/wp-json\/wp\/v2\/posts\/43919","targetHints":{"allow":["GET"]}}],"collection":[{"href":"https:\/\/www.europesays.com\/lv\/wp-json\/wp\/v2\/posts"}],"about":[{"href":"https:\/\/www.europesays.com\/lv\/wp-json\/wp\/v2\/types\/post"}],"author":[{"embeddable":true,"href":"https:\/\/www.europesays.com\/lv\/wp-json\/wp\/v2\/users\/2"}],"replies":[{"embeddable":true,"href":"https:\/\/www.europesays.com\/lv\/wp-json\/wp\/v2\/comments?post=43919"}],"version-history":[{"count":0,"href":"https:\/\/www.europesays.com\/lv\/wp-json\/wp\/v2\/posts\/43919\/revisions"}],"wp:featuredmedia":[{"embeddable":true,"href":"https:\/\/www.europesays.com\/lv\/wp-json\/wp\/v2\/media\/43920"}],"wp:attachment":[{"href":"https:\/\/www.europesays.com\/lv\/wp-json\/wp\/v2\/media?parent=43919"}],"wp:term":[{"taxonomy":"category","embeddable":true,"href":"https:\/\/www.europesays.com\/lv\/wp-json\/wp\/v2\/categories?post=43919"},{"taxonomy":"post_tag","embeddable":true,"href":"https:\/\/www.europesays.com\/lv\/wp-json\/wp\/v2\/tags?post=43919"}],"curies":[{"name":"wp","href":"https:\/\/api.w.org\/{rel}","templated":true}]}}