{"id":43937,"date":"2025-11-09T07:44:08","date_gmt":"2025-11-09T07:44:08","guid":{"rendered":"https:\/\/www.europesays.com\/lv\/43937\/"},"modified":"2025-11-09T07:44:08","modified_gmt":"2025-11-09T07:44:08","slug":"noticis-ukrainas-rakesu-uzbrukums-voronezas-tec","status":"publish","type":"post","link":"https:\/\/www.europesays.com\/lv\/43937\/","title":{"rendered":"Noticis Ukrainas ra\u0137e\u0161u uzbrukums Voro\u0146e\u017eas TEC"},"content":{"rendered":"<p>Voro\u0146e\u017eas iedz\u012bvot\u0101ji nakt\u012b dzird\u0113ju\u0161i pils\u0113t\u0101 virkni spr\u0101dzienu, un soci\u0101l\u0101s sazi\u0146as vietn\u0113s par\u0101d\u012bju\u0161\u0101s zi\u0146as par ugunsgr\u0113ku termoelektrostacij\u0101.<\/p>\n<p>Tikm\u0113r Voro\u0146e\u017eas apgabala vietvaldis Aleksandrs Gusevs br\u012bdin\u0101jis par ra\u0137e\u0161u uzbrukumu.<\/p>\n<p>Ukrai\u0146u &#8220;Telegram&#8221; kan\u0101ls &#8220;Exilenova+&#8221; public\u0113jis k\u0101da aculiecinieka uz\u0146emtu videoierakstu, kur\u0101 redzams uzbrukuma br\u012bdis.<\/p>\n<p>Neatkar\u012bg\u0101 krievu t\u012bmek\u013ca izdevuma &#8220;Astra&#8221; \u017eurn\u0101listi, izmantojot kadru \u0123eolok\u0101cijas datus, noskaidroju\u0161i, ka tie uz\u0146emti, atrodoties aptuveni 1,3 kilometrus no Voro\u0146e\u017eas TEC-1.<\/p>\n<p>TEC-1 str\u0101d\u0101 aptuveni 430 darbinieki, un t\u0101 ir Voro\u0146e\u017eas liel\u0101kais siltumener\u0123ijas pieg\u0101d\u0101t\u0101js, kas nodro\u0161ina \u010detru pils\u0113tas rajonu un vair\u0101k nek\u0101 t\u016bksto\u0161 uz\u0146\u0113mumu apkuri.<\/p>\n<p>Viet\u0113j\u0101s varasiest\u0101des pagaid\u0101m nav apstiprin\u0101ju\u0161as post\u012bjumu nodar\u012b\u0161anu termoelektrostacijai.<\/p>\n","protected":false},"excerpt":{"rendered":"Voro\u0146e\u017eas iedz\u012bvot\u0101ji nakt\u012b dzird\u0113ju\u0161i pils\u0113t\u0101 virkni spr\u0101dzienu, un soci\u0101l\u0101s sazi\u0146as vietn\u0113s par\u0101d\u012bju\u0161\u0101s zi\u0146as par ugunsgr\u0113ku termoelektrostacij\u0101. Tikm\u0113r Voro\u0146e\u017eas&hellip;\n","protected":false},"author":2,"featured_media":43938,"comment_status":"","ping_status":"","sticky":false,"template":"","format":"standard","meta":{"footnotes":""},"categories":[14],"tags":[23,57,28,29,32,33,22,3131,74,30,31,35,39,38,36,37,34,40,20,26,27,24,25,12383,54,55,56,21,58],"class_list":{"0":"post-43937","1":"post","2":"type-post","3":"status-publish","4":"format-standard","5":"has-post-thumbnail","7":"category-zinas-no-arvalstim","8":"tag-aktualitates","9":"tag-arvalstim","10":"tag-breaking-news","11":"tag-breakingnews","12":"tag-featured-news","13":"tag-featurednews","14":"tag-headlines","15":"tag-kars","16":"tag-krievijas-iebrukums-ukraina","17":"tag-latest-news","18":"tag-latestnews","19":"tag-latvia","20":"tag-latvian","21":"tag-latviesu","22":"tag-latviesu-valoda","23":"tag-latviesuvaloda","24":"tag-latvija","25":"tag-lv","26":"tag-news","27":"tag-popularakas-zinas","28":"tag-popularakaszinas","29":"tag-top-stories","30":"tag-topstories","31":"tag-voroneza","32":"tag-world","33":"tag-world-news","34":"tag-worldnews","35":"tag-zinas","36":"tag-zinas-no-arvalstim"},"share_on_mastodon":{"url":"https:\/\/pubeurope.com\/@lv\/115518627029333423","error":""},"_links":{"self":[{"href":"https:\/\/www.europesays.com\/lv\/wp-json\/wp\/v2\/posts\/43937","targetHints":{"allow":["GET"]}}],"collection":[{"href":"https:\/\/www.europesays.com\/lv\/wp-json\/wp\/v2\/posts"}],"about":[{"href":"https:\/\/www.europesays.com\/lv\/wp-json\/wp\/v2\/types\/post"}],"author":[{"embeddable":true,"href":"https:\/\/www.europesays.com\/lv\/wp-json\/wp\/v2\/users\/2"}],"replies":[{"embeddable":true,"href":"https:\/\/www.europesays.com\/lv\/wp-json\/wp\/v2\/comments?post=43937"}],"version-history":[{"count":0,"href":"https:\/\/www.europesays.com\/lv\/wp-json\/wp\/v2\/posts\/43937\/revisions"}],"wp:featuredmedia":[{"embeddable":true,"href":"https:\/\/www.europesays.com\/lv\/wp-json\/wp\/v2\/media\/43938"}],"wp:attachment":[{"href":"https:\/\/www.europesays.com\/lv\/wp-json\/wp\/v2\/media?parent=43937"}],"wp:term":[{"taxonomy":"category","embeddable":true,"href":"https:\/\/www.europesays.com\/lv\/wp-json\/wp\/v2\/categories?post=43937"},{"taxonomy":"post_tag","embeddable":true,"href":"https:\/\/www.europesays.com\/lv\/wp-json\/wp\/v2\/tags?post=43937"}],"curies":[{"name":"wp","href":"https:\/\/api.w.org\/{rel}","templated":true}]}}