{"id":43957,"date":"2025-11-09T08:04:07","date_gmt":"2025-11-09T08:04:07","guid":{"rendered":"https:\/\/www.europesays.com\/lv\/43957\/"},"modified":"2025-11-09T08:04:07","modified_gmt":"2025-11-09T08:04:07","slug":"droni-paralize-satiksmi-ljezas-lidosta-eiropa-pastiprina-drosibas-pasakumus-lente-lv","status":"publish","type":"post","link":"https:\/\/www.europesays.com\/lv\/43957\/","title":{"rendered":"Droni paraliz\u0113 satiksmi Lj\u0113\u017eas lidost\u0101 \u2013 Eiropa pastiprina dro\u0161\u012bbas pas\u0101kumus\u00a0\u2014\u00a0Lente.lv"},"content":{"rendered":"<p>Droni rada satraukumu un trauc\u0113jumus Eiropas kravu lidost\u0101s<\/p>\n<p>Be\u013c\u0123ijas pils\u0113t\u0101 Lj\u0113\u017e\u0101, kas ir viens no noz\u012bm\u012bg\u0101kajiem kravu p\u0101rvad\u0101jumu centriem Eirop\u0101, nesen piedz\u012bvoti nopietni satiksmes trauc\u0113jumi. Ceturtdien un piektdien lidostas amatpersonas bija spiestas uz laiku aptur\u0113t lidma\u0161\u012bnu pacel\u0161anos un nolai\u0161anos, jo tika konstat\u0113ta neat\u013cauta dronu darb\u012bba lidostas tuvum\u0101. \u0160\u0101di incidenti nav vienreiz\u0113ji un rada nopietnas ba\u017eas par avi\u0101cijas dro\u0161\u012bbu vis\u0101 kontinent\u0101.<\/p>\n<p>Eiropas gaisa telp\u0101 pieaug dronu rad\u012btie draudi<\/p>\n<p>P\u0113d\u0113jo ned\u0113\u013cu laik\u0101 l\u012bdz\u012bgi gad\u012bjumi, kad droni trauc\u0113 lidostu darb\u012bbu, ir notiku\u0161i vair\u0101k\u0101s Eiropas valst\u012bs. V\u0101cij\u0101, piem\u0113ram, Minhenes un Berl\u012bnes lidost\u0101s darb\u012bba vair\u0101kk\u0101rt\u012bgi aptur\u0113ta dronu d\u0113\u013c, radot b\u016btiskus kav\u0113jumus un ne\u0113rt\u012bbas t\u016bksto\u0161iem pasa\u017eieru. Ar\u012b Kopenh\u0101genas un Oslo lidostas ir sask\u0101ru\u0161\u0101s ar l\u012bdz\u012bgiem incidentiem, kas uzsver pieaugo\u0161os dro\u0161\u012bbas izaicin\u0101jumus, ko rada dronu tehnolo\u0123iju att\u012bst\u012bba. \u0160\u012b situ\u0113cija liek aizdom\u0101ties par potenci\u0101l\u0101m koordin\u0113t\u0101m provok\u0101cij\u0101m vai cita veida dro\u0161\u012bbas apdraud\u0113jumiem, jo \u012bpa\u0161i \u0146emot v\u0113r\u0101, ka da\u017eas valstis, piem\u0113ram, Igaunija un Rum\u0101nija, ir nor\u0101d\u012bju\u0161as uz iesp\u0113jamu Krievijas saist\u012bbu ar \u0161\u0101diem dronu lidojumiem Eirop\u0101. Tas \u012bpa\u0161i aktu\u0101li laik\u0101, kad Eiropas Savien\u012bba pieprasa konfisc\u0113t iesald\u0113tos Krievijas akt\u012bvus. <\/p>\n<p>Aizsardz\u012bbas pas\u0101kumi un tehnolo\u0123iskie risin\u0101jumi<\/p>\n<p>Atbild\u012bg\u0101s iest\u0101des Eiropas valst\u012bs akt\u012bvi mekl\u0113 risin\u0101jumus \u0161\u012bs probl\u0113mas nov\u0113r\u0161anai. V\u0101cij\u0101 tiek izstr\u0101d\u0101ts likumprojekts, kas policijai pie\u0161\u0137irs pla\u0161\u0101kas pilnvaras, tostarp ties\u012bbas notriekt dronus ak\u016btu draudu gad\u012bjumos. Be\u013c\u0123ija pl\u0101no izveidot gaisa telpas nov\u0113ro\u0161anas centru un ieviest oblig\u0101tu dronu re\u0123istr\u0101ciju. Ar\u012b Latvij\u0101 tiek stiprin\u0101tas dro\u0161\u012bbas sp\u0113jas \u2013 R\u012bgas lidost\u0101 tiek iepirktas dronu detekt\u0113\u0161anas sist\u0113mas, un tiek pilnveidoti rea\u0123\u0113\u0161anas meh\u0101nismi. Valsts policija izmekl\u0113 krimin\u0101lprocesus par nelikum\u012bgiem dronu lidojumiem lidostu teritorij\u0101s. Kopum\u0101 Eiropas Savien\u012bbas dal\u012bbvalstis mekl\u0113 kop\u012bgus risin\u0101jumus, tostarp apsver kop\u012bgas ES aizsardz\u012bbas sist\u0113mas izveidi pret droniem. Lidostas vis\u0101 pasaul\u0113, tostarp R\u012bga, akt\u012bvi str\u0101d\u0101 pie jaunu tehnolo\u0123isku risin\u0101jumu un strat\u0113\u0123isku pas\u0101kumu ievie\u0161anas, lai efekt\u012bv\u0101k detekt\u0113tu un rea\u0123\u0113tu uz dronu rad\u012btajiem draudiem. Tas ietver moderna apr\u012bkojuma ieg\u0101di un dienestu rea\u0123\u0113\u0161anas sp\u0113ju pilnveido\u0161anu, lai nodro\u0161in\u0101tu nep\u0101rtrauktu un dro\u0161u gaisa satiksmi. Tiek izstr\u0101d\u0101tas ar\u012b efekt\u012bv\u0101kas tehnolo\u0123isk\u0101s risin\u0101jumi dronu atkl\u0101\u0161anai un neitraliz\u0113\u0161anai, piem\u0113ram, radaru sist\u0113mas, radiofrekvences analizatori, elektrooptisk\u0101s un infrasarkan\u0101s kameras, k\u0101 ar\u012b sign\u0101lu trauc\u0113\u0161anas tehnolo\u0123ijas.<\/p>\n<p>Kravu lidostas \u2013 \u012bpa\u0161s dro\u0161\u012bbas izaicin\u0101jums<\/p>\n<p>Lj\u0113\u017eas lidosta, kas tiek izmantota galvenok\u0101rt kravu p\u0101rvad\u0101jumiem, ir strat\u0113\u0123iski svar\u012bgs objekts Eiropas lo\u0123istikas \u0137\u0113d\u0113. \u0160\u0101di incidenti, kad droni rada satiksmes trauc\u0113jumus, ir \u012bpa\u0161i satrauco\u0161i, jo tie var ietekm\u0113t ne tikai pasa\u017eieru p\u0101rvad\u0101jumus, bet ar\u012b svar\u012bgu pre\u010du pieg\u0101di. Lai gan \u0161obr\u012bd nav ofici\u0101lu zi\u0146u par dronu izcelsmi vai m\u0113r\u0137i Lj\u0113\u017eas lidostas incident\u0101, pla\u0161\u0101ks Eiropas konteksts liecina par iesp\u0113jamu piesardz\u012bbas pas\u0101kumu nepiecie\u0161am\u012bbu un intens\u012bv\u0101ku sadarb\u012bbu starp valst\u012bm, lai nov\u0113rstu \u0161\u0101dus draudus.<\/p>\n","protected":false},"excerpt":{"rendered":"Droni rada satraukumu un trauc\u0113jumus Eiropas kravu lidost\u0101s Be\u013c\u0123ijas pils\u0113t\u0101 Lj\u0113\u017e\u0101, kas ir viens no noz\u012bm\u012bg\u0101kajiem kravu p\u0101rvad\u0101jumu&hellip;\n","protected":false},"author":2,"featured_media":43958,"comment_status":"","ping_status":"","sticky":false,"template":"","format":"standard","meta":{"footnotes":""},"categories":[5],"tags":[23,28,29,75,4644,32,33,1134,22,12388,30,31,35,39,38,36,37,34,12387,40,20,26,27,24,25,21],"class_list":{"0":"post-43957","1":"post","2":"type-post","3":"status-publish","4":"format-standard","5":"has-post-thumbnail","7":"category-aktualitates","8":"tag-aktualitates","9":"tag-breaking-news","10":"tag-breakingnews","11":"tag-droni","12":"tag-eiropas-drosiba","13":"tag-featured-news","14":"tag-featurednews","15":"tag-gaisa-satiksme","16":"tag-headlines","17":"tag-kravu-parvadajumi","18":"tag-latest-news","19":"tag-latestnews","20":"tag-latvia","21":"tag-latvian","22":"tag-latviesu","23":"tag-latviesu-valoda","24":"tag-latviesuvaloda","25":"tag-latvija","26":"tag-lidostas-drosiba","27":"tag-lv","28":"tag-news","29":"tag-popularakas-zinas","30":"tag-popularakaszinas","31":"tag-top-stories","32":"tag-topstories","33":"tag-zinas"},"share_on_mastodon":{"url":"https:\/\/pubeurope.com\/@lv\/115518705769550323","error":""},"_links":{"self":[{"href":"https:\/\/www.europesays.com\/lv\/wp-json\/wp\/v2\/posts\/43957","targetHints":{"allow":["GET"]}}],"collection":[{"href":"https:\/\/www.europesays.com\/lv\/wp-json\/wp\/v2\/posts"}],"about":[{"href":"https:\/\/www.europesays.com\/lv\/wp-json\/wp\/v2\/types\/post"}],"author":[{"embeddable":true,"href":"https:\/\/www.europesays.com\/lv\/wp-json\/wp\/v2\/users\/2"}],"replies":[{"embeddable":true,"href":"https:\/\/www.europesays.com\/lv\/wp-json\/wp\/v2\/comments?post=43957"}],"version-history":[{"count":0,"href":"https:\/\/www.europesays.com\/lv\/wp-json\/wp\/v2\/posts\/43957\/revisions"}],"wp:featuredmedia":[{"embeddable":true,"href":"https:\/\/www.europesays.com\/lv\/wp-json\/wp\/v2\/media\/43958"}],"wp:attachment":[{"href":"https:\/\/www.europesays.com\/lv\/wp-json\/wp\/v2\/media?parent=43957"}],"wp:term":[{"taxonomy":"category","embeddable":true,"href":"https:\/\/www.europesays.com\/lv\/wp-json\/wp\/v2\/categories?post=43957"},{"taxonomy":"post_tag","embeddable":true,"href":"https:\/\/www.europesays.com\/lv\/wp-json\/wp\/v2\/tags?post=43957"}],"curies":[{"name":"wp","href":"https:\/\/api.w.org\/{rel}","templated":true}]}}