{"id":43994,"date":"2025-11-09T08:41:12","date_gmt":"2025-11-09T08:41:12","guid":{"rendered":"https:\/\/www.europesays.com\/lv\/43994\/"},"modified":"2025-11-09T08:41:12","modified_gmt":"2025-11-09T08:41:12","slug":"stranger-things-piekta-sezona-sagaidita-ar-verienigu-pirmizradi-lente-lv-2","status":"publish","type":"post","link":"https:\/\/www.europesays.com\/lv\/43994\/","title":{"rendered":"&#8220;Stranger Things&#8221; piekt\u0101 sezona sagaid\u012bta ar v\u0113rien\u012bgu pirmizr\u0101di\u00a0\u2014\u00a0Lente.lv"},"content":{"rendered":"<p>Nosl\u0113pumain\u0101 pasaule atgrie\u017eas: &#8220;Stranger Things&#8221; piekt\u0101 sezona sagaid\u012bta ar v\u0113rien\u012bgu pirmizr\u0101di<\/p>\n<p>P\u0113c ilgas, tr\u012bs gadus ilgas gaid\u012b\u0161anas, kas \u0161\u0137ita k\u0101 m\u016b\u017e\u012bba, viens no pasaules vispopul\u0101r\u0101kajiem un skat\u012bt\u0101kajiem seri\u0101liem platform\u0101 &#8220;Netflix&#8221;, &#8220;Stranger Things&#8221;, ir gatavs savaldzin\u0101t skat\u012bt\u0101jus atkal. Seri\u0101la piekt\u0101 un p\u0113d\u0113j\u0101 sezona piedz\u012bvoja savu pasaules pirmizr\u0101di Losand\u017eelos\u0101, atkl\u0101jot jaunu noda\u013cu \u0161aj\u0101 aizraujo\u0161aj\u0101 st\u0101st\u0101. Svin\u012bgais pas\u0101kums, kas norisin\u0101j\u0101s presti\u017eaj\u0101 kinote\u0101tr\u012b TCL Chinese Theatre, k\u013cuva par neaizmirstamu notikumu, pulc\u0113jot gandr\u012bz visu seri\u0101la talant\u012bgo komandu \u2013 gan iem\u012b\u013cotos &#8220;vec\u0101s gvardes&#8221; dal\u012bbniekus, gan jaun\u0101s, spilgt\u0101s person\u012bbas, kas pievienoju\u0161\u0101s \u0161ai aizraujo\u0161ajai pasaulei.<\/p>\n<p>Sarkan\u0101 pakl\u0101ja spo\u017eums un p\u0101rsteigumi<\/p>\n<p>Pas\u0101kums Losand\u017eelos\u0101 bija \u012bsts Holivudas zvaig\u017e\u0146u bl\u0101zmas apliecin\u0101jums. Uz sarkan\u0101 pakl\u0101ja goz\u0113j\u0101s seri\u0101la aktieri, rado\u0161\u0101 komanda un viesi, radot sv\u0113tku atmosf\u0113ru. \u0160\u012b pirmizr\u0101de bija ne tikai ofici\u0101ls piekt\u0101s sezonas atkl\u0101\u0161anas br\u012bdis, bet ar\u012b iesp\u0113ja aktieriem un veidot\u0101jiem kop\u012bgi atz\u012bm\u0113t \u0161o noz\u012bm\u012bgo pav\u0113rsienu, vienlaikus izr\u0101dot saj\u016bsmu un nelielu skumju par gaid\u0101maj\u0101m nosl\u0113guma c\u012b\u0146\u0101m.<\/p>\n<p>Aktieri dal\u012bj\u0101s iespaidos par film\u0113\u0161anas procesu, kas, k\u0101 jau ierasts, bijis gan intens\u012bvs, gan emocion\u0101li bag\u0101ts. Vi\u0146i uzsv\u0113ra komandas darba noz\u012bmi un cie\u0161\u0101s saites, kas izveidoju\u0161\u0101s starp vi\u0146iem film\u0113\u0161anas gados. \u0160\u012b piekt\u0101 sezona sola v\u0113l vair\u0101k aizraujo\u0161u notikumu, atbildes uz ilgi gaid\u012btajiem jaut\u0101jumiem un, protams, neaizmirstamu nosl\u0113gumu st\u0101stam, kas savaldzin\u0101jis miljoniem skat\u012bt\u0101ju vis\u0101 pasaul\u0113. Gaid\u0101ms, ka \u0161\u012b sezona dosies v\u0113l dzi\u013c\u0101k nosl\u0113pumainaj\u0101 un baisaj\u0101 Pasl\u0113ptaj\u0101 pus\u0113, saskaroties ar visliel\u0101kajiem draudiem, k\u0101dus Vensa l\u012bdz \u0161im ir sask\u0101ru\u0161ies.<\/p>\n<p>Kas gaid\u0101ms jaunaj\u0101 sezon\u0101?<\/p>\n<p>Lai gan ofici\u0101lie jaun\u0101s sezonas si\u017eeta atkl\u0101jumi ir stingri tur\u0113ti nosl\u0113pum\u0101, baumas un spekul\u0101cijas jau sen ir uz\u0146\u0113mu\u0161as apgriezienus. Faniem tiek sol\u012bts v\u0113l vair\u0101k episkuma, spriedzes un negaid\u012btu pagriezienu. Ir skaidrs, ka \u0161\u012b sezona b\u016bs pilna ar sentimentu, jo t\u0101 atz\u012bm\u0113s varo\u0146u ce\u013cojuma nosl\u0113gumu. Seri\u0101la veidot\u0101ji, Dufferu br\u0101\u013ci, ir sol\u012bju\u0161i nodro\u0161in\u0101t cien\u012bgu nosl\u0113gumu, kas godin\u0101tu visas iepriek\u0161\u0113j\u0101s sezonas un atst\u0101tu palieko\u0161u iespaidu.<\/p>\n<p>Paredzams, ka piekt\u0101 sezona piev\u0113rs\u012bsies galvenaj\u0101m si\u017eeta l\u012bnij\u0101m, kas tika ieviestas iepriek\u0161\u0113j\u0101s da\u013c\u0101s, un cent\u012bsies nosl\u0113gt visas atv\u0113rt\u0101s durvis. Tiek prognoz\u0113ts, ka seri\u0101ls saglab\u0101s savu unik\u0101lo 80. gadu est\u0113tiku, nosl\u0113pumain\u012bbu un spriedzi, kas ir k\u013cuvusi par t\u0101 viz\u012btkarti. Skat\u012bt\u0101ji var sagaid\u012bt atgrie\u0161anos pie iem\u012b\u013cotajiem varo\u0146iem, kuriem n\u0101ksies saskarties ar sav\u0101m dzi\u013c\u0101kaj\u0101m bail\u0113m un liel\u0101kajiem izaicin\u0101jumiem, lai gl\u0101btu gan sevi, gan savu pasauli no tum\u0161ajiem sp\u0113kiem, kas vienm\u0113r ir kl\u0101teso\u0161i.<\/p>\n<p>Kritika un fanu gaidas<\/p>\n<p>Kop\u0161 seri\u0101la pirm\u0101s sezonas par\u0101d\u012b\u0161an\u0101s 2016. gad\u0101, &#8220;Stranger Things&#8221; ir guvis pla\u0161u atzin\u012bbu gan no kriti\u0137iem, gan skat\u012bt\u0101jiem, k\u013c\u016bstot par vienu no visvair\u0101k apspriestajiem kult\u016bras fenomeniem. Seri\u0101ls ir slav\u0113ts par t\u0101 ori\u0123in\u0101lo si\u017eetu, lielisko aktiersp\u0113li, sirre\u0101lo atmosf\u0113ru un sp\u0113ju apvienot da\u017e\u0101dus \u017eanrus \u2013 no zin\u0101tnisk\u0101s fantastikas un \u0161ausmu elementiem l\u012bdz pat emocion\u0101lai dr\u0101mai. &#8220;Stranger Things&#8221; ir iemantojis stabilu vietu popul\u0101r\u0101k\u0101s kult\u016bras kanon\u0101, un t\u0101 varo\u0146i ir k\u013cuvu\u0161i par ikonu.<\/p>\n<p>Piekt\u0101s sezonas gaidas ir milz\u012bgas. Fani vis\u0101 pasaul\u0113 ir satraukti, cerot uz spilgtu un apmierino\u0161u nosl\u0113gumu. P\u0113c tr\u012bs gadu ilga p\u0101rtraukuma, ko aizkav\u0113ja ar\u012b glob\u0101l\u0101 pand\u0113mija, paciet\u012bba ir tikusi gal\u0101. Tagad, kad sarkan\u0101 pakl\u0101ja pas\u0101kums ir aiz muguras un pirm\u0101s atsauksmes s\u0101k par\u0101d\u012bties, ir skaidrs, ka &#8220;Stranger Things&#8221; savu gal\u012bgo atvadu reizi padar\u012bs par neaizmirstamu notikumu.<\/p>\n<p>N\u0101kotnes perspekt\u012bvas<\/p>\n<p>Lai gan piekt\u0101 sezona iez\u012bm\u0113 seri\u0101la nosl\u0113gumu, ir skaidrs, ka &#8220;Stranger Things&#8221; pasaule turpin\u0101s dz\u012bvot. Aktieru karjeras ir uz\u0146\u0113mu\u0161as apgriezienus, un daudzi no vi\u0146iem jau ir devu\u0161ies uz cit\u0101m aizraujo\u0161\u0101m film\u0101m un seri\u0101liem. Turkl\u0101t seri\u0101la pan\u0101kumi ir pav\u0113ru\u0161i durvis jaun\u0101m iesp\u0113j\u0101m &#8220;Netflix&#8221; platformai, lai turpin\u0101tu att\u012bst\u012bt \u0161o fran\u0161\u012bzi, iesp\u0113jams, ar jaun\u0101m st\u0101stiem vai cit\u0101m noda\u013c\u0101m \u0161aj\u0101 nosl\u0113pumainaj\u0101 Visum\u0101. \u0160obr\u012bd gan visa uzman\u012bba ir piev\u0113rsta piekt\u0101s sezonas gaid\u0101m un t\u0101s v\u0113rien\u012bgajam nosl\u0113gumam, kas sol\u0101s b\u016bt patiesi episks.<\/p>\n","protected":false},"excerpt":{"rendered":"Nosl\u0113pumain\u0101 pasaule atgrie\u017eas: &#8220;Stranger Things&#8221; piekt\u0101 sezona sagaid\u012bta ar v\u0113rien\u012bgu pirmizr\u0101di P\u0113c ilgas, tr\u012bs gadus ilgas gaid\u012b\u0161anas, kas&hellip;\n","protected":false},"author":2,"featured_media":43995,"comment_status":"","ping_status":"","sticky":false,"template":"","format":"standard","meta":{"footnotes":""},"categories":[19],"tags":[89,90,269,35,39,38,36,37,34,40,8656,12326,12325,12327],"class_list":{"0":"post-43994","1":"post","2":"type-post","3":"status-publish","4":"format-standard","5":"has-post-thumbnail","7":"category-izklaide","8":"tag-entertainment","9":"tag-izklaide","10":"tag-jauna-sezona","11":"tag-latvia","12":"tag-latvian","13":"tag-latviesu","14":"tag-latviesu-valoda","15":"tag-latviesuvaloda","16":"tag-latvija","17":"tag-lv","18":"tag-netflix-serials","19":"tag-pasaules-pirmizrade","20":"tag-stranger-things-5-sezona","21":"tag-tcl-chinese-theatre"},"share_on_mastodon":{"url":"https:\/\/pubeurope.com\/@lv\/115518851207006464","error":""},"_links":{"self":[{"href":"https:\/\/www.europesays.com\/lv\/wp-json\/wp\/v2\/posts\/43994","targetHints":{"allow":["GET"]}}],"collection":[{"href":"https:\/\/www.europesays.com\/lv\/wp-json\/wp\/v2\/posts"}],"about":[{"href":"https:\/\/www.europesays.com\/lv\/wp-json\/wp\/v2\/types\/post"}],"author":[{"embeddable":true,"href":"https:\/\/www.europesays.com\/lv\/wp-json\/wp\/v2\/users\/2"}],"replies":[{"embeddable":true,"href":"https:\/\/www.europesays.com\/lv\/wp-json\/wp\/v2\/comments?post=43994"}],"version-history":[{"count":0,"href":"https:\/\/www.europesays.com\/lv\/wp-json\/wp\/v2\/posts\/43994\/revisions"}],"wp:featuredmedia":[{"embeddable":true,"href":"https:\/\/www.europesays.com\/lv\/wp-json\/wp\/v2\/media\/43995"}],"wp:attachment":[{"href":"https:\/\/www.europesays.com\/lv\/wp-json\/wp\/v2\/media?parent=43994"}],"wp:term":[{"taxonomy":"category","embeddable":true,"href":"https:\/\/www.europesays.com\/lv\/wp-json\/wp\/v2\/categories?post=43994"},{"taxonomy":"post_tag","embeddable":true,"href":"https:\/\/www.europesays.com\/lv\/wp-json\/wp\/v2\/tags?post=43994"}],"curies":[{"name":"wp","href":"https:\/\/api.w.org\/{rel}","templated":true}]}}