{"id":44011,"date":"2025-11-09T09:16:17","date_gmt":"2025-11-09T09:16:17","guid":{"rendered":"https:\/\/www.europesays.com\/lv\/44011\/"},"modified":"2025-11-09T09:16:17","modified_gmt":"2025-11-09T09:16:17","slug":"vins-ir-pelnijis-splavienu-seja","status":"publish","type":"post","link":"https:\/\/www.europesays.com\/lv\/44011\/","title":{"rendered":"Vi\u0146\u0161 ir peln\u012bjis sp\u013c\u0101vienu sej\u0101!"},"content":{"rendered":"<p>&#8220;Apvienot\u0101 saraksta&#8221; deput\u0101ts Andris Kulbergs soci\u0101lajos t\u012bklos rupji izteicies par Latvijas patriotu un k\u0101dreiz\u0113jo Latvijas Tautas frontes priek\u0161s\u0113d\u0113t\u0101ju Daini \u012av\u0101nu.<\/p>\n<p>K\u0101 zin\u0101ms, \u012av\u0101ns uzst\u0101j\u0101s un teica runu nesenaj\u0101 protest\u0101, kur\u0101 t\u016bksto\u0161iem cilv\u0113ku iebilda pret izst\u0101\u0161anos no Stambulas konvencijas. Tas saniknojis daudzus politi\u0137us, kuri balsoja par to, lai Latvija izst\u0101tos no konvencijas, kas paredz vardarb\u012bbas pret sieviet\u0113m izskau\u0161anu.<\/p>\n<p><a target=\"_blank\" href=\"https:\/\/twitter.com\/CardinalisRavus\/status\/1986565488483455046\" rel=\"nofollow noopener\">https:\/\/twitter.com\/CardinalisRavus\/status\/1986565488483455046<\/a>\ufeff<\/p>\n<p>&#8220;God\u012bgi, t\u0101 bija \u013coti pret\u012bga [runa], necien\u012bga pret sabiedr\u012bbu, melns un balts, sliktie pret labiem. Kauns.&#8221;<\/p>\n<p>Seko l\u012bdzi port\u0101la 1188.lv jaunumiem ar\u012b &#8220;Whatsapp&#8221; kan\u0101l\u0101 <a target=\"_blank\" href=\"https:\/\/whatsapp.com\/channel\/0029Vb6zcYhIiRp25N9ArG3o\" rel=\"nofollow noopener\">\u0160EIT<\/a><\/p>\n<blockquote><p>Esmu v\u012blies \u012av\u0101n\u0101, vi\u0146\u0161 ir peln\u012bjis sp\u013c\u0101vienu sej\u0101 par \u0161o, \u012bpa\u0161i sal\u012bdzin\u0101t \u0161o pas\u0101kumu ar atmodu.<\/p><\/blockquote>\n<p>Z\u012bm\u012bgi, ka Kulbergs p\u0113c tam savos ierakstos nor\u0101d\u012bjis, ka tie\u0161\u0101m b\u016btu gatavs iesp\u013caut le\u0123end\u0101rajam \u012av\u0101nam sej\u0101.<\/p>\n<p>\u012av\u0101ns ir bijis noz\u012bm\u012bga fig\u016bra Latvijas atmodas jeb neatkar\u012bbas atjauno\u0161anas period\u0101 un vi\u0146a loma LTF un sabiedriskaj\u0101 mobiliz\u0101cij\u0101 bija \u0101rk\u0101rt\u012bgi b\u016btiska. <\/p>\n<p><a target=\"_blank\" href=\"https:\/\/twitter.com\/JurgisLiepnieks\/status\/1987152246778274165\" rel=\"nofollow noopener\">https:\/\/twitter.com\/JurgisLiepnieks\/status\/1987152246778274165<\/a><\/p>\n<p><a target=\"_blank\" href=\"https:\/\/twitter.com\/AndrisKulbergs\/status\/1986924744533565506\" rel=\"nofollow noopener\">https:\/\/twitter.com\/AndrisKulbergs\/status\/1986924744533565506<\/a><\/p>\n<p><a target=\"_blank\" href=\"https:\/\/twitter.com\/pucej\/status\/1987163590063755412\" rel=\"nofollow noopener\">https:\/\/twitter.com\/pucej\/status\/1987163590063755412<\/a><\/p>\n<p><img decoding=\"async\" src=\"https:\/\/www.europesays.com\/lv\/wp-content\/uploads\/2025\/11\/a853d1d754519d44ac4adcd98483fadb.png\" title=\"Andris Kulbergs un Dainis \u012av\u0101ns. Foto: Evija Trifanova\/LETA\" alt=\"Andris Kulbergs un Dainis \u012av\u0101ns. Foto: Evija Trifanova\/LETA\"\/><\/p>\n<p class=\"article-img-desc\">Andris Kulbergs un Dainis \u012av\u0101ns. Foto: Evija Trifanova\/LETA<\/p>\n<p><script async src=\"https:\/\/platform.twitter.com\/widgets.js\" charset=\"utf-8\"><\/script><\/p>\n","protected":false},"excerpt":{"rendered":"&#8220;Apvienot\u0101 saraksta&#8221; deput\u0101ts Andris Kulbergs soci\u0101lajos t\u012bklos rupji izteicies par Latvijas patriotu un k\u0101dreiz\u0113jo Latvijas Tautas frontes priek\u0161s\u0113d\u0113t\u0101ju&hellip;\n","protected":false},"author":2,"featured_media":44012,"comment_status":"","ping_status":"","sticky":false,"template":"","format":"standard","meta":{"footnotes":""},"categories":[5],"tags":[129,3277,23,28,29,32,33,22,30,31,35,39,38,36,37,34,40,20,26,27,3278,3279,24,25,21],"class_list":{"0":"post-44011","1":"post","2":"type-post","3":"status-publish","4":"format-standard","5":"has-post-thumbnail","7":"category-aktualitates","8":"tag-__typenameadvicekeyword","9":"tag-id969","10":"tag-aktualitates","11":"tag-breaking-news","12":"tag-breakingnews","13":"tag-featured-news","14":"tag-featurednews","15":"tag-headlines","16":"tag-latest-news","17":"tag-latestnews","18":"tag-latvia","19":"tag-latvian","20":"tag-latviesu","21":"tag-latviesu-valoda","22":"tag-latviesuvaloda","23":"tag-latvija","24":"tag-lv","25":"tag-news","26":"tag-popularakas-zinas","27":"tag-popularakaszinas","28":"tag-slugstambulas-konvencija","29":"tag-titlestambulas-konvencija","30":"tag-top-stories","31":"tag-topstories","32":"tag-zinas"},"share_on_mastodon":{"url":"https:\/\/pubeurope.com\/@lv\/115518988977099711","error":""},"_links":{"self":[{"href":"https:\/\/www.europesays.com\/lv\/wp-json\/wp\/v2\/posts\/44011","targetHints":{"allow":["GET"]}}],"collection":[{"href":"https:\/\/www.europesays.com\/lv\/wp-json\/wp\/v2\/posts"}],"about":[{"href":"https:\/\/www.europesays.com\/lv\/wp-json\/wp\/v2\/types\/post"}],"author":[{"embeddable":true,"href":"https:\/\/www.europesays.com\/lv\/wp-json\/wp\/v2\/users\/2"}],"replies":[{"embeddable":true,"href":"https:\/\/www.europesays.com\/lv\/wp-json\/wp\/v2\/comments?post=44011"}],"version-history":[{"count":0,"href":"https:\/\/www.europesays.com\/lv\/wp-json\/wp\/v2\/posts\/44011\/revisions"}],"wp:featuredmedia":[{"embeddable":true,"href":"https:\/\/www.europesays.com\/lv\/wp-json\/wp\/v2\/media\/44012"}],"wp:attachment":[{"href":"https:\/\/www.europesays.com\/lv\/wp-json\/wp\/v2\/media?parent=44011"}],"wp:term":[{"taxonomy":"category","embeddable":true,"href":"https:\/\/www.europesays.com\/lv\/wp-json\/wp\/v2\/categories?post=44011"},{"taxonomy":"post_tag","embeddable":true,"href":"https:\/\/www.europesays.com\/lv\/wp-json\/wp\/v2\/tags?post=44011"}],"curies":[{"name":"wp","href":"https:\/\/api.w.org\/{rel}","templated":true}]}}