{"id":44013,"date":"2025-11-09T09:17:08","date_gmt":"2025-11-09T09:17:08","guid":{"rendered":"https:\/\/www.europesays.com\/lv\/44013\/"},"modified":"2025-11-09T09:17:08","modified_gmt":"2025-11-09T09:17:08","slug":"skandals-igaunija-par-iecereto-koncertu-limp-bizkit-solists-atbalstijis-krimas-aneksiju","status":"publish","type":"post","link":"https:\/\/www.europesays.com\/lv\/44013\/","title":{"rendered":"Skand\u0101ls Igaunij\u0101 par iecer\u0113to koncertu. &#8220;Limp Bizkit&#8221; solists atbalst\u012bjis Krimas aneksiju"},"content":{"rendered":"<p>Koncerts pl\u0101nots n\u0101kam\u0101 gada 31. maij\u0101.<\/p>\n<p>Igaunijas \u0101rlietu ministrs Marguss Cahkna jau nosod\u012bjis koncerta r\u012bko\u0161anu un paudis, ka Krievijas agresijas atbalst\u012bt\u0101ji Igaunij\u0101 nav gaid\u012bti.<\/p>\n<p>Koncerta organizatori savuk\u0101rt skaidro, ka D\u0113rsta atbalsts Krievijai ir 10 gadus sena pag\u0101tne un grupa p\u0113d\u0113jos gados regul\u0101ri uzst\u0101jas Eirop\u0101.<\/p>\n<p>&#8220;L-tips agency&#8221; valdes loceklis <a href=\"https:\/\/www.apollo.lv\/term\/811825\/gints-putnins\" class=\"topicLink\" target=\"_blank\" rel=\"nofollow noopener\">Gints Putni\u0146\u0161<\/a> prognoz\u0113ja, ka \u0161\u0101du gad\u012bjumu var\u0113tu k\u013c\u016bt arvien vair\u0101k, it \u012bpa\u0161i saist\u012bb\u0101 ar m\u0101ksliniekiem no Amerikas, kuri bie\u017ei vien visai virspus\u0113ji seko l\u012bdzi politiskajiem notikumiem Eirop\u0101 un ar\u012b neuztver tos tik saasin\u0101ti k\u0101 m\u0113s Baltijas valst\u012bs. Ne vienm\u0113r r\u012bkot\u0101jiem ir pieejama ar\u012b piln\u012bga inform\u0101cija par vi\u0146u pag\u0101tnes gait\u0101m un nost\u0101ju.<\/p>\n<p>Attiec\u012bb\u0101 uz grupu &#8220;Limp Bizkit&#8221; Putni\u0146a nost\u0101ja ir \u2013 vi\u0146\u0161 \u0161\u0101du koncertu neb\u016btu r\u012bkojis, jo grupas solista Freda D\u0113rsta pag\u0101tne gan ir bijusi publiski laba zin\u0101ma un, kaut ar\u012b atbalstu Krievijai un Vladimiram Putinam vi\u0146\u0161 paudis pirms 10 gadiem, nek\u0101da pa\u0161kritika p\u0113c tam nav sekojusi.<\/p>\n<p>P\u0113c Putni\u0146a dom\u0101m, svar\u012bgi b\u016btu l\u0113mumu pie\u0146emt l\u012bdz bi\u013ce\u0161u p\u0101rdo\u0161anas s\u0101kumam, kas ir 14. novembris.<\/p>\n","protected":false},"excerpt":{"rendered":"Koncerts pl\u0101nots n\u0101kam\u0101 gada 31. maij\u0101. Igaunijas \u0101rlietu ministrs Marguss Cahkna jau nosod\u012bjis koncerta r\u012bko\u0161anu un paudis, ka&hellip;\n","protected":false},"author":2,"featured_media":44014,"comment_status":"","ping_status":"","sticky":false,"template":"","format":"standard","meta":{"footnotes":""},"categories":[19],"tags":[89,12405,73,90,12407,35,39,38,36,37,34,12406,40],"class_list":{"0":"post-44013","1":"post","2":"type-post","3":"status-publish","4":"format-standard","5":"has-post-thumbnail","7":"category-izklaide","8":"tag-entertainment","9":"tag-gints-putnins","10":"tag-igaunija","11":"tag-izklaide","12":"tag-krimas-aneksija","13":"tag-latvia","14":"tag-latvian","15":"tag-latviesu","16":"tag-latviesu-valoda","17":"tag-latviesuvaloda","18":"tag-latvija","19":"tag-limp-bizkit","20":"tag-lv"},"share_on_mastodon":{"url":"https:\/\/pubeurope.com\/@lv\/115518992821770250","error":""},"_links":{"self":[{"href":"https:\/\/www.europesays.com\/lv\/wp-json\/wp\/v2\/posts\/44013","targetHints":{"allow":["GET"]}}],"collection":[{"href":"https:\/\/www.europesays.com\/lv\/wp-json\/wp\/v2\/posts"}],"about":[{"href":"https:\/\/www.europesays.com\/lv\/wp-json\/wp\/v2\/types\/post"}],"author":[{"embeddable":true,"href":"https:\/\/www.europesays.com\/lv\/wp-json\/wp\/v2\/users\/2"}],"replies":[{"embeddable":true,"href":"https:\/\/www.europesays.com\/lv\/wp-json\/wp\/v2\/comments?post=44013"}],"version-history":[{"count":0,"href":"https:\/\/www.europesays.com\/lv\/wp-json\/wp\/v2\/posts\/44013\/revisions"}],"wp:featuredmedia":[{"embeddable":true,"href":"https:\/\/www.europesays.com\/lv\/wp-json\/wp\/v2\/media\/44014"}],"wp:attachment":[{"href":"https:\/\/www.europesays.com\/lv\/wp-json\/wp\/v2\/media?parent=44013"}],"wp:term":[{"taxonomy":"category","embeddable":true,"href":"https:\/\/www.europesays.com\/lv\/wp-json\/wp\/v2\/categories?post=44013"},{"taxonomy":"post_tag","embeddable":true,"href":"https:\/\/www.europesays.com\/lv\/wp-json\/wp\/v2\/tags?post=44013"}],"curies":[{"name":"wp","href":"https:\/\/api.w.org\/{rel}","templated":true}]}}