{"id":44030,"date":"2025-11-09T09:28:10","date_gmt":"2025-11-09T09:28:10","guid":{"rendered":"https:\/\/www.europesays.com\/lv\/44030\/"},"modified":"2025-11-09T09:28:10","modified_gmt":"2025-11-09T09:28:10","slug":"zohrans-mamdani-klust-par-pilsetas-pirmo-musulmanu-meru-lente-lv","status":"publish","type":"post","link":"https:\/\/www.europesays.com\/lv\/44030\/","title":{"rendered":"Zohrans Mamdani k\u013c\u016bst par pils\u0113tas pirmo musulma\u0146u m\u0113ru\u00a0\u2014\u00a0Lente.lv"},"content":{"rendered":"<p>Jaunais \u0145ujorkas m\u0113rs: Zohrans Mamdani v\u0113sturisk\u0101 uzvar\u0101<\/p>\n<p>\u0145ujorka ir sa\u0146\u0113musi jaunu l\u012bderi \u2013 pils\u0113tas m\u0113ra amat\u0101 iev\u0113l\u0113ts Zohrans Mamdani. \u0160\u012b uzvara ir ne tikai politisks notikums, bet ar\u012b noz\u012bm\u012bgs br\u012bdis pils\u0113tas v\u0113stur\u0113, jo Mamdani ir pirmais musulmanis, kas jebkad ie\u0146\u0113mis \u0161o augsto posteni, un jaun\u0101kais m\u0113rs vair\u0101k nek\u0101 gadsimta laik\u0101. Vi\u0146a sasniegums ir k\u013cuvis par glob\u0101lu zi\u0146u, par ko run\u0101 vis\u0101 pasaul\u0113.<\/p>\n<p>Mamdani ce\u013c\u0161 uz varu: No Ugandas l\u012bdz \u0145ujorkas m\u0113ra kr\u0113slam<\/p>\n<p>Zohranam Mamdani ir 34 gadi, un vi\u0146a politisk\u0101 karjera ir piedz\u012bvojusi iev\u0113rojamu izaugsmi. Vi\u0146\u0161 uzvar\u0113jis ar iespaid\u012bgu balsu vair\u0101kumu, sa\u0146emot aptuveni pusi no nodotaj\u0101m bals\u012bm, kas p\u0101rsniedz miljonu. Tas ir pirmais gad\u012bjums kop\u0161 1969. gada, kad k\u0101ds kandid\u0101ts \u0145ujork\u0101 sp\u0113jis g\u016bt tik pla\u0161u tautas atbalstu. Mamdani, kur\u0161 dzimis Kampal\u0101, Ugand\u0101, un septi\u0146u gadu vecum\u0101 kop\u0101 ar \u0123imeni p\u0101rc\u0113lies uz \u0145ujorku, ir pier\u0101d\u012bjis, ka vi\u0146a v\u0113st\u012bjums par ekonomisko taisn\u012bgumu un pieejam\u012bbu rezon\u0113 ar da\u017e\u0101d\u0101m v\u0113l\u0113t\u0101ju grup\u0101m. Vi\u0146a dz\u012bvesst\u0101sts, ko veidoju\u0161i starptautiski pieredze un agr\u012bna saskarsme ar soci\u0101liem jaut\u0101jumiem, ir k\u013cuvis par iedvesmas avotu daudziem.<\/p>\n<p>Ne tikai politi\u0137is: Mamdani person\u012bba un kampa\u0146as strat\u0113\u0123ija<\/p>\n<p>Zohrana Mamdani popularit\u0101te nav balst\u012bta tikai uz vi\u0146a politiskaj\u0101m idej\u0101m, bet ar\u012b uz vi\u0146a harizm\u0101tisko un atv\u0113rt\u012bbu. Vi\u0146\u0161 ir sp\u0113jis uzrun\u0101t jaunie\u0161us un pirmoreiz balsojo\u0161os, izmantojot soci\u0101los medijus un akt\u012bvu iesaist\u012b\u0161anos kopien\u0101s. Vi\u0146a kampa\u0146a koncentr\u0113j\u0101s uz t\u0101d\u0101m probl\u0113m\u0101m k\u0101 m\u0101jok\u013cu pieejam\u012bba, \u012bres cenu iesald\u0113\u0161ana un soci\u0101l\u0101 taisn\u012bguma nodro\u0161in\u0101\u0161ana. Mamdani ir k\u013cuvis par tautas balsi, pied\u0101v\u0101jot cer\u012bgu v\u012bziju par \u0145ujorku, kur\u0101 dz\u012bve var\u0113tu b\u016bt viegl\u0101ka un cie\u0146piln\u0101ka. Vi\u0146a atpaz\u012bstam\u012bba strauji pieauga, jo vi\u0146\u0161 akt\u012bvi izmantoja soci\u0101los medijus, daloties ar saviem viedok\u013ciem un kampa\u0146as sol\u012bjumiem, bie\u017ei vien humoristisk\u0101 un saisto\u0161\u0101 veid\u0101, piem\u0113ram, run\u0101jot par \u012bres cen\u0101m, skrienot \u0145ujorkas maraton\u0101, vai radot t\u0101dus terminus k\u0101 &#8220;halalflation&#8221;.<\/p>\n<p>V\u0113sturisk\u0101 noz\u012bme: Pirmais musulmanis un jaun\u0101kais m\u0113rs<\/p>\n<p>Zohrana Mamdani uzvara ir noz\u012bm\u012bga ar vair\u0101kiem v\u0113sturiskiem aspektiem. Vi\u0146\u0161 ir pirmais musulmanis, kas ieguvis \u0145ujorkas m\u0113ra amatu, kas ir \u012bpa\u0161i svar\u012bgi laik\u0101, kad daudzviet pasaul\u0113 v\u0113rojama pieaugo\u0161a neieciet\u012bba un aizdom\u012bgums pret musulma\u0146u kopien\u0101m. Turkl\u0101t, b\u016bdams 34 gadus vecs, vi\u0146\u0161 ir jaun\u0101kais m\u0113rs p\u0113d\u0113j\u0101 gadsimta laik\u0101. \u0160is sasniegums liecina par \u0145ujorkas pils\u0113tas atv\u0113rt\u012bbu un progres\u012bvo virzienu, ko t\u0101 v\u0113las ie\u0146emt. Vi\u0146\u0161 ir ar\u012b pirmais dienvidaustrumu \u0100zijas izcelsmes m\u0113rs.<\/p>\n<p>Politiskais fons un kampa\u0146as sol\u012bjumi<\/p>\n<p>Pirms k\u013c\u016b\u0161anas par m\u0113ru, Mamdani bija \u0161tata asamblejas loceklis, p\u0101rst\u0101vot \u0145ujorkas 36. distriktu. Vi\u0146\u0161 ir paz\u012bstams ar sav\u0101m progres\u012bvaj\u0101m idej\u0101m un ap\u0146em\u0161anos c\u012bn\u012bties par ekonomisko taisn\u012bgumu. Vi\u0146a kampa\u0146as galvenie sol\u012bjumi ietv\u0113ra bezmaksas sabiedrisk\u0101 transporta nodro\u0161in\u0101\u0161anu, univers\u0101lu b\u0113rnu apr\u016bpi, pils\u0113tas p\u0101rvald\u012btu p\u0101rtikas veikalu izveidi un \u012bres maksu iesald\u0113\u0161anu \u012bres l\u012bgumos, kas ir stabiliz\u0113ti. Lai finans\u0113tu \u0161\u012bs iniciat\u012bvas, vi\u0146\u0161 pl\u0101no palielin\u0101t nodok\u013cus tur\u012bgajiem. Mamdani sav\u0101 uzrun\u0101 p\u0113c uzvaras sol\u012bja &#8220;nep\u0101rtrauktu uzlabo\u0161anos&#8221; pils\u0113tai un agres\u012bv\u0101ko pieejam\u012bbas programmu kop\u0161 Fiorello LaGuardia laikiem.<\/p>\n<p>Izaicin\u0101jumi un n\u0101kotnes perspekt\u012bvas<\/p>\n<p>Lai gan Zohrana Mamdani uzvara ir iespaid\u012bga, vi\u0146a priek\u0161\u0101 st\u0101v ar\u012b lieli izaicin\u0101jumi. \u0145ujorka ir pils\u0113ta ar daudz\u0101m sare\u017e\u0123\u012bt\u0101m probl\u0113m\u0101m, s\u0101kot no m\u0101jok\u013cu kr\u012bzes un beidzot ar sabiedrisk\u0101 transporta sist\u0113mas uztur\u0113\u0161anu. Vi\u0146a ambiciozie pl\u0101ni prasa ne tikai politisko gribu, bet ar\u012b iev\u0113rojamus finan\u0161u resursus. Skepti\u0137i jau ir paudu\u0161i ba\u017eas par vi\u0146a pl\u0101nu nerealiz\u0113jam\u012bbu, \u012bpa\u0161i attiec\u012bb\u0101 uz nodok\u013cu palielin\u0101\u0161anu. Tom\u0113r Mamdani ir par\u0101d\u012bjis sp\u0113ju mobiliz\u0113t v\u0113l\u0113t\u0101jus un rad\u012bt jaunu politisko dinamiku. Vi\u0146a uzvara ir apliecin\u0101jums tam, ka progres\u012bv\u0101s idejas var g\u016bt pan\u0101kumus pat liel\u0101kaj\u0101 ASV pils\u0113t\u0101. Vi\u0146a administr\u0101cija sola s\u0101kt darbu nekav\u0113joties, lai \u012bstenotu savu darba k\u0101rt\u012bbu no pirm\u0101s dienas.<\/p>\n<p>Starptautisk\u0101 rezonanse un politisk\u0101 noz\u012bme<\/p>\n<p>Zohrana Mamdani iev\u0113l\u0113\u0161ana par \u0145ujorkas m\u0113ru ir guvusi pla\u0161u starptautisku iev\u0113r\u012bbu. Daudzi politiskie koment\u0113t\u0101ji un anal\u012bti\u0137i to uzskata par noz\u012bm\u012bgu notikumu ne tikai ASV, bet ar\u012b glob\u0101laj\u0101 politik\u0101. Vi\u0146a uzvara tiek v\u0113rt\u0113ta k\u0101 cer\u012bbas stari\u0146\u0161 progres\u012bvajiem sp\u0113kiem vis\u0101 pasaul\u0113, \u012bpa\u0161i laik\u0101, kad daudzviet v\u0113rojama politisk\u0101 polariz\u0101cija un pieaugo\u0161ais nacion\u0101lisms. Da\u017ei pat uzskata, ka Mamdani ir k\u013cuvis par jauno Amerikas kreiso sp\u0113ku standartu, liecinot par paaud\u017eu mai\u0146u politik\u0101. Vi\u0146a sp\u0113ja veidot pla\u0161u koal\u012bciju, kas ietver da\u017e\u0101das etnisk\u0101s grupas un soci\u0101los sl\u0101\u0146us, ir piem\u0113rs citiem politi\u0137iem.<\/p>\n<p>Secin\u0101jums: Jauna \u0113ra \u0145ujorkas politik\u0101<\/p>\n<p>Zohrana Mamdani uzvara \u0145ujorkas m\u0113ra v\u0113l\u0113\u0161an\u0101s iez\u012bm\u0113 jaunu \u0113ru pils\u0113tas politiskaj\u0101 ainav\u0101. K\u0101 pirmais musulmanis un viens no jaun\u0101kajiem m\u0113riem v\u0113stur\u0113, vi\u0146\u0161 ir ne tikai p\u0101rk\u0101pis vair\u0101kas barjeras, bet ar\u012b ienesis jaunu perspekt\u012bvu pils\u0113tas vad\u012bb\u0101. Vi\u0146a kampa\u0146a, kas fokus\u0113j\u0101s uz pieejam\u012bbu un soci\u0101lo taisn\u012bgumu, ir par\u0101d\u012bjusi, ka progres\u012bvas idejas var g\u016bt atbalstu pat liel\u0101kaj\u0101 Amerikas metropol\u0113. Lai gan izaicin\u0101jumi ir lieli, Mamdani ir gatavs saskarties ar tiem un str\u0101d\u0101t, lai \u0145ujorka k\u013c\u016btu par dro\u0161\u0101ku un pieejam\u0101ku vietu visiem t\u0101s iedz\u012bvot\u0101jiem.<\/p>\n","protected":false},"excerpt":{"rendered":"Jaunais \u0145ujorkas m\u0113rs: Zohrans Mamdani v\u0113sturisk\u0101 uzvar\u0101 \u0145ujorka ir sa\u0146\u0113musi jaunu l\u012bderi \u2013 pils\u0113tas m\u0113ra amat\u0101 iev\u0113l\u0113ts Zohrans&hellip;\n","protected":false},"author":2,"featured_media":44031,"comment_status":"","ping_status":"","sticky":false,"template":"","format":"standard","meta":{"footnotes":""},"categories":[5],"tags":[23,28,29,32,33,22,30,31,35,39,38,36,37,34,40,12409,20,11980,12410,26,27,24,25,12408,21,11979],"class_list":{"0":"post-44030","1":"post","2":"type-post","3":"status-publish","4":"format-standard","5":"has-post-thumbnail","7":"category-aktualitates","8":"tag-aktualitates","9":"tag-breaking-news","10":"tag-breakingnews","11":"tag-featured-news","12":"tag-featurednews","13":"tag-headlines","14":"tag-latest-news","15":"tag-latestnews","16":"tag-latvia","17":"tag-latvian","18":"tag-latviesu","19":"tag-latviesu-valoda","20":"tag-latviesuvaloda","21":"tag-latvija","22":"tag-lv","23":"tag-musulmanu-politikis","24":"tag-news","25":"tag-nujorkas-mers","26":"tag-nujorkas-politika","27":"tag-popularakas-zinas","28":"tag-popularakaszinas","29":"tag-top-stories","30":"tag-topstories","31":"tag-vesturiska-ievelesana","32":"tag-zinas","33":"tag-zohrans-mamdani"},"share_on_mastodon":{"url":"https:\/\/pubeurope.com\/@lv\/115519036099325349","error":""},"_links":{"self":[{"href":"https:\/\/www.europesays.com\/lv\/wp-json\/wp\/v2\/posts\/44030","targetHints":{"allow":["GET"]}}],"collection":[{"href":"https:\/\/www.europesays.com\/lv\/wp-json\/wp\/v2\/posts"}],"about":[{"href":"https:\/\/www.europesays.com\/lv\/wp-json\/wp\/v2\/types\/post"}],"author":[{"embeddable":true,"href":"https:\/\/www.europesays.com\/lv\/wp-json\/wp\/v2\/users\/2"}],"replies":[{"embeddable":true,"href":"https:\/\/www.europesays.com\/lv\/wp-json\/wp\/v2\/comments?post=44030"}],"version-history":[{"count":0,"href":"https:\/\/www.europesays.com\/lv\/wp-json\/wp\/v2\/posts\/44030\/revisions"}],"wp:featuredmedia":[{"embeddable":true,"href":"https:\/\/www.europesays.com\/lv\/wp-json\/wp\/v2\/media\/44031"}],"wp:attachment":[{"href":"https:\/\/www.europesays.com\/lv\/wp-json\/wp\/v2\/media?parent=44030"}],"wp:term":[{"taxonomy":"category","embeddable":true,"href":"https:\/\/www.europesays.com\/lv\/wp-json\/wp\/v2\/categories?post=44030"},{"taxonomy":"post_tag","embeddable":true,"href":"https:\/\/www.europesays.com\/lv\/wp-json\/wp\/v2\/tags?post=44030"}],"curies":[{"name":"wp","href":"https:\/\/api.w.org\/{rel}","templated":true}]}}