{"id":44070,"date":"2025-11-09T10:08:07","date_gmt":"2025-11-09T10:08:07","guid":{"rendered":"https:\/\/www.europesays.com\/lv\/44070\/"},"modified":"2025-11-09T10:08:07","modified_gmt":"2025-11-09T10:08:07","slug":"manfreds-vebers-siriesiem-jaatgriezas-sirija","status":"publish","type":"post","link":"https:\/\/www.europesays.com\/lv\/44070\/","title":{"rendered":"Manfr\u0113ds V\u0113bers: S\u012brie\u0161iem j\u0101atgrie\u017eas S\u012brij\u0101"},"content":{"rendered":"<p>&#8220;Tiem, kas sp\u0113j atgriezties S\u012brij\u0101 un pal\u012bdz\u0113t valsts atjauno\u0161an\u0101, j\u0101atst\u0101j V\u0101cija un Eiropa un j\u0101atgrie\u017eas S\u012brij\u0101,&#8221; sv\u0113tdien public\u0113taj\u0101 intervij\u0101 v\u0101cu laikrakstam &#8220;Bild&#8221; nor\u0101d\u012bjis V\u0113bers.<\/p>\n<p>Vi\u0146\u0161 uzsv\u0113ris, ka juridisk\u0101 situ\u0101cija ir nep\u0101rprotama. &#8220;M\u0113s sniedzam pal\u012bdz\u012bbu \u0101rk\u0101rt\u0113j\u0101 situ\u0101cij\u0101, ta\u010du kar\u0161 ir beidzies, jums j\u0101atgrie\u017eas sav\u0101 dzimten\u0113,&#8221; paskaidrojis liel\u0101k\u0101s Eiropas Parlamenta (EP) frakcijas vad\u012bt\u0101js.<\/p>\n<p>Vi\u0146\u0161 tom\u0113r br\u012bdin\u0101jis, ka neb\u016btu nosak\u0101mi stingri termi\u0146i. &#8220;Ja deport\u0101cija pirmaj\u0101 m\u0113nes\u012b nav iesp\u0113jama, jo da\u013ca S\u012brijas joproj\u0101m ir piln\u012bgos gruve\u0161os, tad t\u0101 var\u0113tu b\u016bt iesp\u0113jama n\u0101kamaj\u0101 m\u0113nes\u012b,&#8221; nor\u0101d\u012bjis politi\u0137is. &#8220;Ta\u010du princips galu gal\u0101 ir j\u0101\u012bsteno.&#8221;<\/p>\n<p>V\u0113bers tom\u0113r uzskata, ka s\u012brie\u0161iem, kas labi integr\u0113ju\u0161ies darba tirg\u016b, var\u0113tu piem\u0113rot iz\u0146\u0113mumus.<\/p>\n<p>&#8220;V\u0101cij\u0101 ir daudz s\u012brie\u0161u, kas \u0161eit sniedz lielu ieguld\u012bjumu. Vai m\u0113s patiesi v\u0113lamies visus vi\u0146us nos\u016bt\u012bt atpaka\u013c uz S\u012briju?&#8221; retoriski vaic\u0101jis <a href=\"https:\/\/www.apollo.lv\/term\/438290\/epp\" class=\"topicLink\" target=\"_blank\" rel=\"nofollow noopener\">EPP<\/a> l\u012bderis, nor\u0101dot, ka imigrantiem ir svar\u012bga loma t\u0101d\u0101s nozar\u0113s k\u0101 vesel\u012bbas apr\u016bpe.<\/p>\n<p>V\u0113bers p\u0101rst\u0101v V\u0101cijas kanclera vad\u012bto krist\u012bgo demokr\u0101tu (CDU) Bav\u0101rijas m\u0101saspartiju Krist\u012bgi soci\u0101lo savien\u012bbu (CSU).<\/p>\n","protected":false},"excerpt":{"rendered":"&#8220;Tiem, kas sp\u0113j atgriezties S\u012brij\u0101 un pal\u012bdz\u0113t valsts atjauno\u0161an\u0101, j\u0101atst\u0101j V\u0101cija un Eiropa un j\u0101atgrie\u017eas S\u012brij\u0101,&#8221; sv\u0113tdien public\u0113taj\u0101&hellip;\n","protected":false},"author":2,"featured_media":44071,"comment_status":"","ping_status":"","sticky":false,"template":"","format":"standard","meta":{"footnotes":""},"categories":[14],"tags":[23,57,28,29,12426,32,33,22,30,31,35,39,38,36,37,34,40,12427,20,26,27,6923,24,25,54,55,56,21,58],"class_list":{"0":"post-44070","1":"post","2":"type-post","3":"status-publish","4":"format-standard","5":"has-post-thumbnail","7":"category-zinas-no-arvalstim","8":"tag-aktualitates","9":"tag-arvalstim","10":"tag-breaking-news","11":"tag-breakingnews","12":"tag-epp","13":"tag-featured-news","14":"tag-featurednews","15":"tag-headlines","16":"tag-latest-news","17":"tag-latestnews","18":"tag-latvia","19":"tag-latvian","20":"tag-latviesu","21":"tag-latviesu-valoda","22":"tag-latviesuvaloda","23":"tag-latvija","24":"tag-lv","25":"tag-manfreds-vebers","26":"tag-news","27":"tag-popularakas-zinas","28":"tag-popularakaszinas","29":"tag-sirija","30":"tag-top-stories","31":"tag-topstories","32":"tag-world","33":"tag-world-news","34":"tag-worldnews","35":"tag-zinas","36":"tag-zinas-no-arvalstim"},"share_on_mastodon":{"url":"https:\/\/pubeurope.com\/@lv\/115519193254084243","error":""},"_links":{"self":[{"href":"https:\/\/www.europesays.com\/lv\/wp-json\/wp\/v2\/posts\/44070","targetHints":{"allow":["GET"]}}],"collection":[{"href":"https:\/\/www.europesays.com\/lv\/wp-json\/wp\/v2\/posts"}],"about":[{"href":"https:\/\/www.europesays.com\/lv\/wp-json\/wp\/v2\/types\/post"}],"author":[{"embeddable":true,"href":"https:\/\/www.europesays.com\/lv\/wp-json\/wp\/v2\/users\/2"}],"replies":[{"embeddable":true,"href":"https:\/\/www.europesays.com\/lv\/wp-json\/wp\/v2\/comments?post=44070"}],"version-history":[{"count":0,"href":"https:\/\/www.europesays.com\/lv\/wp-json\/wp\/v2\/posts\/44070\/revisions"}],"wp:featuredmedia":[{"embeddable":true,"href":"https:\/\/www.europesays.com\/lv\/wp-json\/wp\/v2\/media\/44071"}],"wp:attachment":[{"href":"https:\/\/www.europesays.com\/lv\/wp-json\/wp\/v2\/media?parent=44070"}],"wp:term":[{"taxonomy":"category","embeddable":true,"href":"https:\/\/www.europesays.com\/lv\/wp-json\/wp\/v2\/categories?post=44070"},{"taxonomy":"post_tag","embeddable":true,"href":"https:\/\/www.europesays.com\/lv\/wp-json\/wp\/v2\/tags?post=44070"}],"curies":[{"name":"wp","href":"https:\/\/api.w.org\/{rel}","templated":true}]}}