{"id":44278,"date":"2025-11-09T14:46:08","date_gmt":"2025-11-09T14:46:08","guid":{"rendered":"https:\/\/www.europesays.com\/lv\/44278\/"},"modified":"2025-11-09T14:46:08","modified_gmt":"2025-11-09T14:46:08","slug":"asv-valdibas-darbibas-apturesanas-del-aizkavejusas-ierocu-piegades-nato-sabiedrotajiem-un-ukrainai","status":"publish","type":"post","link":"https:\/\/www.europesays.com\/lv\/44278\/","title":{"rendered":"ASV vald\u012bbas darb\u012bbas aptur\u0113\u0161anas d\u0113\u013c aizkav\u0113ju\u0161\u0101s iero\u010du pieg\u0101des NATO sabiedrotajiem un Ukrainai"},"content":{"rendered":"<p>\u201cTas patie\u0161\u0101m nopietni kait\u0113 gan m\u016bsu sabiedrotajiem un partneriem, gan <a href=\"https:\/\/www.tvnet.lv\/term\/555410\/asv\" class=\"topicLink\" target=\"_blank\" rel=\"nofollow noopener\">ASV<\/a> r\u016bpniec\u012bbai, jo tie nevar pieg\u0101d\u0101t daudzus no \u0161iem kritiski svar\u012bgajiem iero\u010diem uz \u0101rzem\u0113m,\u201d sarun\u0101 ar izdevumu nor\u0101d\u012bja Valsts departamenta p\u0101rst\u0101vis. P\u0113c vi\u0146a teikt\u0101, ir aptur\u0113tas ar\u012b AMRAAM ra\u0137e\u0161u, Aegis un HIMARS kaujas sist\u0113mu pieg\u0101des t\u0101d\u0101m valst\u012bm k\u0101 <a href=\"https:\/\/www.tvnet.lv\/term\/555463\/danija\" class=\"topicLink\" target=\"_blank\" rel=\"nofollow noopener\">D\u0101nija<\/a>, Horv\u0101tija un Polija. K\u0101 nor\u0101da Axios, \u0161o iero\u010du gala adres\u0101ts prec\u012bzi nav zin\u0101ms, ta\u010du iero\u010di, kas tiek pieg\u0101d\u0101ti ASV sabiedrotajiem <a href=\"https:\/\/www.tvnet.lv\/term\/9898\/nato\" class=\"topicLink\" target=\"_blank\" rel=\"nofollow noopener\">NATO<\/a>, bie\u017ei tiek p\u0101rs\u016bt\u012bti Ukrainai.<\/p>\n<p>Papildu sare\u017e\u0123\u012bjumi rodas t\u0101d\u0113\u013c, ka Valsts departamenta darbinieki, kuru pien\u0101kumos ietilpst inform\u0113t Kongresa komiteju locek\u013cus un nodro\u0161in\u0101t iero\u010du eksporta procesu, tika nos\u016bt\u012bti bezalgas atva\u013cin\u0101jum\u0101. Oktobr\u012b Valsts departamenta Milit\u0101ro un politisko jaut\u0101jumu biroj\u0101 str\u0101d\u0101ja tikai ceturt\u0101 da\u013ca ier\u0113d\u0146u, kas nodarbojas ar iero\u010du p\u0101rdo\u0161anas jaut\u0101jumiem.<\/p>\n<p>\u201cDemokr\u0101ti kav\u0113 kritiski svar\u012bgas iero\u010du p\u0101rdo\u0161anas, tostarp m\u016bsu NATO sabiedrotajiem, kas kait\u0113 ASV r\u016bpniec\u012bbas b\u0101zei un apdraud m\u016bsu un m\u016bsu partneru dro\u0161\u012bbu,\u201d Axios pazi\u0146oja Valsts departamenta ofici\u0101lais p\u0101rst\u0101vis Tomijs Pigots.<\/p>\n<p>ASV vald\u012bbas darbs ir aptur\u0113ts kop\u0161 oktobra s\u0101kuma, jo vald\u012bba nesp\u0113j vienoties par bud\u017eeta projektu.<\/p>\n<blockquote class=\"twitter-tweet\">\n<p lang=\"en\" dir=\"ltr\">Deliveries of American weapons to NATO allies for Ukraine have been suspended: All because of the shutdown in the US, \u2013 Axios, citing State Department sources.<\/p>\n<p>The suspension affects deliveries of weapons such as AMRAAM missiles, Aegis combat systems, and HIMARS, worth more than\u2026 <a href=\"https:\/\/t.co\/geiBt05PGG\" rel=\"nofollow\">pic.twitter.com\/geiBt05PGG<\/a><\/p>\n<p>\u2014 J\u00fcrgen Nauditt \ud83c\udde9\ud83c\uddea\ud83c\uddfa\ud83c\udde6 (@jurgen_nauditt) <a href=\"https:\/\/twitter.com\/jurgen_nauditt\/status\/1987512566973702325?ref_src=twsrc%5Etfw\" rel=\"nofollow noopener\" target=\"_blank\">November 9, 2025<\/a><\/p><\/blockquote>\n<p><script async src=\"https:\/\/platform.twitter.com\/widgets.js\" charset=\"utf-8\"><\/script><\/p>\n","protected":false},"excerpt":{"rendered":"\u201cTas patie\u0161\u0101m nopietni kait\u0113 gan m\u016bsu sabiedrotajiem un partneriem, gan ASV r\u016bpniec\u012bbai, jo tie nevar pieg\u0101d\u0101t daudzus no&hellip;\n","protected":false},"author":2,"featured_media":44279,"comment_status":"","ping_status":"","sticky":false,"template":"","format":"standard","meta":{"footnotes":""},"categories":[14],"tags":[23,57,292,28,29,1418,32,33,22,74,30,31,35,39,38,36,37,34,40,71,20,26,27,24,25,276,54,55,56,21,58],"class_list":{"0":"post-44278","1":"post","2":"type-post","3":"status-publish","4":"format-standard","5":"has-post-thumbnail","7":"category-zinas-no-arvalstim","8":"tag-aktualitates","9":"tag-arvalstim","10":"tag-asv","11":"tag-breaking-news","12":"tag-breakingnews","13":"tag-danija","14":"tag-featured-news","15":"tag-featurednews","16":"tag-headlines","17":"tag-krievijas-iebrukums-ukraina","18":"tag-latest-news","19":"tag-latestnews","20":"tag-latvia","21":"tag-latvian","22":"tag-latviesu","23":"tag-latviesu-valoda","24":"tag-latviesuvaloda","25":"tag-latvija","26":"tag-lv","27":"tag-nato","28":"tag-news","29":"tag-popularakas-zinas","30":"tag-popularakaszinas","31":"tag-top-stories","32":"tag-topstories","33":"tag-ukraina","34":"tag-world","35":"tag-world-news","36":"tag-worldnews","37":"tag-zinas","38":"tag-zinas-no-arvalstim"},"share_on_mastodon":{"url":"https:\/\/pubeurope.com\/@lv\/115520286419493668","error":""},"_links":{"self":[{"href":"https:\/\/www.europesays.com\/lv\/wp-json\/wp\/v2\/posts\/44278","targetHints":{"allow":["GET"]}}],"collection":[{"href":"https:\/\/www.europesays.com\/lv\/wp-json\/wp\/v2\/posts"}],"about":[{"href":"https:\/\/www.europesays.com\/lv\/wp-json\/wp\/v2\/types\/post"}],"author":[{"embeddable":true,"href":"https:\/\/www.europesays.com\/lv\/wp-json\/wp\/v2\/users\/2"}],"replies":[{"embeddable":true,"href":"https:\/\/www.europesays.com\/lv\/wp-json\/wp\/v2\/comments?post=44278"}],"version-history":[{"count":0,"href":"https:\/\/www.europesays.com\/lv\/wp-json\/wp\/v2\/posts\/44278\/revisions"}],"wp:featuredmedia":[{"embeddable":true,"href":"https:\/\/www.europesays.com\/lv\/wp-json\/wp\/v2\/media\/44279"}],"wp:attachment":[{"href":"https:\/\/www.europesays.com\/lv\/wp-json\/wp\/v2\/media?parent=44278"}],"wp:term":[{"taxonomy":"category","embeddable":true,"href":"https:\/\/www.europesays.com\/lv\/wp-json\/wp\/v2\/categories?post=44278"},{"taxonomy":"post_tag","embeddable":true,"href":"https:\/\/www.europesays.com\/lv\/wp-json\/wp\/v2\/tags?post=44278"}],"curies":[{"name":"wp","href":"https:\/\/api.w.org\/{rel}","templated":true}]}}