{"id":44300,"date":"2025-11-09T15:06:08","date_gmt":"2025-11-09T15:06:08","guid":{"rendered":"https:\/\/www.europesays.com\/lv\/44300\/"},"modified":"2025-11-09T15:06:08","modified_gmt":"2025-11-09T15:06:08","slug":"asv-valdibas-darba-apturesana-aizkave-ierocu-piegades-nato","status":"publish","type":"post","link":"https:\/\/www.europesays.com\/lv\/44300\/","title":{"rendered":"ASV vald\u012bbas darba aptur\u0113\u0161ana aizkav\u0113 iero\u010du pieg\u0101des NATO"},"content":{"rendered":"<p>Vald\u012bbas darba aptur\u0113\u0161anas d\u0113\u013c aiztur\u0113tas iero\u010du pieg\u0101des par vair\u0101k nek\u0101 pieciem miljardiem dol\u0101ru. Taj\u0101 skait\u0101 aptur\u0113tas ra\u0137e\u0161u AMRAAM, iero\u010du sist\u0113mu &#8220;Aegis&#8221; un augstas mobilit\u0101tes artil\u0113rijas ra\u0137e\u0161u sist\u0113mu HIMARS pieg\u0101de D\u0101nijai, Horv\u0101tijai un Polijai.<\/p>\n<p>\u017durn\u0101listi nor\u0101da, ka nav zin\u0101ms, kam paties\u012bb\u0101 \u0161ie <a href=\"https:\/\/www.apollo.lv\/term\/599552\/ieroci\" class=\"topicLink\" target=\"_blank\" rel=\"nofollow noopener\">iero\u010di<\/a> dom\u0101ti, ta\u010du pie\u013cauj, ka vald\u012bbas darba aptur\u0113\u0161ana var\u0113tu ietekm\u0113t milit\u0101ro pal\u012bdz\u012bbu Ukrainai.<\/p>\n<p>K\u0101da augsta ranga Valsts departamenta amatpersona &#8220;Axios&#8221; past\u0101st\u012bjusi, ka oktobr\u012b noda\u013c\u0101, kas nodarbojas ar milit\u0101ri politiskiem jaut\u0101jumiem, str\u0101d\u0101jusi tikai ceturtda\u013ca darbinieku.<\/p>\n<p>Saska\u0146\u0101 ar avota teikto vald\u012bbas darba aptur\u0113\u0161ana nodara kait\u0113jumu gan sabiedrotajiem, gan <a href=\"https:\/\/www.apollo.lv\/term\/555410\/asv\" class=\"topicLink\" target=\"_blank\" rel=\"nofollow noopener\">ASV<\/a> r\u016bpniec\u012bbai, kas pieg\u0101d\u0101 \u0101rvalst\u012bm lielu da\u013cu no kritiski svar\u012bg\u0101 bru\u0146ojuma.<\/p>\n","protected":false},"excerpt":{"rendered":"Vald\u012bbas darba aptur\u0113\u0161anas d\u0113\u013c aiztur\u0113tas iero\u010du pieg\u0101des par vair\u0101k nek\u0101 pieciem miljardiem dol\u0101ru. Taj\u0101 skait\u0101 aptur\u0113tas ra\u0137e\u0161u AMRAAM,&hellip;\n","protected":false},"author":2,"featured_media":44301,"comment_status":"","ping_status":"","sticky":false,"template":"","format":"standard","meta":{"footnotes":""},"categories":[5],"tags":[23,292,28,29,32,33,22,1671,30,31,35,39,38,36,37,34,40,71,20,26,27,24,25,21],"class_list":{"0":"post-44300","1":"post","2":"type-post","3":"status-publish","4":"format-standard","5":"has-post-thumbnail","7":"category-aktualitates","8":"tag-aktualitates","9":"tag-asv","10":"tag-breaking-news","11":"tag-breakingnews","12":"tag-featured-news","13":"tag-featurednews","14":"tag-headlines","15":"tag-ieroci","16":"tag-latest-news","17":"tag-latestnews","18":"tag-latvia","19":"tag-latvian","20":"tag-latviesu","21":"tag-latviesu-valoda","22":"tag-latviesuvaloda","23":"tag-latvija","24":"tag-lv","25":"tag-nato","26":"tag-news","27":"tag-popularakas-zinas","28":"tag-popularakaszinas","29":"tag-top-stories","30":"tag-topstories","31":"tag-zinas"},"share_on_mastodon":{"url":"","error":""},"_links":{"self":[{"href":"https:\/\/www.europesays.com\/lv\/wp-json\/wp\/v2\/posts\/44300","targetHints":{"allow":["GET"]}}],"collection":[{"href":"https:\/\/www.europesays.com\/lv\/wp-json\/wp\/v2\/posts"}],"about":[{"href":"https:\/\/www.europesays.com\/lv\/wp-json\/wp\/v2\/types\/post"}],"author":[{"embeddable":true,"href":"https:\/\/www.europesays.com\/lv\/wp-json\/wp\/v2\/users\/2"}],"replies":[{"embeddable":true,"href":"https:\/\/www.europesays.com\/lv\/wp-json\/wp\/v2\/comments?post=44300"}],"version-history":[{"count":0,"href":"https:\/\/www.europesays.com\/lv\/wp-json\/wp\/v2\/posts\/44300\/revisions"}],"wp:featuredmedia":[{"embeddable":true,"href":"https:\/\/www.europesays.com\/lv\/wp-json\/wp\/v2\/media\/44301"}],"wp:attachment":[{"href":"https:\/\/www.europesays.com\/lv\/wp-json\/wp\/v2\/media?parent=44300"}],"wp:term":[{"taxonomy":"category","embeddable":true,"href":"https:\/\/www.europesays.com\/lv\/wp-json\/wp\/v2\/categories?post=44300"},{"taxonomy":"post_tag","embeddable":true,"href":"https:\/\/www.europesays.com\/lv\/wp-json\/wp\/v2\/tags?post=44300"}],"curies":[{"name":"wp","href":"https:\/\/api.w.org\/{rel}","templated":true}]}}