{"id":44310,"date":"2025-11-09T15:17:16","date_gmt":"2025-11-09T15:17:16","guid":{"rendered":"https:\/\/www.europesays.com\/lv\/44310\/"},"modified":"2025-11-09T15:17:16","modified_gmt":"2025-11-09T15:17:16","slug":"video-%e2%9f%a9-rezekne-sergejam-neizdevas-glabt-piemajas-diki-slikstoso-draugu","status":"publish","type":"post","link":"https:\/\/www.europesays.com\/lv\/44310\/","title":{"rendered":"VIDEO \u27e9 R\u0113zekn\u0113 Sergejam neizdev\u0101s gl\u0101bt piem\u0101jas d\u012b\u0137\u012b sl\u012bksto\u0161o draugu"},"content":{"rendered":"<p>Sergejs past\u0101sta, ka viss s\u0101k\u0101s ar Igora v\u0113lmi atst\u0101t savu sp\u0113kratu autoservis\u0101. Meistars tobr\u012bd nebija uz vietas, t\u0101p\u0113c v\u012brietis nol\u0113ma nedaudz pagaid\u012bt pie turpat blakus dz\u012bvojo\u0161\u0101 drauga.<\/p>\n<p>Vi\u0146a pl\u0101ns bijis nedaudz iedzert un tad aizvest ma\u0161\u012bnu l\u012bdz servisam. Sergejs aicin\u0101ja biedru nomain\u012bt sec\u012bbu.<\/p>\n<p>T\u0101 nu abi atp\u016bt\u0101s, dzerot alkoholu, l\u012bdz pien\u0101ca br\u012bdis Igoram vest auto uz servisu. Vi\u0146\u0161 s\u0113d\u0101s pie sp\u0113krata st\u016bres un iesl\u0113dza atpaka\u013cgaitu.<\/p>\n<p>&#8220;Es izg\u0101ju \u0101r\u0101, dom\u0101ju, ma\u0161\u012bna b\u016bs izgroz\u012bjusies, bet n\u0113. Tad skatos, ma\u0161\u012bna jau ir lej\u0101,&#8221; atminas Sergejs. <a href=\"https:\/\/www.apollo.lv\/term\/637043\/automasina\" class=\"topicLink\" target=\"_blank\" rel=\"nofollow noopener\">Automa\u0161\u012bna<\/a> iekrita d\u012b\u0137\u012b. Sergejs skr\u0113ja gl\u0101bt drauga dz\u012bv\u012bbu. &#8220;Un tad ma\u0161\u012bna s\u0101ka peld\u0113t. Es vi\u0146u grib\u0113ju aiz\u0137ert ar virvi aiz \u0101\u0137a, bet \u0101\u0137a tur nebija. L\u016bk!&#8221;<\/p>\n<p>P\u0113c neveiksm\u012bg\u0101 gl\u0101b\u0161anas m\u0113\u0123in\u0101juma Sergejs izpeld\u0113ja krast\u0101, kad jau ierad\u0101s ugunsdz\u0113s\u0113ji.<\/p>\n<p>Vair\u0101k skatieties si\u017eet\u0101!<\/p>\n","protected":false},"excerpt":{"rendered":"Sergejs past\u0101sta, ka viss s\u0101k\u0101s ar Igora v\u0113lmi atst\u0101t savu sp\u0113kratu autoservis\u0101. Meistars tobr\u012bd nebija uz vietas, t\u0101p\u0113c&hellip;\n","protected":false},"author":2,"featured_media":44311,"comment_status":"","ping_status":"","sticky":false,"template":"","format":"standard","meta":{"footnotes":""},"categories":[12],"tags":[23,3303,28,29,12472,32,33,22,30,31,35,39,38,36,37,34,40,20,26,27,24,25,2425,21],"class_list":{"0":"post-44310","1":"post","2":"type-post","3":"status-publish","4":"format-standard","5":"has-post-thumbnail","7":"category-latvija","8":"tag-aktualitates","9":"tag-automasina","10":"tag-breaking-news","11":"tag-breakingnews","12":"tag-dikis","13":"tag-featured-news","14":"tag-featurednews","15":"tag-headlines","16":"tag-latest-news","17":"tag-latestnews","18":"tag-latvia","19":"tag-latvian","20":"tag-latviesu","21":"tag-latviesu-valoda","22":"tag-latviesuvaloda","23":"tag-latvija","24":"tag-lv","25":"tag-news","26":"tag-popularakas-zinas","27":"tag-popularakaszinas","28":"tag-top-stories","29":"tag-topstories","30":"tag-tragedija","31":"tag-zinas"},"share_on_mastodon":{"url":"https:\/\/pubeurope.com\/@lv\/115520408419766606","error":""},"_links":{"self":[{"href":"https:\/\/www.europesays.com\/lv\/wp-json\/wp\/v2\/posts\/44310","targetHints":{"allow":["GET"]}}],"collection":[{"href":"https:\/\/www.europesays.com\/lv\/wp-json\/wp\/v2\/posts"}],"about":[{"href":"https:\/\/www.europesays.com\/lv\/wp-json\/wp\/v2\/types\/post"}],"author":[{"embeddable":true,"href":"https:\/\/www.europesays.com\/lv\/wp-json\/wp\/v2\/users\/2"}],"replies":[{"embeddable":true,"href":"https:\/\/www.europesays.com\/lv\/wp-json\/wp\/v2\/comments?post=44310"}],"version-history":[{"count":0,"href":"https:\/\/www.europesays.com\/lv\/wp-json\/wp\/v2\/posts\/44310\/revisions"}],"wp:featuredmedia":[{"embeddable":true,"href":"https:\/\/www.europesays.com\/lv\/wp-json\/wp\/v2\/media\/44311"}],"wp:attachment":[{"href":"https:\/\/www.europesays.com\/lv\/wp-json\/wp\/v2\/media?parent=44310"}],"wp:term":[{"taxonomy":"category","embeddable":true,"href":"https:\/\/www.europesays.com\/lv\/wp-json\/wp\/v2\/categories?post=44310"},{"taxonomy":"post_tag","embeddable":true,"href":"https:\/\/www.europesays.com\/lv\/wp-json\/wp\/v2\/tags?post=44310"}],"curies":[{"name":"wp","href":"https:\/\/api.w.org\/{rel}","templated":true}]}}